{"id":9997,"date":"2025-08-08T18:44:13","date_gmt":"2025-08-08T22:44:13","guid":{"rendered":"https:\/\/reporteoficial.net\/?p=9997"},"modified":"2025-08-08T18:44:13","modified_gmt":"2025-08-08T22:44:13","slug":"luigui-lopez-conquista-suelo-colombiano-junto-a-pasaporte-aventurero-7-dias-de-pura-aventura-cultura-y-adrenalina-en-medellin","status":"publish","type":"post","link":"https:\/\/reporteoficial.net\/index.php\/2025\/08\/08\/luigui-lopez-conquista-suelo-colombiano-junto-a-pasaporte-aventurero-7-dias-de-pura-aventura-cultura-y-adrenalina-en-medellin\/","title":{"rendered":"Luigui L\u00f3pez conquista suelo colombiano junto a Pasaporte Aventurero: 7 d\u00edas de pura aventura, cultura y adrenalina en Medell\u00edn"},"content":{"rendered":"\n<p>Medell\u00edn, Colombia \u2013 El creador de contenido Luigui L\u00f3pez y su equipo de Pasaporte Aventurero llegaron a suelo colombiano con una sola misi\u00f3n: vivir y mostrar lo mejor de Medell\u00edn al mundo. Durante siete d\u00edas, el equipo dominicano se sumergi\u00f3 en una experiencia intensa llena de adrenalina, cultura, sabor y color, en lo que fue su primer recorrido como equipo en esta ciudad vibrante y en constante transformaci\u00f3n.<\/p>\n\n\n\n<p>Desde las alturas hasta el coraz\u00f3n urbano de Medell\u00edn, la traves\u00eda incluy\u00f3 un emocionante vuelo en parapente, donde las monta\u00f1as paisas ofrecieron postales inolvidables. Tambi\u00e9n exploraron la riqueza de la gastronom\u00eda local, descubriendo sabores \u00fanicos que forman parte del alma antioque\u00f1a.<\/p>\n\n\n\n<figure class=\"wp-block-gallery has-nested-images columns-default is-cropped wp-block-gallery-1 is-layout-flex wp-block-gallery-is-layout-flex\">\n<figure class=\"wp-block-image size-large\"><img fetchpriority=\"high\" decoding=\"async\" width=\"1024\" height=\"1537\" data-id=\"10000\" src=\"https:\/\/reporteoficial.net\/wp-content\/uploads\/2025\/08\/Unknown-1-40-1024x1537.jpeg\" alt=\"\" class=\"wp-image-10000\" srcset=\"https:\/\/reporteoficial.net\/wp-content\/uploads\/2025\/08\/Unknown-1-40-1024x1537.jpeg 1024w, https:\/\/reporteoficial.net\/wp-content\/uploads\/2025\/08\/Unknown-1-40-300x450.jpeg 300w, https:\/\/reporteoficial.net\/wp-content\/uploads\/2025\/08\/Unknown-1-40-200x300.jpeg 200w, https:\/\/reporteoficial.net\/wp-content\/uploads\/2025\/08\/Unknown-1-40-768x1153.jpeg 768w, https:\/\/reporteoficial.net\/wp-content\/uploads\/2025\/08\/Unknown-1-40-1023x1536.jpeg 1023w, https:\/\/reporteoficial.net\/wp-content\/uploads\/2025\/08\/Unknown-1-40-480x720.jpeg 480w, https:\/\/reporteoficial.net\/wp-content\/uploads\/2025\/08\/Unknown-1-40.jpeg 1066w\" sizes=\"(max-width: 1024px) 100vw, 1024px\" \/><\/figure>\n\n\n\n<figure class=\"wp-block-image size-large\"><img decoding=\"async\" width=\"1024\" height=\"1537\" data-id=\"10001\" src=\"https:\/\/reporteoficial.net\/wp-content\/uploads\/2025\/08\/Unknown-2-18-1024x1537.jpeg\" alt=\"\" class=\"wp-image-10001\" srcset=\"https:\/\/reporteoficial.net\/wp-content\/uploads\/2025\/08\/Unknown-2-18-1024x1537.jpeg 1024w, https:\/\/reporteoficial.net\/wp-content\/uploads\/2025\/08\/Unknown-2-18-300x450.jpeg 300w, https:\/\/reporteoficial.net\/wp-content\/uploads\/2025\/08\/Unknown-2-18-200x300.jpeg 200w, https:\/\/reporteoficial.net\/wp-content\/uploads\/2025\/08\/Unknown-2-18-768x1153.jpeg 768w, https:\/\/reporteoficial.net\/wp-content\/uploads\/2025\/08\/Unknown-2-18-1023x1536.jpeg 1023w, https:\/\/reporteoficial.net\/wp-content\/uploads\/2025\/08\/Unknown-2-18-480x720.jpeg 480w, https:\/\/reporteoficial.net\/wp-content\/uploads\/2025\/08\/Unknown-2-18.jpeg 1066w\" sizes=\"(max-width: 1024px) 100vw, 1024px\" \/><\/figure>\n<\/figure>\n\n\n\n<p>Uno de los momentos m\u00e1s impactantes fue la visita a la emblem\u00e1tica Comuna 13, un s\u00edmbolo de resiliencia y arte urbano. Sus murales, escaleras el\u00e9ctricas y el calor humano de sus calles dejaron una huella profunda en todo el equipo. Tambi\u00e9n se dejaron llevar por el Tranv\u00eda de Medell\u00edn y recorrieron zonas hist\u00f3ricas llenas de vida, color y m\u00fasica.<\/p>\n\n\n\n<p>La experiencia se elev\u00f3 a\u00fan m\u00e1s con la celebraci\u00f3n de la Semana de las Flores, uno de los eventos culturales m\u00e1s importantes de Medell\u00edn. Entre silleteros, desfiles, m\u00fasica y arte, Luigui y su equipo vivieron de cerca esta tradici\u00f3n que exalta el alma floral y festiva de la ciudad.<\/p>\n\n\n\n<p>Adem\u00e1s, visitaron el majestuoso Pe\u00f1ol de Guatap\u00e9 y exploraron el pueblo de Guatap\u00e9, reconocido por sus casas coloridas y su atm\u00f3sfera de cuento.<\/p>\n\n\n\n<p>Durante toda la semana, Pasaporte Aventurero cre\u00f3 contenido audiovisual para mostrar al mundo cada rinc\u00f3n visitado, destacando hoteles, restaurantes, atracciones y experiencias que hacen de Medell\u00edn un destino imperdible para turistas y creadores de contenido.<\/p>\n\n\n\n<p>Luigui L\u00f3pez y su equipo abren un nuevo cap\u00edtulo en su trayectoria, posicionando a Medell\u00edn como una puerta abierta a la aventura, la cultura y la creatividad.<\/p>\n","protected":false},"excerpt":{"rendered":"<p>Medell\u00edn, Colombia \u2013 El creador de contenido Luigui L\u00f3pez y su equipo de Pasaporte Aventurero llegaron a suelo colombiano con una sola misi\u00f3n: vivir y mostrar lo mejor de Medell\u00edn al mundo. Durante siete d\u00edas, el equipo dominicano se sumergi\u00f3 en una experiencia intensa llena de adrenalina, cultura, sabor y color, en lo que fue su primer recorrido como equipo en esta ciudad vibrante y en constante transformaci\u00f3n. Desde las alturas hasta el coraz\u00f3n urbano de Medell\u00edn, la traves\u00eda incluy\u00f3 un emocionante vuelo en parapente, donde las monta\u00f1as paisas ofrecieron postales inolvidables. Tambi\u00e9n exploraron la riqueza de la gastronom\u00eda local, descubriendo sabores \u00fanicos que forman parte del alma antioque\u00f1a. Uno de los momentos m\u00e1s impactantes fue la visita a la emblem\u00e1tica Comuna 13, un s\u00edmbolo de resiliencia y arte urbano. Sus murales, escaleras el\u00e9ctricas y el calor humano de sus calles dejaron una huella profunda en todo el equipo. Tambi\u00e9n se dejaron llevar por el Tranv\u00eda de Medell\u00edn y recorrieron zonas hist\u00f3ricas llenas de vida, color y m\u00fasica. La experiencia se elev\u00f3 a\u00fan m\u00e1s con la celebraci\u00f3n de la Semana de las Flores, uno de los eventos culturales m\u00e1s importantes de Medell\u00edn. Entre silleteros, desfiles, m\u00fasica y arte, Luigui y &hellip;<\/p>\n","protected":false},"author":1,"featured_media":9998,"comment_status":"open","ping_status":"open","sticky":false,"template":"","format":"standard","meta":{"footnotes":""},"categories":[260],"tags":[554,1274,100,186],"class_list":["post-9997","post","type-post","status-publish","format-standard","has-post-thumbnail","hentry","category-turismo","tag-colombia","tag-medellin-2","tag-noticias","tag-viajes"],"acf":[],"_links":{"self":[{"href":"https:\/\/reporteoficial.net\/index.php\/wp-json\/wp\/v2\/posts\/9997","targetHints":{"allow":["GET"]}}],"collection":[{"href":"https:\/\/reporteoficial.net\/index.php\/wp-json\/wp\/v2\/posts"}],"about":[{"href":"https:\/\/reporteoficial.net\/index.php\/wp-json\/wp\/v2\/types\/post"}],"author":[{"embeddable":true,"href":"https:\/\/reporteoficial.net\/index.php\/wp-json\/wp\/v2\/users\/1"}],"replies":[{"embeddable":true,"href":"https:\/\/reporteoficial.net\/index.php\/wp-json\/wp\/v2\/comments?post=9997"}],"version-history":[{"count":1,"href":"https:\/\/reporteoficial.net\/index.php\/wp-json\/wp\/v2\/posts\/9997\/revisions"}],"predecessor-version":[{"id":10002,"href":"https:\/\/reporteoficial.net\/index.php\/wp-json\/wp\/v2\/posts\/9997\/revisions\/10002"}],"wp:featuredmedia":[{"embeddable":true,"href":"https:\/\/reporteoficial.net\/index.php\/wp-json\/wp\/v2\/media\/9998"}],"wp:attachment":[{"href":"https:\/\/reporteoficial.net\/index.php\/wp-json\/wp\/v2\/media?parent=9997"}],"wp:term":[{"taxonomy":"category","embeddable":true,"href":"https:\/\/reporteoficial.net\/index.php\/wp-json\/wp\/v2\/categories?post=9997"},{"taxonomy":"post_tag","embeddable":true,"href":"https:\/\/reporteoficial.net\/index.php\/wp-json\/wp\/v2\/tags?post=9997"}],"curies":[{"name":"wp","href":"https:\/\/api.w.org\/{rel}","templated":true}]}}