{"id":9488,"date":"2025-07-24T14:25:19","date_gmt":"2025-07-24T18:25:19","guid":{"rendered":"https:\/\/reporteoficial.net\/?p=9488"},"modified":"2025-07-24T14:25:20","modified_gmt":"2025-07-24T18:25:20","slug":"el-retrato-de-dorian-gray","status":"publish","type":"post","link":"https:\/\/reporteoficial.net\/index.php\/2025\/07\/24\/el-retrato-de-dorian-gray\/","title":{"rendered":"El retrato de Dorian Gray"},"content":{"rendered":"\n<p>Cr\u00edtica de teatro<\/p>\n\n\n\n<p><strong>Uno de los grandes sucesos teatrales de 2025 que evidencian que el teatro dominicano cuenta con un p\u00fablico consciente, exigente y comprometido<\/strong><\/p>\n\n\n\n<p>Jos\u00e9 Rafael Sosa<\/p>\n\n\n\n<p>Santo Domingo.- Hay teatro. Hay mal teatro. Hay buen teatro. Hay teatro excepcionalmente bueno. Hay obras que se convierten en experiencias inolvidables. Y luego est\u00e1\u2026\u00a0<em>El retrato de Dorian Gray<\/em>.<\/p>\n\n\n\n<p>Cuando supimos \u2014gracias a los maravillosos gestos de la casualidad\u2014 que se preparaba la presentaci\u00f3n de este montaje, nos asalt\u00f3 la certeza de que lo que vendr\u00eda ser\u00eda un suceso para la escena teatral dominicana. Y as\u00ed ha sido.<\/p>\n\n\n\n<figure class=\"wp-block-image size-large\"><img fetchpriority=\"high\" decoding=\"async\" width=\"1024\" height=\"652\" src=\"https:\/\/reporteoficial.net\/wp-content\/uploads\/2025\/07\/Imagen-de-WhatsApp-2025-07-24-a-las-13.51.39_7cfb7993-1024x652.jpg\" alt=\"\" class=\"wp-image-9490\" srcset=\"https:\/\/reporteoficial.net\/wp-content\/uploads\/2025\/07\/Imagen-de-WhatsApp-2025-07-24-a-las-13.51.39_7cfb7993-1024x652.jpg 1024w, https:\/\/reporteoficial.net\/wp-content\/uploads\/2025\/07\/Imagen-de-WhatsApp-2025-07-24-a-las-13.51.39_7cfb7993-300x191.jpg 300w, https:\/\/reporteoficial.net\/wp-content\/uploads\/2025\/07\/Imagen-de-WhatsApp-2025-07-24-a-las-13.51.39_7cfb7993-200x127.jpg 200w, https:\/\/reporteoficial.net\/wp-content\/uploads\/2025\/07\/Imagen-de-WhatsApp-2025-07-24-a-las-13.51.39_7cfb7993-768x489.jpg 768w, https:\/\/reporteoficial.net\/wp-content\/uploads\/2025\/07\/Imagen-de-WhatsApp-2025-07-24-a-las-13.51.39_7cfb7993-480x305.jpg 480w, https:\/\/reporteoficial.net\/wp-content\/uploads\/2025\/07\/Imagen-de-WhatsApp-2025-07-24-a-las-13.51.39_7cfb7993.jpg 1232w\" sizes=\"(max-width: 1024px) 100vw, 1024px\" \/><\/figure>\n\n\n\n<p>Este montaje nos ha deslumbrado en cada uno de sus parlamentos, nacidos de una creatividad literaria superior, de un autor que \u2014<strong>Oscar Wilde<\/strong>\u2014.&nbsp;El autor&nbsp;es un ser escapado a voluntad de los esquemas y estereotipos que&nbsp;establec\u00edan&nbsp;la normalidad de su \u00e9poca, y cuya obra ha trascendido hasta los l\u00edmites de la existencia f\u00edsica.<\/p>\n\n\n\n<p>Como producci\u00f3n esc\u00e9nica,&nbsp;<em>El retrato de Dorian Gray<\/em>&nbsp;es impecable en cada aspecto: una selecci\u00f3n precisa del texto \u2014la \u00fanica novela de Wilde\u2014, una cuidada adaptaci\u00f3n, la direcci\u00f3n de&nbsp;<strong>Manuel Chapuseaux<\/strong>, y una determinaci\u00f3n acertada en la elecci\u00f3n de los talentos. Destaca la sorprendente decisi\u00f3n de convocar a&nbsp;<strong>Giamilka Rom\u00e1n<\/strong>&nbsp;(como Dorian Gray) para interpretar un papel masculino, as\u00ed como la elegante y sarc\u00e1stica fluidez de&nbsp;<strong>Jos\u00e9 Roberto D\u00edaz<\/strong>&nbsp;(como el ir\u00f3nico y expresivamente denso Lord Henry Wotton) y la firme interpretaci\u00f3n del joven actor&nbsp;<strong>Jovany Pep\u00edn<\/strong>&nbsp;(como el pintor Basil Hallward). El vestuario de \u00e9poca, cuidadosamente dise\u00f1ado y confeccionado (aunque con algunos detalles perfectibles), completa el cuadro visual.<\/p>\n\n\n\n<p>A ellos se une&nbsp;<strong>Cindy Gal\u00e1n<\/strong>&nbsp;(como Sibyl Vane y&nbsp;<em>El Retrato<\/em>), quien vuelve a confirmar su compromiso con la escena en dos roles que, aunque parecen secundarios, poseen una trascendencia que va m\u00e1s all\u00e1 de lo que sugiere la ficha t\u00e9cnica.<\/p>\n\n\n\n<p><strong>Giamilka Rom\u00e1n<\/strong>, actriz y productora de amplia trayectoria, asumi\u00f3 este reto y ofrece una caracterizaci\u00f3n que llena el escenario.&nbsp; Su rictus actoral impacta y conecta con la platea. Brillante, simplemente brillante, la forma en que transmite los parlamentos de la novela de Wilde.<\/p>\n\n\n\n<p><strong>Jos\u00e9 Roberto D\u00edaz<\/strong>&nbsp;asume un protagonismo igualmente brillante, gracias a la fuerza de sus textos y el dominio gestual de su personaje.<\/p>\n\n\n\n<p>La coreograf\u00eda teatral, bajo la responsabilidad de&nbsp;<strong>Mar\u00eda Emilia Garc\u00eda Portela<\/strong>, adquiere una importancia determinante en el desenlace, con una danza simb\u00f3lica que resuelve de forma inteligente el final de la historia. Todos los que conocemos la novela nos pregunt\u00e1bamos cu\u00e1l soluci\u00f3n esc\u00e9nica se elegir\u00eda. La respuesta es tan est\u00e9tica como efectiva.<\/p>\n\n\n\n<p>El dise\u00f1o de iluminaci\u00f3n de&nbsp;<strong>Lillyana D\u00edaz<\/strong>&nbsp;hace un silencioso pero contundente aporte a las densidades dram\u00e1ticas del montaje.<\/p>\n\n\n\n<p>Las funciones de esta obra, que vuelve a escena el pr\u00f3ximo fin de semana, han tenido tal demanda que se encuentran casi agotadas, al punto de que debi\u00f3 abrirse una venta adicional.<\/p>\n\n\n\n<p><em>El retrato de Dorian Gray<\/em>&nbsp;es uno de los grandes sucesos teatrales de 2025 y se suma a una constelaci\u00f3n de producciones que evidencian que el teatro dominicano cuenta con un p\u00fablico consciente y comprometido que respalda este quehacer art\u00edstico.&nbsp;<\/p>\n","protected":false},"excerpt":{"rendered":"<p>Escena de El retrato de Dorian Gray<\/p>\n","protected":false},"author":1,"featured_media":9489,"comment_status":"open","ping_status":"open","sticky":false,"template":"","format":"standard","meta":{"footnotes":""},"categories":[139],"tags":[112,1130,1131,664,151],"class_list":["post-9488","post","type-post","status-publish","format-standard","has-post-thumbnail","hentry","category-arte","tag-arte","tag-critica","tag-jose-rafael-sosa","tag-santo-domingo","tag-teatro"],"acf":[],"_links":{"self":[{"href":"https:\/\/reporteoficial.net\/index.php\/wp-json\/wp\/v2\/posts\/9488","targetHints":{"allow":["GET"]}}],"collection":[{"href":"https:\/\/reporteoficial.net\/index.php\/wp-json\/wp\/v2\/posts"}],"about":[{"href":"https:\/\/reporteoficial.net\/index.php\/wp-json\/wp\/v2\/types\/post"}],"author":[{"embeddable":true,"href":"https:\/\/reporteoficial.net\/index.php\/wp-json\/wp\/v2\/users\/1"}],"replies":[{"embeddable":true,"href":"https:\/\/reporteoficial.net\/index.php\/wp-json\/wp\/v2\/comments?post=9488"}],"version-history":[{"count":1,"href":"https:\/\/reporteoficial.net\/index.php\/wp-json\/wp\/v2\/posts\/9488\/revisions"}],"predecessor-version":[{"id":9491,"href":"https:\/\/reporteoficial.net\/index.php\/wp-json\/wp\/v2\/posts\/9488\/revisions\/9491"}],"wp:featuredmedia":[{"embeddable":true,"href":"https:\/\/reporteoficial.net\/index.php\/wp-json\/wp\/v2\/media\/9489"}],"wp:attachment":[{"href":"https:\/\/reporteoficial.net\/index.php\/wp-json\/wp\/v2\/media?parent=9488"}],"wp:term":[{"taxonomy":"category","embeddable":true,"href":"https:\/\/reporteoficial.net\/index.php\/wp-json\/wp\/v2\/categories?post=9488"},{"taxonomy":"post_tag","embeddable":true,"href":"https:\/\/reporteoficial.net\/index.php\/wp-json\/wp\/v2\/tags?post=9488"}],"curies":[{"name":"wp","href":"https:\/\/api.w.org\/{rel}","templated":true}]}}