{"id":9440,"date":"2025-07-07T12:03:01","date_gmt":"2025-07-07T16:03:01","guid":{"rendered":"https:\/\/reporteoficial.net\/?p=9440"},"modified":"2025-07-07T12:03:02","modified_gmt":"2025-07-07T16:03:02","slug":"natalia-echavarria-coronada-como-reina-senora-joven-antioquia-universo-2025","status":"publish","type":"post","link":"https:\/\/reporteoficial.net\/index.php\/2025\/07\/07\/natalia-echavarria-coronada-como-reina-senora-joven-antioquia-universo-2025\/","title":{"rendered":"Natalia Echavarr\u00eda, coronada como Reina Se\u00f1ora Joven Antioquia Universo 2025"},"content":{"rendered":"\n<p>Una mujer aut\u00e9ntica que transforma vidas con amor propio, empoderamiento y ra\u00edces culturales.<\/p>\n\n\n\n<p>Antioquia\u2014 La antioque\u00f1a Natalia Echavarr\u00eda Quintero fue coronada recientemente como Reina Se\u00f1ora Joven Antioquia Universo 2025, en un certamen que exalt\u00f3 no solo la belleza, sino tambi\u00e9n el liderazgo, la autenticidad y la conexi\u00f3n con las ra\u00edces culturales.<\/p>\n\n\n\n<p>Representando al municipio de Copacabana, donde reside actualmente, Natalia se destac\u00f3 desde el inicio por su carisma, fortaleza emocional y un mensaje claro de empoderamiento femenino. Su participaci\u00f3n fue aplaudida por el jurado y el p\u00fablico, especialmente durante la presentaci\u00f3n de su traje t\u00edpico, dise\u00f1ado por Jemima Londo\u00f1o, una pieza que evoc\u00f3 el alma, los colores y la esencia cultural del municipio copacabanense.<\/p>\n\n\n\n<figure class=\"wp-block-image size-large\"><img fetchpriority=\"high\" decoding=\"async\" width=\"1024\" height=\"1537\" src=\"https:\/\/reporteoficial.net\/wp-content\/uploads\/2025\/07\/WhatsApp-Image-2025-07-07-at-12.01.27-1024x1537.jpeg\" alt=\"\" class=\"wp-image-9442\" srcset=\"https:\/\/reporteoficial.net\/wp-content\/uploads\/2025\/07\/WhatsApp-Image-2025-07-07-at-12.01.27-1024x1537.jpeg 1024w, https:\/\/reporteoficial.net\/wp-content\/uploads\/2025\/07\/WhatsApp-Image-2025-07-07-at-12.01.27-300x450.jpeg 300w, https:\/\/reporteoficial.net\/wp-content\/uploads\/2025\/07\/WhatsApp-Image-2025-07-07-at-12.01.27-200x300.jpeg 200w, https:\/\/reporteoficial.net\/wp-content\/uploads\/2025\/07\/WhatsApp-Image-2025-07-07-at-12.01.27-768x1153.jpeg 768w, https:\/\/reporteoficial.net\/wp-content\/uploads\/2025\/07\/WhatsApp-Image-2025-07-07-at-12.01.27-1023x1536.jpeg 1023w, https:\/\/reporteoficial.net\/wp-content\/uploads\/2025\/07\/WhatsApp-Image-2025-07-07-at-12.01.27-480x720.jpeg 480w, https:\/\/reporteoficial.net\/wp-content\/uploads\/2025\/07\/WhatsApp-Image-2025-07-07-at-12.01.27.jpeg 1066w\" sizes=\"(max-width: 1024px) 100vw, 1024px\" \/><\/figure>\n\n\n\n<p>Adem\u00e1s de su papel como reina, Natalia es actriz, modelo, creadora de contenido y emprendedora. Es madre de dos adolescentes y fundadora del proyecto \u201cYo Amo Mis Rizos\u201d, una iniciativa social que ha impactado a cientos de mujeres, invit\u00e1ndolas a reconectarse con su identidad natural, valorando su cabello rizado y promoviendo el amor propio como base de cualquier transformaci\u00f3n.<\/p>\n\n\n\n<p>\u201cVengo del campo, pero mis sue\u00f1os no tienen l\u00edmites. Estoy aqu\u00ed para recordarle a otras mujeres que s\u00ed se puede\u201d, expresa con emoci\u00f3n la reina antioque\u00f1a, quien contin\u00faa rompiendo estereotipos y abriendo caminos.<\/p>\n\n\n\n<p>Natalia se prepara ahora para representar a Antioquia en el certamen nacional Se\u00f1ora Reina Universo Colombia, que se celebrar\u00e1 en la ciudad de Cartagena del 23 al 27 de julio de 2025. Paralelamente, trabaja con entusiasmo en su sue\u00f1o art\u00edstico: convertirse en cantante de m\u00fasica popular y llevar su voz \u2014literal y simb\u00f3licamente\u2014 a escenarios de todo el pa\u00eds.<\/p>\n\n\n\n<p>Con su historia, Natalia Echavarr\u00eda se posiciona como un referente de inspiraci\u00f3n, resiliencia y prop\u00f3sito, record\u00e1ndole a Colombia que los sue\u00f1os no conocen l\u00edmites cuando se construyen desde el coraz\u00f3n.<\/p>\n","protected":false},"excerpt":{"rendered":"<p>Una mujer aut\u00e9ntica que transforma vidas con amor propio, empoderamiento y ra\u00edces culturales. Antioquia\u2014 La antioque\u00f1a Natalia Echavarr\u00eda Quintero fue coronada recientemente como Reina Se\u00f1ora Joven Antioquia Universo 2025, en un certamen que exalt\u00f3 no solo la belleza, sino tambi\u00e9n el liderazgo, la autenticidad y la conexi\u00f3n con las ra\u00edces culturales. Representando al municipio de Copacabana, donde reside actualmente, Natalia se destac\u00f3 desde el inicio por su carisma, fortaleza emocional y un mensaje claro de empoderamiento femenino. Su participaci\u00f3n fue aplaudida por el jurado y el p\u00fablico, especialmente durante la presentaci\u00f3n de su traje t\u00edpico, dise\u00f1ado por Jemima Londo\u00f1o, una pieza que evoc\u00f3 el alma, los colores y la esencia cultural del municipio copacabanense. Adem\u00e1s de su papel como reina, Natalia es actriz, modelo, creadora de contenido y emprendedora. Es madre de dos adolescentes y fundadora del proyecto \u201cYo Amo Mis Rizos\u201d, una iniciativa social que ha impactado a cientos de mujeres, invit\u00e1ndolas a reconectarse con su identidad natural, valorando su cabello rizado y promoviendo el amor propio como base de cualquier transformaci\u00f3n. \u201cVengo del campo, pero mis sue\u00f1os no tienen l\u00edmites. Estoy aqu\u00ed para recordarle a otras mujeres que s\u00ed se puede\u201d, expresa con emoci\u00f3n la reina antioque\u00f1a, quien &hellip;<\/p>\n","protected":false},"author":1,"featured_media":9441,"comment_status":"open","ping_status":"open","sticky":false,"template":"","format":"standard","meta":{"footnotes":""},"categories":[1],"tags":[1120,112,128,1121,127,100],"class_list":["post-9440","post","type-post","status-publish","format-standard","has-post-thumbnail","hentry","category-noticias","tag-antioquia","tag-arte","tag-belleza","tag-medellin","tag-moda","tag-noticias"],"acf":[],"_links":{"self":[{"href":"https:\/\/reporteoficial.net\/index.php\/wp-json\/wp\/v2\/posts\/9440","targetHints":{"allow":["GET"]}}],"collection":[{"href":"https:\/\/reporteoficial.net\/index.php\/wp-json\/wp\/v2\/posts"}],"about":[{"href":"https:\/\/reporteoficial.net\/index.php\/wp-json\/wp\/v2\/types\/post"}],"author":[{"embeddable":true,"href":"https:\/\/reporteoficial.net\/index.php\/wp-json\/wp\/v2\/users\/1"}],"replies":[{"embeddable":true,"href":"https:\/\/reporteoficial.net\/index.php\/wp-json\/wp\/v2\/comments?post=9440"}],"version-history":[{"count":1,"href":"https:\/\/reporteoficial.net\/index.php\/wp-json\/wp\/v2\/posts\/9440\/revisions"}],"predecessor-version":[{"id":9443,"href":"https:\/\/reporteoficial.net\/index.php\/wp-json\/wp\/v2\/posts\/9440\/revisions\/9443"}],"wp:featuredmedia":[{"embeddable":true,"href":"https:\/\/reporteoficial.net\/index.php\/wp-json\/wp\/v2\/media\/9441"}],"wp:attachment":[{"href":"https:\/\/reporteoficial.net\/index.php\/wp-json\/wp\/v2\/media?parent=9440"}],"wp:term":[{"taxonomy":"category","embeddable":true,"href":"https:\/\/reporteoficial.net\/index.php\/wp-json\/wp\/v2\/categories?post=9440"},{"taxonomy":"post_tag","embeddable":true,"href":"https:\/\/reporteoficial.net\/index.php\/wp-json\/wp\/v2\/tags?post=9440"}],"curies":[{"name":"wp","href":"https:\/\/api.w.org\/{rel}","templated":true}]}}