{"id":9428,"date":"2025-07-07T11:51:16","date_gmt":"2025-07-07T15:51:16","guid":{"rendered":"https:\/\/reporteoficial.net\/?p=9428"},"modified":"2025-07-07T11:51:16","modified_gmt":"2025-07-07T15:51:16","slug":"mi-cabello-mi-poder-star-products-empodera-a-decenas-de-mujeres-en-la-feria-de-belleza-brilla-con-minaya","status":"publish","type":"post","link":"https:\/\/reporteoficial.net\/index.php\/2025\/07\/07\/mi-cabello-mi-poder-star-products-empodera-a-decenas-de-mujeres-en-la-feria-de-belleza-brilla-con-minaya\/","title":{"rendered":"\u201cMi cabello, mi poder\u201d: Star Products empodera a decenas de mujeres en la feria de belleza \u201cBrilla con Minaya\u201d"},"content":{"rendered":"\n<p>Santo Domingo.- En el marco de la feria de belleza Brilla con Minaya organizada por Tiendas Minaya, Star Products present\u00f3 la charla \u201cMi Cabello, Mi Poder\u201d, una experiencia que combin\u00f3 educaci\u00f3n capilar, empoderamiento femenino y din\u00e1micas participativas.<\/p>\n\n\n\n<p>El evento cont\u00f3 con la participaci\u00f3n de Rommy Pichardo, mentora de vida, comunicadora y conferencista, junto a Rommy Grull\u00f3n, gerente de mercadeo de Star Products, y Roberto Heskey, experto en cuidado capilar y propietario del sal\u00f3n Pocahontas, quienes compartieron sus conocimientos y experiencias con las asistentes, haciendo de esta jornada una verdadera celebraci\u00f3n del poder del autocuidado.<\/p>\n\n\n\n<p>La gerente de marca de Star Products, Rommy Grull\u00f3n, dio apertura al encuentro destacando: \u201cNuestra misi\u00f3n es entregar f\u00f3rmulas profesionales y confianza. Cada mujer debe saber que su cabello es tan \u00fanico y fuerte como ella.\u201d<\/p>\n\n\n\n<p>El estilista Roberto Heskey dirigi\u00f3 una sesi\u00f3n en vivo de cronograma capilar y ofreci\u00f3 recomendaciones personalizadas. Durante el evento se realizaron diagn\u00f3sticos capilares gratuitos, se premiaron a las asistentes con kits de productos Star Products y una ganadora recibi\u00f3 un cambio de look.<\/p>\n\n\n\n<figure class=\"wp-block-image size-large\"><img fetchpriority=\"high\" decoding=\"async\" width=\"1024\" height=\"678\" src=\"https:\/\/reporteoficial.net\/wp-content\/uploads\/2025\/07\/WhatsApp-Image-2025-07-04-at-17.17.31-1-1024x678.jpeg\" alt=\"\" class=\"wp-image-9430\" srcset=\"https:\/\/reporteoficial.net\/wp-content\/uploads\/2025\/07\/WhatsApp-Image-2025-07-04-at-17.17.31-1-1024x678.jpeg 1024w, https:\/\/reporteoficial.net\/wp-content\/uploads\/2025\/07\/WhatsApp-Image-2025-07-04-at-17.17.31-1-300x199.jpeg 300w, https:\/\/reporteoficial.net\/wp-content\/uploads\/2025\/07\/WhatsApp-Image-2025-07-04-at-17.17.31-1-200x132.jpeg 200w, https:\/\/reporteoficial.net\/wp-content\/uploads\/2025\/07\/WhatsApp-Image-2025-07-04-at-17.17.31-1-768x508.jpeg 768w, https:\/\/reporteoficial.net\/wp-content\/uploads\/2025\/07\/WhatsApp-Image-2025-07-04-at-17.17.31-1-1536x1017.jpeg 1536w, https:\/\/reporteoficial.net\/wp-content\/uploads\/2025\/07\/WhatsApp-Image-2025-07-04-at-17.17.31-1-480x318.jpeg 480w, https:\/\/reporteoficial.net\/wp-content\/uploads\/2025\/07\/WhatsApp-Image-2025-07-04-at-17.17.31-1.jpeg 1600w\" sizes=\"(max-width: 1024px) 100vw, 1024px\" \/><\/figure>\n\n\n\n<p>La actividad cerr\u00f3 con un brindis y un mensaje de agradecimiento a las asistentes por ser parte de esta edici\u00f3n.<\/p>\n\n\n\n<p><\/p>\n","protected":false},"excerpt":{"rendered":"<p>Santo Domingo.- En el marco de la feria de belleza Brilla con Minaya organizada por Tiendas Minaya, Star Products present\u00f3 la charla \u201cMi Cabello, Mi Poder\u201d, una experiencia que combin\u00f3 educaci\u00f3n capilar, empoderamiento femenino y din\u00e1micas participativas. El evento cont\u00f3 con la participaci\u00f3n de Rommy Pichardo, mentora de vida, comunicadora y conferencista, junto a Rommy Grull\u00f3n, gerente de mercadeo de Star Products, y Roberto Heskey, experto en cuidado capilar y propietario del sal\u00f3n Pocahontas, quienes compartieron sus conocimientos y experiencias con las asistentes, haciendo de esta jornada una verdadera celebraci\u00f3n del poder del autocuidado. La gerente de marca de Star Products, Rommy Grull\u00f3n, dio apertura al encuentro destacando: \u201cNuestra misi\u00f3n es entregar f\u00f3rmulas profesionales y confianza. Cada mujer debe saber que su cabello es tan \u00fanico y fuerte como ella.\u201d El estilista Roberto Heskey dirigi\u00f3 una sesi\u00f3n en vivo de cronograma capilar y ofreci\u00f3 recomendaciones personalizadas. Durante el evento se realizaron diagn\u00f3sticos capilares gratuitos, se premiaron a las asistentes con kits de productos Star Products y una ganadora recibi\u00f3 un cambio de look. La actividad cerr\u00f3 con un brindis y un mensaje de agradecimiento a las asistentes por ser parte de esta edici\u00f3n.<\/p>\n","protected":false},"author":1,"featured_media":9429,"comment_status":"open","ping_status":"open","sticky":false,"template":"","format":"standard","meta":{"footnotes":""},"categories":[547],"tags":[112,101,127,100,21],"class_list":["post-9428","post","type-post","status-publish","format-standard","has-post-thumbnail","hentry","category-emprendedores","tag-arte","tag-farandula","tag-moda","tag-noticias","tag-salud"],"acf":[],"_links":{"self":[{"href":"https:\/\/reporteoficial.net\/index.php\/wp-json\/wp\/v2\/posts\/9428","targetHints":{"allow":["GET"]}}],"collection":[{"href":"https:\/\/reporteoficial.net\/index.php\/wp-json\/wp\/v2\/posts"}],"about":[{"href":"https:\/\/reporteoficial.net\/index.php\/wp-json\/wp\/v2\/types\/post"}],"author":[{"embeddable":true,"href":"https:\/\/reporteoficial.net\/index.php\/wp-json\/wp\/v2\/users\/1"}],"replies":[{"embeddable":true,"href":"https:\/\/reporteoficial.net\/index.php\/wp-json\/wp\/v2\/comments?post=9428"}],"version-history":[{"count":1,"href":"https:\/\/reporteoficial.net\/index.php\/wp-json\/wp\/v2\/posts\/9428\/revisions"}],"predecessor-version":[{"id":9431,"href":"https:\/\/reporteoficial.net\/index.php\/wp-json\/wp\/v2\/posts\/9428\/revisions\/9431"}],"wp:featuredmedia":[{"embeddable":true,"href":"https:\/\/reporteoficial.net\/index.php\/wp-json\/wp\/v2\/media\/9429"}],"wp:attachment":[{"href":"https:\/\/reporteoficial.net\/index.php\/wp-json\/wp\/v2\/media?parent=9428"}],"wp:term":[{"taxonomy":"category","embeddable":true,"href":"https:\/\/reporteoficial.net\/index.php\/wp-json\/wp\/v2\/categories?post=9428"},{"taxonomy":"post_tag","embeddable":true,"href":"https:\/\/reporteoficial.net\/index.php\/wp-json\/wp\/v2\/tags?post=9428"}],"curies":[{"name":"wp","href":"https:\/\/api.w.org\/{rel}","templated":true}]}}