{"id":9243,"date":"2025-06-10T08:07:17","date_gmt":"2025-06-10T12:07:17","guid":{"rendered":"https:\/\/reporteoficial.net\/?p=9243"},"modified":"2025-06-10T08:07:18","modified_gmt":"2025-06-10T12:07:18","slug":"cronicas-con-nova-nominado-a-los-global-kings-awards-medellin-2025-y-ganador-del-imperial-gold-music-award","status":"publish","type":"post","link":"https:\/\/reporteoficial.net\/index.php\/2025\/06\/10\/cronicas-con-nova-nominado-a-los-global-kings-awards-medellin-2025-y-ganador-del-imperial-gold-music-award\/","title":{"rendered":"Cr\u00f3nicas Con Nova: Nominado a los Global Kings Awards Medell\u00edn 2025 y ganador del Imperial Gold Music Award"},"content":{"rendered":"\n<p>Santo Domingo.-El reconocido medio digital Cr\u00f3nicas con Nova contin\u00faa posicion\u00e1ndose como una de las plataformas m\u00e1s influyentes de la narrativa urbana y cultural en Am\u00e9rica Latina. Este 2025, ha sido nominado a los Global Kings Awards en Medell\u00edn, uno de los eventos m\u00e1s importantes en el mundo del entretenimiento, arte y m\u00fasica urbana. Adem\u00e1s, ha recibido el prestigioso Imperial Gold Music Award, consolidando su impacto a nivel internacional.<\/p>\n\n\n\n<figure class=\"wp-block-image size-large\"><img fetchpriority=\"high\" decoding=\"async\" width=\"1024\" height=\"1449\" src=\"https:\/\/reporteoficial.net\/wp-content\/uploads\/2025\/06\/PHOTO-2025-06-09-20-32-30-1-1024x1449.jpg\" alt=\"\" class=\"wp-image-9246\" srcset=\"https:\/\/reporteoficial.net\/wp-content\/uploads\/2025\/06\/PHOTO-2025-06-09-20-32-30-1-1024x1449.jpg 1024w, https:\/\/reporteoficial.net\/wp-content\/uploads\/2025\/06\/PHOTO-2025-06-09-20-32-30-1-300x424.jpg 300w, https:\/\/reporteoficial.net\/wp-content\/uploads\/2025\/06\/PHOTO-2025-06-09-20-32-30-1-200x283.jpg 200w, https:\/\/reporteoficial.net\/wp-content\/uploads\/2025\/06\/PHOTO-2025-06-09-20-32-30-1-768x1086.jpg 768w, https:\/\/reporteoficial.net\/wp-content\/uploads\/2025\/06\/PHOTO-2025-06-09-20-32-30-1-1086x1536.jpg 1086w, https:\/\/reporteoficial.net\/wp-content\/uploads\/2025\/06\/PHOTO-2025-06-09-20-32-30-1-480x679.jpg 480w, https:\/\/reporteoficial.net\/wp-content\/uploads\/2025\/06\/PHOTO-2025-06-09-20-32-30-1.jpg 1131w\" sizes=\"(max-width: 1024px) 100vw, 1024px\" \/><\/figure>\n\n\n\n<p><strong>Una voz aut\u00e9ntica en la cultura urbana<\/strong><\/p>\n\n\n\n<p>Desde sus primeras emisiones, Cr\u00f3nicas con Nova ha sido mucho m\u00e1s que un programa. Es una ventana a las realidades que pocas c\u00e1maras muestran: las historias de los barrios, la lucha de los artistas emergentes, y la transformaci\u00f3n social a trav\u00e9s del arte y la m\u00fasica.<\/p>\n\n\n\n<p>Esta nominaci\u00f3n a los Global Kings Awards reconoce el trabajo constante del equipo por elevar voces silenciadas, contar historias reales y documentar procesos culturales desde la ra\u00edz.<\/p>\n\n\n\n<p><strong>Imperial Gold Music Award: un reconocimiento con peso internacional<\/strong><\/p>\n\n\n\n<p>El Imperial Gold Music Award destaca a proyectos que no solo promueven m\u00fasica, sino que tambi\u00e9n contribuyen al fortalecimiento del tejido cultural a trav\u00e9s de medios digitales. La producci\u00f3n de Cr\u00f3nicas con Nova ha logrado justamente eso: crear puentes entre comunidades, g\u00e9neros musicales y generaciones.<\/p>\n\n\n\n<p>Declaraci\u00f3n del equipo<\/p>\n\n\n\n<blockquote class=\"wp-block-quote is-layout-flow wp-block-quote-is-layout-flow\">\n<p>\u00abEstos reconocimientos son el reflejo del esfuerzo colectivo y del compromiso con una forma de informar diferente, honesta y necesaria. Nos inspira seguir trabajando, seguir documentando y seguir creyendo en el poder de la cultura\u00bb, expresaron desde la producci\u00f3n de Cr\u00f3nicas con Nova.<\/p>\n<\/blockquote>\n\n\n\n<p>\u00bfQu\u00e9 sigue para Cr\u00f3nicas con Nova?<\/p>\n\n\n\n<p>Tras estos reconocimientos, el proyecto prepara el lanzamiento de su podcast, alianzas estrat\u00e9gicas con nuevos medios internacionales y contenidos especiales para plataformas digitales. Tambi\u00e9n se espera su participaci\u00f3n en foros y festivales de comunicaci\u00f3n alternativa durante lo que resta del a\u00f1o.<\/p>\n","protected":false},"excerpt":{"rendered":"<p>Santo Domingo.-El reconocido medio digital Cr\u00f3nicas con Nova contin\u00faa posicion\u00e1ndose como una de las plataformas m\u00e1s influyentes de la narrativa urbana y cultural en Am\u00e9rica Latina. Este 2025, ha sido nominado a los Global Kings Awards en Medell\u00edn, uno de los eventos m\u00e1s importantes en el mundo del entretenimiento, arte y m\u00fasica urbana. Adem\u00e1s, ha recibido el prestigioso Imperial Gold Music Award, consolidando su impacto a nivel internacional. Una voz aut\u00e9ntica en la cultura urbana Desde sus primeras emisiones, Cr\u00f3nicas con Nova ha sido mucho m\u00e1s que un programa. Es una ventana a las realidades que pocas c\u00e1maras muestran: las historias de los barrios, la lucha de los artistas emergentes, y la transformaci\u00f3n social a trav\u00e9s del arte y la m\u00fasica. Esta nominaci\u00f3n a los Global Kings Awards reconoce el trabajo constante del equipo por elevar voces silenciadas, contar historias reales y documentar procesos culturales desde la ra\u00edz. Imperial Gold Music Award: un reconocimiento con peso internacional El Imperial Gold Music Award destaca a proyectos que no solo promueven m\u00fasica, sino que tambi\u00e9n contribuyen al fortalecimiento del tejido cultural a trav\u00e9s de medios digitales. La producci\u00f3n de Cr\u00f3nicas con Nova ha logrado justamente eso: crear puentes entre comunidades, g\u00e9neros musicales &hellip;<\/p>\n","protected":false},"author":1,"featured_media":9244,"comment_status":"open","ping_status":"open","sticky":false,"template":"","format":"standard","meta":{"footnotes":""},"categories":[535],"tags":[112,101,100,80],"class_list":["post-9243","post","type-post","status-publish","format-standard","has-post-thumbnail","hentry","category-sociales","tag-arte","tag-farandula","tag-noticias","tag-sociales"],"acf":[],"_links":{"self":[{"href":"https:\/\/reporteoficial.net\/index.php\/wp-json\/wp\/v2\/posts\/9243","targetHints":{"allow":["GET"]}}],"collection":[{"href":"https:\/\/reporteoficial.net\/index.php\/wp-json\/wp\/v2\/posts"}],"about":[{"href":"https:\/\/reporteoficial.net\/index.php\/wp-json\/wp\/v2\/types\/post"}],"author":[{"embeddable":true,"href":"https:\/\/reporteoficial.net\/index.php\/wp-json\/wp\/v2\/users\/1"}],"replies":[{"embeddable":true,"href":"https:\/\/reporteoficial.net\/index.php\/wp-json\/wp\/v2\/comments?post=9243"}],"version-history":[{"count":1,"href":"https:\/\/reporteoficial.net\/index.php\/wp-json\/wp\/v2\/posts\/9243\/revisions"}],"predecessor-version":[{"id":9247,"href":"https:\/\/reporteoficial.net\/index.php\/wp-json\/wp\/v2\/posts\/9243\/revisions\/9247"}],"wp:featuredmedia":[{"embeddable":true,"href":"https:\/\/reporteoficial.net\/index.php\/wp-json\/wp\/v2\/media\/9244"}],"wp:attachment":[{"href":"https:\/\/reporteoficial.net\/index.php\/wp-json\/wp\/v2\/media?parent=9243"}],"wp:term":[{"taxonomy":"category","embeddable":true,"href":"https:\/\/reporteoficial.net\/index.php\/wp-json\/wp\/v2\/categories?post=9243"},{"taxonomy":"post_tag","embeddable":true,"href":"https:\/\/reporteoficial.net\/index.php\/wp-json\/wp\/v2\/tags?post=9243"}],"curies":[{"name":"wp","href":"https:\/\/api.w.org\/{rel}","templated":true}]}}