{"id":9048,"date":"2025-04-25T11:16:20","date_gmt":"2025-04-25T15:16:20","guid":{"rendered":"https:\/\/reporteoficial.net\/?p=9048"},"modified":"2025-04-25T11:16:21","modified_gmt":"2025-04-25T15:16:21","slug":"yenny-polanco-lovera-se-despide-de-adompretur-y-anuncia-candidatura-en-fipetur","status":"publish","type":"post","link":"https:\/\/reporteoficial.net\/index.php\/2025\/04\/25\/yenny-polanco-lovera-se-despide-de-adompretur-y-anuncia-candidatura-en-fipetur\/","title":{"rendered":"Yenny Polanco Lovera se despide de ADOMPRETUR y anuncia candidatura en FIPETUR"},"content":{"rendered":"\n<p>La periodista revela en exclusiva para CRN sus pr\u00f3ximos pasos en el \u00e1mbito gremial y personal<\/p>\n\n\n\n<p>Santo Domingo, RD. \u2013 Luego de m\u00e1s de una d\u00e9cada de compromiso ininterrumpido con la Asociaci\u00f3n Dominicana de Prensa Tur\u00edstica (ADOMPRETUR), la periodista Yenny Polanco Lovera anunci\u00f3 en exclusiva para CRN Noticias RD el cierre de un importante ciclo en su vida profesional, al tiempo que revel\u00f3 su nuevo reto internacional: su candidatura a la presidencia del Foro Iberoamericano de Periodistas de Turismo (FIPETUR).<\/p>\n\n\n\n<p><em>\u201cFueron diez a\u00f1os de entrega y crecimiento. Empec\u00e9 como directora, pas\u00e9 por diferentes roles hasta llegar a la presidencia, donde impulsamos la visibilidad del gremio, creamos nuestra p\u00e1gina web y consolidamos una comunidad \u00e9tica y profesional\u201d, expres\u00f3 Polanco Lovera.<\/em><\/p>\n\n\n\n<p>Con entusiasmo y visi\u00f3n, ahora se prepara para representar a Rep\u00fablica Dominicana en una nueva etapa junto a colegas de Brasil, Uruguay, M\u00e9xico y Argentina, con quienes conformar\u00e1 una plancha para liderar FIPETUR, organizaci\u00f3n que agrupa a periodistas tur\u00edsticos de toda Iberoam\u00e9rica.<\/p>\n\n\n\n<p>\u201cRep\u00fablica Dominicana volver\u00e1 a tener un papel destacado en FIPETUR. Me siento comprometida con seguir promoviendo el turismo desde un periodismo \u00e9tico y profesional\u201d, sostuvo.<\/p>\n\n\n\n<p>Adem\u00e1s, comparti\u00f3 que viajar\u00e1 pr\u00f3ximamente a Canad\u00e1 para asistir a la graduaci\u00f3n de su hija, una ocasi\u00f3n muy especial que celebra con alegr\u00eda y orgullo.<\/p>\n\n\n\n<p>Polanco Lovera continuar\u00e1 con la producci\u00f3n de su programa \u201cFiestas y Personalidades\u201d, el cual cumple 20 a\u00f1os de transmisi\u00f3n ininterrumpida, destacando por su calidad, perseverancia y compromiso con la cultura y el turismo.<\/p>\n\n\n\n<p>\u201cMi compromiso sigue intacto. Seguir\u00e9 apoyando a las nuevas generaciones para que comprendan el valor de ejercer un periodismo \u00e9tico y con prop\u00f3sito.\u201d<\/p>\n\n\n\n<p>La comunicadora reafirma as\u00ed su vocaci\u00f3n gremial y su deseo de seguir siendo una voz que promueve el turismo responsable, la comunicaci\u00f3n con valores y el desarrollo de la prensa especializada en Rep\u00fablica Dominicana y m\u00e1s all\u00e1.<\/p>\n","protected":false},"excerpt":{"rendered":"<p>La periodista revela en exclusiva para CRN sus pr\u00f3ximos pasos en el \u00e1mbito gremial y personal Santo Domingo, RD. \u2013 Luego de m\u00e1s de una d\u00e9cada de compromiso ininterrumpido con la Asociaci\u00f3n Dominicana de Prensa Tur\u00edstica (ADOMPRETUR), la periodista Yenny Polanco Lovera anunci\u00f3 en exclusiva para CRN Noticias RD el cierre de un importante ciclo en su vida profesional, al tiempo que revel\u00f3 su nuevo reto internacional: su candidatura a la presidencia del Foro Iberoamericano de Periodistas de Turismo (FIPETUR). \u201cFueron diez a\u00f1os de entrega y crecimiento. Empec\u00e9 como directora, pas\u00e9 por diferentes roles hasta llegar a la presidencia, donde impulsamos la visibilidad del gremio, creamos nuestra p\u00e1gina web y consolidamos una comunidad \u00e9tica y profesional\u201d, expres\u00f3 Polanco Lovera. Con entusiasmo y visi\u00f3n, ahora se prepara para representar a Rep\u00fablica Dominicana en una nueva etapa junto a colegas de Brasil, Uruguay, M\u00e9xico y Argentina, con quienes conformar\u00e1 una plancha para liderar FIPETUR, organizaci\u00f3n que agrupa a periodistas tur\u00edsticos de toda Iberoam\u00e9rica. \u201cRep\u00fablica Dominicana volver\u00e1 a tener un papel destacado en FIPETUR. Me siento comprometida con seguir promoviendo el turismo desde un periodismo \u00e9tico y profesional\u201d, sostuvo. Adem\u00e1s, comparti\u00f3 que viajar\u00e1 pr\u00f3ximamente a Canad\u00e1 para asistir a la graduaci\u00f3n de su &hellip;<\/p>\n","protected":false},"author":1,"featured_media":9049,"comment_status":"open","ping_status":"open","sticky":false,"template":"","format":"standard","meta":{"footnotes":""},"categories":[535],"tags":[1000,112,101,1001,100,367],"class_list":["post-9048","post","type-post","status-publish","format-standard","has-post-thumbnail","hentry","category-sociales","tag-adompretur","tag-arte","tag-farandula","tag-fipetur","tag-noticias","tag-periodismo-2"],"acf":[],"_links":{"self":[{"href":"https:\/\/reporteoficial.net\/index.php\/wp-json\/wp\/v2\/posts\/9048","targetHints":{"allow":["GET"]}}],"collection":[{"href":"https:\/\/reporteoficial.net\/index.php\/wp-json\/wp\/v2\/posts"}],"about":[{"href":"https:\/\/reporteoficial.net\/index.php\/wp-json\/wp\/v2\/types\/post"}],"author":[{"embeddable":true,"href":"https:\/\/reporteoficial.net\/index.php\/wp-json\/wp\/v2\/users\/1"}],"replies":[{"embeddable":true,"href":"https:\/\/reporteoficial.net\/index.php\/wp-json\/wp\/v2\/comments?post=9048"}],"version-history":[{"count":1,"href":"https:\/\/reporteoficial.net\/index.php\/wp-json\/wp\/v2\/posts\/9048\/revisions"}],"predecessor-version":[{"id":9050,"href":"https:\/\/reporteoficial.net\/index.php\/wp-json\/wp\/v2\/posts\/9048\/revisions\/9050"}],"wp:featuredmedia":[{"embeddable":true,"href":"https:\/\/reporteoficial.net\/index.php\/wp-json\/wp\/v2\/media\/9049"}],"wp:attachment":[{"href":"https:\/\/reporteoficial.net\/index.php\/wp-json\/wp\/v2\/media?parent=9048"}],"wp:term":[{"taxonomy":"category","embeddable":true,"href":"https:\/\/reporteoficial.net\/index.php\/wp-json\/wp\/v2\/categories?post=9048"},{"taxonomy":"post_tag","embeddable":true,"href":"https:\/\/reporteoficial.net\/index.php\/wp-json\/wp\/v2\/tags?post=9048"}],"curies":[{"name":"wp","href":"https:\/\/api.w.org\/{rel}","templated":true}]}}