{"id":8849,"date":"2025-03-09T16:31:52","date_gmt":"2025-03-09T20:31:52","guid":{"rendered":"https:\/\/reporteoficial.net\/?p=8849"},"modified":"2025-03-09T16:36:37","modified_gmt":"2025-03-09T20:36:37","slug":"gran-bazar-para-emprendedores-2025-impulsando-la-transformacion-de-nuevos-lideres-empresariales","status":"publish","type":"post","link":"https:\/\/reporteoficial.net\/index.php\/2025\/03\/09\/gran-bazar-para-emprendedores-2025-impulsando-la-transformacion-de-nuevos-lideres-empresariales\/","title":{"rendered":"Gran Bazar para emprendedores 2025: \u00abImpulsando la transformaci\u00f3n de nuevos l\u00edderes empresariales\u00bb"},"content":{"rendered":"\n<p><strong>Santo Domingo, R.D. \u2013<\/strong>&nbsp;La noche del pasado 06 de Marzo, en un ambiente cargado de entusiasmo y visi\u00f3n de futuro, se celebr\u00f3 el Lanzamiento Oficial de Gran Bazar de Emprendedores (GBE) 2025 en Piso 84 Tapas &amp; Lounge. Este evento marc\u00f3 el inicio de una nueva edici\u00f3n de una de las plataformas m\u00e1s importantes para el desarrollo del ecosistema emprendedor en Rep\u00fablica Dominicana.<\/p>\n\n\n\n<figure class=\"wp-block-gallery has-nested-images columns-default is-cropped wp-block-gallery-1 is-layout-flex wp-block-gallery-is-layout-flex\">\n<figure class=\"wp-block-image size-large\"><img fetchpriority=\"high\" decoding=\"async\" width=\"1024\" height=\"1452\" data-id=\"8852\" src=\"https:\/\/reporteoficial.net\/wp-content\/uploads\/2025\/03\/MAF00188-Rommy-Pichardo-y-Grey-Padilla-1024x1452.jpg\" alt=\"\" class=\"wp-image-8852\" srcset=\"https:\/\/reporteoficial.net\/wp-content\/uploads\/2025\/03\/MAF00188-Rommy-Pichardo-y-Grey-Padilla-1024x1452.jpg 1024w, https:\/\/reporteoficial.net\/wp-content\/uploads\/2025\/03\/MAF00188-Rommy-Pichardo-y-Grey-Padilla-300x425.jpg 300w, https:\/\/reporteoficial.net\/wp-content\/uploads\/2025\/03\/MAF00188-Rommy-Pichardo-y-Grey-Padilla-200x284.jpg 200w, https:\/\/reporteoficial.net\/wp-content\/uploads\/2025\/03\/MAF00188-Rommy-Pichardo-y-Grey-Padilla-768x1089.jpg 768w, https:\/\/reporteoficial.net\/wp-content\/uploads\/2025\/03\/MAF00188-Rommy-Pichardo-y-Grey-Padilla-1084x1536.jpg 1084w, https:\/\/reporteoficial.net\/wp-content\/uploads\/2025\/03\/MAF00188-Rommy-Pichardo-y-Grey-Padilla-1445x2048.jpg 1445w, https:\/\/reporteoficial.net\/wp-content\/uploads\/2025\/03\/MAF00188-Rommy-Pichardo-y-Grey-Padilla-480x680.jpg 480w, https:\/\/reporteoficial.net\/wp-content\/uploads\/2025\/03\/MAF00188-Rommy-Pichardo-y-Grey-Padilla-scaled.jpg 1806w\" sizes=\"(max-width: 1024px) 100vw, 1024px\" \/><figcaption class=\"wp-element-caption\">\u00a0Rommy Pichardo y Grey Padilla<\/figcaption><\/figure>\n\n\n\n<figure class=\"wp-block-image size-large\"><img decoding=\"async\" width=\"1024\" height=\"771\" data-id=\"8853\" src=\"https:\/\/reporteoficial.net\/wp-content\/uploads\/2025\/03\/MAF00040-Sugey-Richez-Genesis-Frias-y-Grecia-Vidal-1024x771.jpg\" alt=\"\" class=\"wp-image-8853\" srcset=\"https:\/\/reporteoficial.net\/wp-content\/uploads\/2025\/03\/MAF00040-Sugey-Richez-Genesis-Frias-y-Grecia-Vidal-1024x771.jpg 1024w, https:\/\/reporteoficial.net\/wp-content\/uploads\/2025\/03\/MAF00040-Sugey-Richez-Genesis-Frias-y-Grecia-Vidal-300x226.jpg 300w, https:\/\/reporteoficial.net\/wp-content\/uploads\/2025\/03\/MAF00040-Sugey-Richez-Genesis-Frias-y-Grecia-Vidal-200x151.jpg 200w, https:\/\/reporteoficial.net\/wp-content\/uploads\/2025\/03\/MAF00040-Sugey-Richez-Genesis-Frias-y-Grecia-Vidal-768x578.jpg 768w, https:\/\/reporteoficial.net\/wp-content\/uploads\/2025\/03\/MAF00040-Sugey-Richez-Genesis-Frias-y-Grecia-Vidal-1536x1156.jpg 1536w, https:\/\/reporteoficial.net\/wp-content\/uploads\/2025\/03\/MAF00040-Sugey-Richez-Genesis-Frias-y-Grecia-Vidal-480x361.jpg 480w\" sizes=\"(max-width: 1024px) 100vw, 1024px\" \/><figcaption class=\"wp-element-caption\">\u00a0Sugey Richiez, G\u00e9nesis Fr\u00edas y Grecia Vidal.<\/figcaption><\/figure>\n<\/figure>\n\n\n\n<p>La fundadora de GBE, G\u00e9nesis A. Fr\u00edas Reyes, expres\u00f3 su emoci\u00f3n por esta nueva etapa, destacando que \u201cGBE no es solo un evento, es un movimiento que impulsa a los emprendedores a convertirse en l\u00edderes empresariales. Apostamos por la educaci\u00f3n, la formaci\u00f3n y la conexi\u00f3n estrat\u00e9gica como pilares fundamentales para su crecimiento.\u201d<\/p>\n\n\n\n<p>Desde su primera edici\u00f3n en 2023, GBE ha impactado a cientos de emprendedores, ofreci\u00e9ndoles m\u00e1s que un espacio para exhibir y vender sus productos. Su enfoque integral incluye capacitaciones, mentor\u00edas y oportunidades de networking para fortalecer sus negocios.<\/p>\n\n\n\n<p><strong>*GBE 2025: M\u00e1s all\u00e1 de un evento, una experiencia transformadora*<\/strong><\/p>\n\n\n\n<p>Para esta nueva edici\u00f3n, GBE presenta una propuesta innovadora: un programa de capacitaciones previas al evento final, dise\u00f1ado para fortalecer el conocimiento y habilidades de los participantes en \u00e1reas clave como:<\/p>\n\n\n\n<p>Estrategias de marketing y redes sociales<\/p>\n\n\n\n<p>Ventas y networking<\/p>\n\n\n\n<p>Finanzas para emprendedores<\/p>\n\n\n\n<p>Psicolog\u00eda y mentalidad empresarial<\/p>\n\n\n\n<p>Formalizaci\u00f3n y estructura de negocios<\/p>\n\n\n\n<p>Manejo del tiempo y productividad<\/p>\n\n\n\n<p>El evento final de GBE 2025 se llevar\u00e1 a cabo los d\u00edas 17 y 18 de mayo en el Sal\u00f3n de Eventos del Centro Comercial Sambil, donde los emprendedores podr\u00e1n exhibir y vender sus productos, al tiempo que participar\u00e1n en paneles de expertos, conferencias, reconocimientos a emprendimientos destacados, shows en vivo y experiencias de networking.<\/p>\n\n\n\n<p>Durante el lanzamiento, se destac\u00f3 la importancia de sumar aliados y patrocinadores que deseen ser parte del crecimiento del ecosistema emprendedor en el pa\u00eds. Empresas y marcas que buscan conectar con un p\u00fablico en constante evoluci\u00f3n y ser reconocidas como impulsoras del emprendimiento, tienen en GBE una plataforma ideal para fortalecer su impacto y posicionamiento.<\/p>\n\n\n\n<p>\u201cInvertir en GBE no es solo apoyar un evento, es apostar por el futuro del emprendimiento y el desarrollo econ\u00f3mico del pa\u00eds\u201d, afirm\u00f3 Fr\u00edas Reyes.<\/p>\n\n\n\n<p>El evento tambi\u00e9n sirvi\u00f3 de espacio para compartir historias de emprendedores que han encontrado en GBE una oportunidad para escalar sus negocios. Entre los testimonios, se destac\u00f3 el caso de una familia que, gracias a su participaci\u00f3n en GBE 2024, fue seleccionada en la Semana Global del Emprendimiento organizada por EMDES Foundation y galardonada por Cree Banreservas y la Red Nacional de Emprendimiento.<\/p>\n\n\n\n<p>\u201cEstos logros nos motivan a seguir creciendo y brindando m\u00e1s oportunidades a los emprendedores de la Rep. Dom. y la regi\u00f3n\u201d, puntualiz\u00f3 la fundadora.<\/p>\n\n\n\n<p>Con esta tercera edici\u00f3n, GBE busca impactar a +200 emprendedores y alcanzar a +3,000 personas a trav\u00e9s de su programa de formaci\u00f3n, mentor\u00edas y el evento final.<\/p>\n\n\n\n<p>El llamado es claro: emprendedores, aliados estrat\u00e9gicos y marcas pueden sumarse a esta gran iniciativa y ser parte del movimiento que est\u00e1 transformando el emprendimiento en Rep\u00fablica Dominicana.<\/p>\n\n\n\n<p>Para m\u00e1s informaci\u00f3n sobre c\u00f3mo participar o apoyar GBE 2025, visita nuestras redes sociales, cont\u00e1ctanos v\u00eda WhatsApp 849-266-5874 o email&nbsp;<a href=\"mailto:info@granbazardeemeprendedores.com\" target=\"_blank\" rel=\"noreferrer noopener\">info@granbazardeemeprendedores.com<\/a>&nbsp;<\/p>\n","protected":false},"excerpt":{"rendered":"<p>Mirna Pimentel, G\u00e9nesis Fr\u00edas, Amarilys Duran y Yan Suriel.<\/p>\n","protected":false},"author":1,"featured_media":8850,"comment_status":"open","ping_status":"open","sticky":false,"template":"","format":"standard","meta":{"footnotes":""},"categories":[547],"tags":[120,546,921,100,630,664],"class_list":["post-8849","post","type-post","status-publish","format-standard","has-post-thumbnail","hentry","category-emprendedores","tag-educacion","tag-emprendedores","tag-lideres","tag-noticias","tag-rd","tag-santo-domingo"],"acf":[],"_links":{"self":[{"href":"https:\/\/reporteoficial.net\/index.php\/wp-json\/wp\/v2\/posts\/8849","targetHints":{"allow":["GET"]}}],"collection":[{"href":"https:\/\/reporteoficial.net\/index.php\/wp-json\/wp\/v2\/posts"}],"about":[{"href":"https:\/\/reporteoficial.net\/index.php\/wp-json\/wp\/v2\/types\/post"}],"author":[{"embeddable":true,"href":"https:\/\/reporteoficial.net\/index.php\/wp-json\/wp\/v2\/users\/1"}],"replies":[{"embeddable":true,"href":"https:\/\/reporteoficial.net\/index.php\/wp-json\/wp\/v2\/comments?post=8849"}],"version-history":[{"count":4,"href":"https:\/\/reporteoficial.net\/index.php\/wp-json\/wp\/v2\/posts\/8849\/revisions"}],"predecessor-version":[{"id":8858,"href":"https:\/\/reporteoficial.net\/index.php\/wp-json\/wp\/v2\/posts\/8849\/revisions\/8858"}],"wp:featuredmedia":[{"embeddable":true,"href":"https:\/\/reporteoficial.net\/index.php\/wp-json\/wp\/v2\/media\/8850"}],"wp:attachment":[{"href":"https:\/\/reporteoficial.net\/index.php\/wp-json\/wp\/v2\/media?parent=8849"}],"wp:term":[{"taxonomy":"category","embeddable":true,"href":"https:\/\/reporteoficial.net\/index.php\/wp-json\/wp\/v2\/categories?post=8849"},{"taxonomy":"post_tag","embeddable":true,"href":"https:\/\/reporteoficial.net\/index.php\/wp-json\/wp\/v2\/tags?post=8849"}],"curies":[{"name":"wp","href":"https:\/\/api.w.org\/{rel}","templated":true}]}}