{"id":8640,"date":"2025-01-16T15:08:51","date_gmt":"2025-01-16T19:08:51","guid":{"rendered":"https:\/\/reporteoficial.net\/?p=8640"},"modified":"2025-01-16T15:08:51","modified_gmt":"2025-01-16T19:08:51","slug":"familia-valdez-solicita-ayuda-para-localizar-a-adrian-valdez-desaparecido-desde-el-6-de-enero","status":"publish","type":"post","link":"https:\/\/reporteoficial.net\/index.php\/2025\/01\/16\/familia-valdez-solicita-ayuda-para-localizar-a-adrian-valdez-desaparecido-desde-el-6-de-enero\/","title":{"rendered":"Familia Valdez solicita ayuda para localizar a Adri\u00e1n Valdez, desaparecido desde el 6 de enero"},"content":{"rendered":"\n<p>Peravia, R.D. \u2013 La familia Valdez vive momentos de angustia tras la desaparici\u00f3n de Adri\u00e1n Valdez, conocido como \u201cWilly\u201d, un joven de 34 a\u00f1os, cuyo paradero se desconoce desde el pasado 6 de enero de 2025.<\/p>\n\n\n\n<p>Seg\u00fan relat\u00f3 su hermana, Arianna Valdez, Adri\u00e1n sali\u00f3 ese d\u00eda desde su residencia en el barrio Washington hacia Santo Domingo, donde trabajaba como motoUber. Al finalizar su jornada, viaj\u00f3 a la provincia San Crist\u00f3bal con el prop\u00f3sito de recoger a un amigo, del cual no se tiene identificaci\u00f3n. Desde entonces, no se ha tenido ning\u00fan contacto con \u00e9l.<\/p>\n\n\n\n<p><strong>Dificultades en el proceso de b\u00fasqueda<\/strong><\/p>\n\n\n\n<p>Arianna explic\u00f3 que al d\u00eda siguiente de la desaparici\u00f3n, la esposa de Adri\u00e1n intent\u00f3 reportar el caso a las autoridades. Sin embargo, le indicaron que deb\u00eda buscar primero en hospitales y morgues antes de que pudieran iniciar una investigaci\u00f3n formal.<\/p>\n\n\n\n<p>M\u00e1s adelante, cuando los familiares acudieron nuevamente al Departamento de Investigaciones Criminales (DICRIM) en Peravia, se les inform\u00f3 que era necesaria una orden de la fiscal\u00eda para revisar las c\u00e1maras de seguridad que podr\u00edan proporcionar pistas sobre los \u00faltimos movimientos de Adri\u00e1n.<\/p>\n\n\n\n<p>Al intentar gestionar esta orden en las fiscal\u00edas de Peravia y San Crist\u00f3bal, ambas instituciones alegaron que el caso no les correspond\u00eda.<\/p>\n\n\n\n<p>En tal sentido, la familia solicita urgentemente que la fiscal de Peravia, Georgia Abreu firme el documento necesario para agilizar las investigaciones. Considerando que es un caso bajo la jurisdicci\u00f3n de esta provincia, de donde es oriundo y parti\u00f3 el joven Valdez.<\/p>\n\n\n\n<p>\u201cSolo queremos encontrarlo\u201d<\/p>\n\n\n\n<p>\u201cLo \u00fanico que pedimos es que las autoridades nos ayuden y act\u00faen r\u00e1pido. Cada minuto cuenta\u201d, expres\u00f3 Arianna, profundamente preocupada por la seguridad de su hermano.<\/p>\n\n\n\n<p>Colabora con la b\u00fasqueda<br>La familia Valdez hace un llamado a cualquier persona que pueda tener informaci\u00f3n sobre el paradero de Adri\u00e1n Valdez. Si cuenta con datos relevantes, comunicarse a los n\u00fameros 849-445-5700 o 829-206-3080.<\/p>\n\n\n\n<p><\/p>\n","protected":false},"excerpt":{"rendered":"<p>Peravia, R.D. \u2013 La familia Valdez vive momentos de angustia tras la desaparici\u00f3n de Adri\u00e1n Valdez, conocido como \u201cWilly\u201d, un joven de 34 a\u00f1os, cuyo paradero se desconoce desde el pasado 6 de enero de 2025. Seg\u00fan relat\u00f3 su hermana, Arianna Valdez, Adri\u00e1n sali\u00f3 ese d\u00eda desde su residencia en el barrio Washington hacia Santo Domingo, donde trabajaba como motoUber. Al finalizar su jornada, viaj\u00f3 a la provincia San Crist\u00f3bal con el prop\u00f3sito de recoger a un amigo, del cual no se tiene identificaci\u00f3n. Desde entonces, no se ha tenido ning\u00fan contacto con \u00e9l. Dificultades en el proceso de b\u00fasqueda Arianna explic\u00f3 que al d\u00eda siguiente de la desaparici\u00f3n, la esposa de Adri\u00e1n intent\u00f3 reportar el caso a las autoridades. Sin embargo, le indicaron que deb\u00eda buscar primero en hospitales y morgues antes de que pudieran iniciar una investigaci\u00f3n formal. M\u00e1s adelante, cuando los familiares acudieron nuevamente al Departamento de Investigaciones Criminales (DICRIM) en Peravia, se les inform\u00f3 que era necesaria una orden de la fiscal\u00eda para revisar las c\u00e1maras de seguridad que podr\u00edan proporcionar pistas sobre los \u00faltimos movimientos de Adri\u00e1n. Al intentar gestionar esta orden en las fiscal\u00edas de Peravia y San Crist\u00f3bal, ambas instituciones alegaron que el &hellip;<\/p>\n","protected":false},"author":1,"featured_media":8642,"comment_status":"open","ping_status":"open","sticky":false,"template":"","format":"standard","meta":{"footnotes":""},"categories":[1],"tags":[842,664],"class_list":["post-8640","post","type-post","status-publish","format-standard","has-post-thumbnail","hentry","category-noticias","tag-desaparecido","tag-santo-domingo"],"acf":[],"_links":{"self":[{"href":"https:\/\/reporteoficial.net\/index.php\/wp-json\/wp\/v2\/posts\/8640","targetHints":{"allow":["GET"]}}],"collection":[{"href":"https:\/\/reporteoficial.net\/index.php\/wp-json\/wp\/v2\/posts"}],"about":[{"href":"https:\/\/reporteoficial.net\/index.php\/wp-json\/wp\/v2\/types\/post"}],"author":[{"embeddable":true,"href":"https:\/\/reporteoficial.net\/index.php\/wp-json\/wp\/v2\/users\/1"}],"replies":[{"embeddable":true,"href":"https:\/\/reporteoficial.net\/index.php\/wp-json\/wp\/v2\/comments?post=8640"}],"version-history":[{"count":1,"href":"https:\/\/reporteoficial.net\/index.php\/wp-json\/wp\/v2\/posts\/8640\/revisions"}],"predecessor-version":[{"id":8643,"href":"https:\/\/reporteoficial.net\/index.php\/wp-json\/wp\/v2\/posts\/8640\/revisions\/8643"}],"wp:featuredmedia":[{"embeddable":true,"href":"https:\/\/reporteoficial.net\/index.php\/wp-json\/wp\/v2\/media\/8642"}],"wp:attachment":[{"href":"https:\/\/reporteoficial.net\/index.php\/wp-json\/wp\/v2\/media?parent=8640"}],"wp:term":[{"taxonomy":"category","embeddable":true,"href":"https:\/\/reporteoficial.net\/index.php\/wp-json\/wp\/v2\/categories?post=8640"},{"taxonomy":"post_tag","embeddable":true,"href":"https:\/\/reporteoficial.net\/index.php\/wp-json\/wp\/v2\/tags?post=8640"}],"curies":[{"name":"wp","href":"https:\/\/api.w.org\/{rel}","templated":true}]}}