{"id":8499,"date":"2025-01-13T09:12:18","date_gmt":"2025-01-13T13:12:18","guid":{"rendered":"https:\/\/reporteoficial.net\/?p=8499"},"modified":"2025-01-13T09:13:55","modified_gmt":"2025-01-13T13:13:55","slug":"popeyes-abre-su-cuarto-restaurante-en-la-provincia-la-vega","status":"publish","type":"post","link":"https:\/\/reporteoficial.net\/index.php\/2025\/01\/13\/popeyes-abre-su-cuarto-restaurante-en-la-provincia-la-vega\/","title":{"rendered":"Popeyes\u00ae abre su cuarto restaurante en la provincia La Vega"},"content":{"rendered":"\n<p><strong>Los sabores de la famosa cadena de servicio r\u00e1pido llegan por primera vez a la zona Norte del pa\u00eds, con una amplia oferta de experiencias y tradiciones.<\/strong><\/p>\n\n\n\n<p>La Vega.- Los principales ejecutivos de la franquicia Popeyes\u00ae, la ic\u00f3nica marca de pollo frito dio apertura a su cuarto restaurante en Rep\u00fablica Dominicana, ubicado en la provincia La Vega ,Avenida Pedro A. Rivera casi esq. Manlio Bobadilla.<\/p>\n\n\n\n<figure class=\"wp-block-gallery has-nested-images columns-default is-cropped wp-block-gallery-1 is-layout-flex wp-block-gallery-is-layout-flex\">\n<figure class=\"wp-block-image size-large\"><img fetchpriority=\"high\" decoding=\"async\" width=\"1024\" height=\"683\" data-id=\"8502\" src=\"https:\/\/reporteoficial.net\/wp-content\/uploads\/2025\/01\/Foto-de-corte-de-cinta-Vivian-R-odriguez-realiza-corte-de-cinta-junto-a-Isabel-Turull-Domingo-Bermudez-Turull-Alexandra-B-1024x683.jpg\" alt=\"\" class=\"wp-image-8502\" srcset=\"https:\/\/reporteoficial.net\/wp-content\/uploads\/2025\/01\/Foto-de-corte-de-cinta-Vivian-R-odriguez-realiza-corte-de-cinta-junto-a-Isabel-Turull-Domingo-Bermudez-Turull-Alexandra-B-1024x683.jpg 1024w, https:\/\/reporteoficial.net\/wp-content\/uploads\/2025\/01\/Foto-de-corte-de-cinta-Vivian-R-odriguez-realiza-corte-de-cinta-junto-a-Isabel-Turull-Domingo-Bermudez-Turull-Alexandra-B-300x200.jpg 300w, https:\/\/reporteoficial.net\/wp-content\/uploads\/2025\/01\/Foto-de-corte-de-cinta-Vivian-R-odriguez-realiza-corte-de-cinta-junto-a-Isabel-Turull-Domingo-Bermudez-Turull-Alexandra-B-200x133.jpg 200w, https:\/\/reporteoficial.net\/wp-content\/uploads\/2025\/01\/Foto-de-corte-de-cinta-Vivian-R-odriguez-realiza-corte-de-cinta-junto-a-Isabel-Turull-Domingo-Bermudez-Turull-Alexandra-B-768x512.jpg 768w, https:\/\/reporteoficial.net\/wp-content\/uploads\/2025\/01\/Foto-de-corte-de-cinta-Vivian-R-odriguez-realiza-corte-de-cinta-junto-a-Isabel-Turull-Domingo-Bermudez-Turull-Alexandra-B-1536x1024.jpg 1536w, https:\/\/reporteoficial.net\/wp-content\/uploads\/2025\/01\/Foto-de-corte-de-cinta-Vivian-R-odriguez-realiza-corte-de-cinta-junto-a-Isabel-Turull-Domingo-Bermudez-Turull-Alexandra-B-480x320.jpg 480w\" sizes=\"(max-width: 1024px) 100vw, 1024px\" \/><\/figure>\n\n\n\n<figure class=\"wp-block-image size-large\"><img decoding=\"async\" width=\"1024\" height=\"737\" data-id=\"8501\" src=\"https:\/\/reporteoficial.net\/wp-content\/uploads\/2025\/01\/Foto-16-Fachada-tienda-Popeyes-en-La-Vega-ubicada-en-la-provincia-La-Vega-Avenida-Pedro-A.-Rivera-casi-esq.-Manlio-Bobadi-1024x737.jpg\" alt=\"\" class=\"wp-image-8501\" srcset=\"https:\/\/reporteoficial.net\/wp-content\/uploads\/2025\/01\/Foto-16-Fachada-tienda-Popeyes-en-La-Vega-ubicada-en-la-provincia-La-Vega-Avenida-Pedro-A.-Rivera-casi-esq.-Manlio-Bobadi-1024x737.jpg 1024w, https:\/\/reporteoficial.net\/wp-content\/uploads\/2025\/01\/Foto-16-Fachada-tienda-Popeyes-en-La-Vega-ubicada-en-la-provincia-La-Vega-Avenida-Pedro-A.-Rivera-casi-esq.-Manlio-Bobadi-300x216.jpg 300w, https:\/\/reporteoficial.net\/wp-content\/uploads\/2025\/01\/Foto-16-Fachada-tienda-Popeyes-en-La-Vega-ubicada-en-la-provincia-La-Vega-Avenida-Pedro-A.-Rivera-casi-esq.-Manlio-Bobadi-200x144.jpg 200w, https:\/\/reporteoficial.net\/wp-content\/uploads\/2025\/01\/Foto-16-Fachada-tienda-Popeyes-en-La-Vega-ubicada-en-la-provincia-La-Vega-Avenida-Pedro-A.-Rivera-casi-esq.-Manlio-Bobadi-768x553.jpg 768w, https:\/\/reporteoficial.net\/wp-content\/uploads\/2025\/01\/Foto-16-Fachada-tienda-Popeyes-en-La-Vega-ubicada-en-la-provincia-La-Vega-Avenida-Pedro-A.-Rivera-casi-esq.-Manlio-Bobadi-1536x1106.jpg 1536w, https:\/\/reporteoficial.net\/wp-content\/uploads\/2025\/01\/Foto-16-Fachada-tienda-Popeyes-en-La-Vega-ubicada-en-la-provincia-La-Vega-Avenida-Pedro-A.-Rivera-casi-esq.-Manlio-Bobadi-480x345.jpg 480w\" sizes=\"(max-width: 1024px) 100vw, 1024px\" \/><\/figure>\n\n\n\n<figure class=\"wp-block-image size-large\"><img decoding=\"async\" width=\"1024\" height=\"817\" data-id=\"8503\" src=\"https:\/\/reporteoficial.net\/wp-content\/uploads\/2025\/01\/Foto-6-Jose-Caceres-Melissa-Caceres-y-Jensson-Cruz-ganadores-por-ser-los-primeros-clientes-1024x817.jpg\" alt=\"\" class=\"wp-image-8503\" srcset=\"https:\/\/reporteoficial.net\/wp-content\/uploads\/2025\/01\/Foto-6-Jose-Caceres-Melissa-Caceres-y-Jensson-Cruz-ganadores-por-ser-los-primeros-clientes-1024x817.jpg 1024w, https:\/\/reporteoficial.net\/wp-content\/uploads\/2025\/01\/Foto-6-Jose-Caceres-Melissa-Caceres-y-Jensson-Cruz-ganadores-por-ser-los-primeros-clientes-300x239.jpg 300w, https:\/\/reporteoficial.net\/wp-content\/uploads\/2025\/01\/Foto-6-Jose-Caceres-Melissa-Caceres-y-Jensson-Cruz-ganadores-por-ser-los-primeros-clientes-200x160.jpg 200w, https:\/\/reporteoficial.net\/wp-content\/uploads\/2025\/01\/Foto-6-Jose-Caceres-Melissa-Caceres-y-Jensson-Cruz-ganadores-por-ser-los-primeros-clientes-768x612.jpg 768w, https:\/\/reporteoficial.net\/wp-content\/uploads\/2025\/01\/Foto-6-Jose-Caceres-Melissa-Caceres-y-Jensson-Cruz-ganadores-por-ser-los-primeros-clientes-480x383.jpg 480w, https:\/\/reporteoficial.net\/wp-content\/uploads\/2025\/01\/Foto-6-Jose-Caceres-Melissa-Caceres-y-Jensson-Cruz-ganadores-por-ser-los-primeros-clientes.jpg 1200w\" sizes=\"(max-width: 1024px) 100vw, 1024px\" \/><\/figure>\n\n\n\n<figure class=\"wp-block-image size-large\"><img loading=\"lazy\" decoding=\"async\" width=\"1024\" height=\"814\" data-id=\"8504\" src=\"https:\/\/reporteoficial.net\/wp-content\/uploads\/2025\/01\/Foto-3-Albenis-Segovia-Dilia-Aguavivas-y-Octavio-Callejas-1024x814.jpg\" alt=\"\" class=\"wp-image-8504\" srcset=\"https:\/\/reporteoficial.net\/wp-content\/uploads\/2025\/01\/Foto-3-Albenis-Segovia-Dilia-Aguavivas-y-Octavio-Callejas-1024x814.jpg 1024w, https:\/\/reporteoficial.net\/wp-content\/uploads\/2025\/01\/Foto-3-Albenis-Segovia-Dilia-Aguavivas-y-Octavio-Callejas-300x239.jpg 300w, https:\/\/reporteoficial.net\/wp-content\/uploads\/2025\/01\/Foto-3-Albenis-Segovia-Dilia-Aguavivas-y-Octavio-Callejas-200x159.jpg 200w, https:\/\/reporteoficial.net\/wp-content\/uploads\/2025\/01\/Foto-3-Albenis-Segovia-Dilia-Aguavivas-y-Octavio-Callejas-768x611.jpg 768w, https:\/\/reporteoficial.net\/wp-content\/uploads\/2025\/01\/Foto-3-Albenis-Segovia-Dilia-Aguavivas-y-Octavio-Callejas-480x382.jpg 480w, https:\/\/reporteoficial.net\/wp-content\/uploads\/2025\/01\/Foto-3-Albenis-Segovia-Dilia-Aguavivas-y-Octavio-Callejas.jpg 1200w\" sizes=\"(max-width: 1024px) 100vw, 1024px\" \/><\/figure>\n<\/figure>\n\n\n\n<p>Luego de haber inaugurado de forma exitosa sus primeros restaurantes en la Ave. Winston Churchill, centro comercial Sambil y Ave. Independencia, Popeyes continuar\u00e1 contagiando a los dominicanos al abrir su cuarto restaurante. Durante la apertura, los invitados pudieron disfrutar de experiencias y tradiciones, tanto gastron\u00f3micas como emocionales que ofrece la marca.<\/p>\n\n\n\n<p>\u201cNuestras expectativas fueron superadas este primer a\u00f1o, y con mucha felicidad abrimos esta cuarta sucursal. Nos sentimos muy agradecidos por la gran acogida que los dominicanos han tenido con la marca\u201d, expres\u00f3 Domingo Berm\u00fadez, gerente de Caleya S.A.S., propietaria de la franquicia en Rep\u00fablica Dominicana.<\/p>\n\n\n\n<p>El famoso pollo de Popeyes\u00ae est\u00e1 reci\u00e9n preparado, marinado al menos 12 horas en los sabrosos condimentos caj\u00fan, tradicionales de Luisiana, rebozado y empanizado a mano, cocinado lentamente a la perfecci\u00f3n utilizando condimentos y t\u00e9cnicas patentadas para obtener un pollo jugoso y crujiente. Los dominicanos ya pueden degustar el famoso Chicken S\u00e1ndwich que rompi\u00f3 el internet, uno de los productos de fama mundial de Popeyes\u00ae.&nbsp;<\/p>\n\n\n\n<p>De igual forma, Isabel Turull, CEO del Grupo Agape indic\u00f3: \u201cEstamos muy satisfechos por el gran recibimiento de los invitados, as\u00ed como de todos los esfuerzos realizados por nuestro equipo. Esto nos impulsa a seguir expandiendo la franquicia por todo el pa\u00eds, y llegaremos muy pronto a nuevas ciudades del Norte\u201d.&nbsp;<\/p>\n\n\n\n<p>Alexandra Bodden, directora de Mercadeo del Grupo Agape, explic\u00f3 que dentro de la oferta de men\u00fa podr\u00e1n degustar el s\u00e1ndwich de pollo m\u00e1s famoso del mundo, piezas de pollo en su versi\u00f3n picante y cl\u00e1sica, tenders, las famosas alitas picantes y los m\u00e1s deliciosos complementos como sus famosas papitas caj\u00fan, pur\u00e9 de papas con gravy, ensalada coleslaw, macarrones con queso y sus famosos biscuits. El restaurante estar\u00e1 abierto desde las 10:00 am hasta las 11:00 pm de lunes a domingo a trav\u00e9s de su comedor, drive thru, y tambi\u00e9n por Pedidos Ya.<\/p>\n\n\n\n<p>El corte de cinta para dar apertura formal al restaurante cont\u00f3 con la presencia de la alcaldesa del municipio de La Vega Amparo Custodio, la Sra. Vivian Bello y los ejecutivos de la marca; quienes celebraron junto a los invitados al estilo New Orleans esta gran apertura.<\/p>\n\n\n\n<p><strong>Acerca de Popeyes\u00ae<\/strong><\/p>\n\n\n\n<p>Fundada en Nueva Orleans en 1972, Popeyes\u00ae cuenta con m\u00e1s de 50 a\u00f1os de historia y tradici\u00f3n culinaria. Popeyes\u00ae se distingue con un men\u00fa \u00fanico al estilo de Nueva Orleans que incluye pollo picante, filetes de pollo y otros platos regionales. La pasi\u00f3n de la cadena por su herencia de Luisiana y la comida aut\u00e9ntica y sabrosa ha permitido que Popeyes\u00ae se convierta en uno de los restaurantes de servicio r\u00e1pido de pollo m\u00e1s grandes del mundo con m\u00e1s de 3,800 restaurantes en los EE. UU. y en todo el mundo.<\/p>\n\n\n\n<p><strong>Acerca de Caleya S.A.S.<\/strong><\/p>\n\n\n\n<p>Caleya, S.A.S. Como parte de Grupo Agape, un conglomerado empresarial es una de las empresas de servicio de comida r\u00e1pida m\u00e1s grande de Rep\u00fablica Dominicana con 33 Restaurantes Burger King\u00ae, 24 Papa Johns\u00ae y 17 Krispy Kreme\u00ae. Actualmente con m\u00e1s de 1,500 empleos directos, en su mayor\u00eda j\u00f3venes, y tambi\u00e9n apoyando a los agricultores y productores locales d\u00e1ndoles una nueva oportunidad de comercializar sus bienes y servicios, desarrollando el sector agropecuario y ofreciendo adem\u00e1s nuevas marcas internacionales que den confianza a los turistas que visitan Rep\u00fablica Dominicana.<\/p>\n","protected":false},"excerpt":{"rendered":"<p>Los sabores de la famosa cadena de servicio r\u00e1pido llegan por primera vez a la zona Norte del pa\u00eds, con una amplia oferta de experiencias y tradiciones. La Vega.- Los principales ejecutivos de la franquicia Popeyes\u00ae, la ic\u00f3nica marca de pollo frito dio apertura a su cuarto restaurante en Rep\u00fablica Dominicana, ubicado en la provincia La Vega ,Avenida Pedro A. Rivera casi esq. Manlio Bobadilla. Luego de haber inaugurado de forma exitosa sus primeros restaurantes en la Ave. Winston Churchill, centro comercial Sambil y Ave. Independencia, Popeyes continuar\u00e1 contagiando a los dominicanos al abrir su cuarto restaurante. Durante la apertura, los invitados pudieron disfrutar de experiencias y tradiciones, tanto gastron\u00f3micas como emocionales que ofrece la marca. \u201cNuestras expectativas fueron superadas este primer a\u00f1o, y con mucha felicidad abrimos esta cuarta sucursal. Nos sentimos muy agradecidos por la gran acogida que los dominicanos han tenido con la marca\u201d, expres\u00f3 Domingo Berm\u00fadez, gerente de Caleya S.A.S., propietaria de la franquicia en Rep\u00fablica Dominicana. El famoso pollo de Popeyes\u00ae est\u00e1 reci\u00e9n preparado, marinado al menos 12 horas en los sabrosos condimentos caj\u00fan, tradicionales de Luisiana, rebozado y empanizado a mano, cocinado lentamente a la perfecci\u00f3n utilizando condimentos y t\u00e9cnicas patentadas para obtener un &hellip;<\/p>\n","protected":false},"author":1,"featured_media":8500,"comment_status":"open","ping_status":"open","sticky":false,"template":"","format":"standard","meta":{"footnotes":""},"categories":[2],"tags":[174,796,100,795],"class_list":["post-8499","post","type-post","status-publish","format-standard","has-post-thumbnail","hentry","category-gastronomia","tag-gastronomia","tag-la-vega","tag-noticias","tag-popeyes"],"acf":[],"_links":{"self":[{"href":"https:\/\/reporteoficial.net\/index.php\/wp-json\/wp\/v2\/posts\/8499","targetHints":{"allow":["GET"]}}],"collection":[{"href":"https:\/\/reporteoficial.net\/index.php\/wp-json\/wp\/v2\/posts"}],"about":[{"href":"https:\/\/reporteoficial.net\/index.php\/wp-json\/wp\/v2\/types\/post"}],"author":[{"embeddable":true,"href":"https:\/\/reporteoficial.net\/index.php\/wp-json\/wp\/v2\/users\/1"}],"replies":[{"embeddable":true,"href":"https:\/\/reporteoficial.net\/index.php\/wp-json\/wp\/v2\/comments?post=8499"}],"version-history":[{"count":1,"href":"https:\/\/reporteoficial.net\/index.php\/wp-json\/wp\/v2\/posts\/8499\/revisions"}],"predecessor-version":[{"id":8505,"href":"https:\/\/reporteoficial.net\/index.php\/wp-json\/wp\/v2\/posts\/8499\/revisions\/8505"}],"wp:featuredmedia":[{"embeddable":true,"href":"https:\/\/reporteoficial.net\/index.php\/wp-json\/wp\/v2\/media\/8500"}],"wp:attachment":[{"href":"https:\/\/reporteoficial.net\/index.php\/wp-json\/wp\/v2\/media?parent=8499"}],"wp:term":[{"taxonomy":"category","embeddable":true,"href":"https:\/\/reporteoficial.net\/index.php\/wp-json\/wp\/v2\/categories?post=8499"},{"taxonomy":"post_tag","embeddable":true,"href":"https:\/\/reporteoficial.net\/index.php\/wp-json\/wp\/v2\/tags?post=8499"}],"curies":[{"name":"wp","href":"https:\/\/api.w.org\/{rel}","templated":true}]}}