{"id":8196,"date":"2024-12-12T07:47:10","date_gmt":"2024-12-12T11:47:10","guid":{"rendered":"https:\/\/reporteoficial.net\/?p=8196"},"modified":"2024-12-12T07:47:11","modified_gmt":"2024-12-12T11:47:11","slug":"charles-mariotti-sobre-su-posible-candidatura-presidencial-el-pld-necesita-un-candidato-presidencial-360","status":"publish","type":"post","link":"https:\/\/reporteoficial.net\/index.php\/2024\/12\/12\/charles-mariotti-sobre-su-posible-candidatura-presidencial-el-pld-necesita-un-candidato-presidencial-360\/","title":{"rendered":"Charles Mariotti sobre su posible candidatura presidencial: \u00abEl PLD necesita un candidato presidencial 360\u00bb"},"content":{"rendered":"\n<p>Santo Domingo. -El ex-secretario general del Partido de la Liberaci\u00f3n Dominicana (PLD), Charles Mariotti, afirm\u00f3 que ante una posible candidatura a la presidencia de la Rep\u00fablica, esa organizaci\u00f3n pol\u00edtica necesita una candidatura de 360 grados a nivel presidencial.<\/p>\n\n\n\n<p>Al ser cuestionado sobre sus posibles aspiraciones a dirigir el pa\u00eds, el tambi\u00e9n exgobernador de la provincia de Monte Plata aclar\u00f3 que cuando dice 360, se refiera a una candidatura totalmente redonda, que tenga relaciones excelentes con los medios de comunicaci\u00f3n, al menos a un 95% sin favoritos.<\/p>\n\n\n\n<p>\u201cEl PLD necesita una candidatura 360, que se lleve bien con el alto empresariado, pero que tambi\u00e9n sepa poner los puntos sobre las ies, a esos poderes\u201d, destac\u00f3 el exsenador de Monte Plata.<\/p>\n\n\n\n<p>Adem\u00e1s, Mariotti dijo que dicha candidatura tambi\u00e9n debe poder llegarle a la clase media, que se identifique con ellos, hoy golpeada por el actual gobierno del PRM.<\/p>\n\n\n\n<p>\u201cQue a pesar de que el Banco Central viene anunciando y diciendo que hay variaciones en la tasa de pol\u00edtica monetaria, sin embargo, los intereses de los pr\u00e9stamos hipotecarios, al consumo y de tarjetas de cr\u00e9dito no bajan\u201d.<\/p>\n\n\n\n<p>Igualmente, el dirigente pol\u00edtico se refiri\u00f3 a una candidatura que sea capaz de mirar al campo y hacia los agricultores, pero tambi\u00e9n que conecte con los movimientos deportivos, culturales, con empat\u00eda suficiente, alma y coraz\u00f3n para identificarse con los sectores m\u00e1s vulnerables y carenciados de la Rep\u00fablica Dominicana.<\/p>\n","protected":false},"excerpt":{"rendered":"<p>Santo Domingo. -El ex-secretario general del Partido de la Liberaci\u00f3n Dominicana (PLD), Charles Mariotti, afirm\u00f3 que ante una posible candidatura a la presidencia de la Rep\u00fablica, esa organizaci\u00f3n pol\u00edtica necesita una candidatura de 360 grados a nivel presidencial. Al ser cuestionado sobre sus posibles aspiraciones a dirigir el pa\u00eds, el tambi\u00e9n exgobernador de la provincia de Monte Plata aclar\u00f3 que cuando dice 360, se refiera a una candidatura totalmente redonda, que tenga relaciones excelentes con los medios de comunicaci\u00f3n, al menos a un 95% sin favoritos. \u201cEl PLD necesita una candidatura 360, que se lleve bien con el alto empresariado, pero que tambi\u00e9n sepa poner los puntos sobre las ies, a esos poderes\u201d, destac\u00f3 el exsenador de Monte Plata. Adem\u00e1s, Mariotti dijo que dicha candidatura tambi\u00e9n debe poder llegarle a la clase media, que se identifique con ellos, hoy golpeada por el actual gobierno del PRM. \u201cQue a pesar de que el Banco Central viene anunciando y diciendo que hay variaciones en la tasa de pol\u00edtica monetaria, sin embargo, los intereses de los pr\u00e9stamos hipotecarios, al consumo y de tarjetas de cr\u00e9dito no bajan\u201d. Igualmente, el dirigente pol\u00edtico se refiri\u00f3 a una candidatura que sea capaz de mirar al campo &hellip;<\/p>\n","protected":false},"author":1,"featured_media":8197,"comment_status":"open","ping_status":"open","sticky":false,"template":"","format":"standard","meta":{"footnotes":""},"categories":[140],"tags":[122,100,125,144],"class_list":["post-8196","post","type-post","status-publish","format-standard","has-post-thumbnail","hentry","category-politica","tag-nacionales","tag-noticias","tag-politica","tag-politica-2"],"acf":[],"_links":{"self":[{"href":"https:\/\/reporteoficial.net\/index.php\/wp-json\/wp\/v2\/posts\/8196","targetHints":{"allow":["GET"]}}],"collection":[{"href":"https:\/\/reporteoficial.net\/index.php\/wp-json\/wp\/v2\/posts"}],"about":[{"href":"https:\/\/reporteoficial.net\/index.php\/wp-json\/wp\/v2\/types\/post"}],"author":[{"embeddable":true,"href":"https:\/\/reporteoficial.net\/index.php\/wp-json\/wp\/v2\/users\/1"}],"replies":[{"embeddable":true,"href":"https:\/\/reporteoficial.net\/index.php\/wp-json\/wp\/v2\/comments?post=8196"}],"version-history":[{"count":1,"href":"https:\/\/reporteoficial.net\/index.php\/wp-json\/wp\/v2\/posts\/8196\/revisions"}],"predecessor-version":[{"id":8198,"href":"https:\/\/reporteoficial.net\/index.php\/wp-json\/wp\/v2\/posts\/8196\/revisions\/8198"}],"wp:featuredmedia":[{"embeddable":true,"href":"https:\/\/reporteoficial.net\/index.php\/wp-json\/wp\/v2\/media\/8197"}],"wp:attachment":[{"href":"https:\/\/reporteoficial.net\/index.php\/wp-json\/wp\/v2\/media?parent=8196"}],"wp:term":[{"taxonomy":"category","embeddable":true,"href":"https:\/\/reporteoficial.net\/index.php\/wp-json\/wp\/v2\/categories?post=8196"},{"taxonomy":"post_tag","embeddable":true,"href":"https:\/\/reporteoficial.net\/index.php\/wp-json\/wp\/v2\/tags?post=8196"}],"curies":[{"name":"wp","href":"https:\/\/api.w.org\/{rel}","templated":true}]}}