{"id":8160,"date":"2024-12-12T06:57:29","date_gmt":"2024-12-12T10:57:29","guid":{"rendered":"https:\/\/reporteoficial.net\/?p=8160"},"modified":"2024-12-12T06:57:30","modified_gmt":"2024-12-12T10:57:30","slug":"international-dance-fest-el-festival-de-la-danza-del-caribe-anuncia-su-tercera-edicion","status":"publish","type":"post","link":"https:\/\/reporteoficial.net\/index.php\/2024\/12\/12\/international-dance-fest-el-festival-de-la-danza-del-caribe-anuncia-su-tercera-edicion\/","title":{"rendered":"International Dance Fest, el festival de la danza del Caribe, anuncia su tercera edici\u00f3n"},"content":{"rendered":"\n<p>Santo Domingo.- El afamado festival de la danza de Rep\u00fablica Dominicana y el Caribe, International Dance Fest (#IDF), anunci\u00f3 su tercera edici\u00f3n por todo lo alto, con fines de reafirmar el posicionamiento del talento, con una clase magistral a cargo de Josh Cesan, core\u00f3grafo y bailar\u00edn de ORIGEN Neo Zelandez, campe\u00f3n mundial de Hip Hop y core\u00f3grafo de la afamada agrupaci\u00f3n urbana, IDCO.<\/p>\n\n\n\n<p>Esta plataforma art\u00edstica de formaci\u00f3n, promoci\u00f3n y educaci\u00f3n de bailarines con sede en la Rep\u00fablica Dominicana, ha contado con la participaci\u00f3n de artistas de la hermana Rep\u00fablica de Hait\u00ed, Estados Unidos, Chile, Colombia, Puerto Rico, Panam\u00e1, Per\u00fa, Cuba, Curacao, M\u00e9xico y Nueva Zelanda.<\/p>\n\n\n\n<p>El festival, bajo la direcci\u00f3n de Erick Guzm\u00e1n, busca continuar el desarrollo y fomentar el crecimiento de la comunidad de artistas de la danza en la Rep\u00fablica Dominicana y la regi\u00f3n del caribe.<\/p>\n\n\n\n<p>International Dance Fest 2025 tendr\u00e1 lugar en la Sala Manuel Rueda de las escuelas de Bellas Artes, los d\u00edas 2, 3 y 4 de Mayo de 2025.<\/p>\n\n\n\n<p>@internationaldancefest #IDF2025 #ForeverFest<\/p>\n","protected":false},"excerpt":{"rendered":"<p>Santo Domingo.- El afamado festival de la danza de Rep\u00fablica Dominicana y el Caribe, International Dance Fest (#IDF), anunci\u00f3 su tercera edici\u00f3n por todo lo alto, con fines de reafirmar el posicionamiento del talento, con una clase magistral a cargo de Josh Cesan, core\u00f3grafo y bailar\u00edn de ORIGEN Neo Zelandez, campe\u00f3n mundial de Hip Hop y core\u00f3grafo de la afamada agrupaci\u00f3n urbana, IDCO. Esta plataforma art\u00edstica de formaci\u00f3n, promoci\u00f3n y educaci\u00f3n de bailarines con sede en la Rep\u00fablica Dominicana, ha contado con la participaci\u00f3n de artistas de la hermana Rep\u00fablica de Hait\u00ed, Estados Unidos, Chile, Colombia, Puerto Rico, Panam\u00e1, Per\u00fa, Cuba, Curacao, M\u00e9xico y Nueva Zelanda. El festival, bajo la direcci\u00f3n de Erick Guzm\u00e1n, busca continuar el desarrollo y fomentar el crecimiento de la comunidad de artistas de la danza en la Rep\u00fablica Dominicana y la regi\u00f3n del caribe. International Dance Fest 2025 tendr\u00e1 lugar en la Sala Manuel Rueda de las escuelas de Bellas Artes, los d\u00edas 2, 3 y 4 de Mayo de 2025. @internationaldancefest #IDF2025 #ForeverFest<\/p>\n","protected":false},"author":1,"featured_media":8161,"comment_status":"open","ping_status":"open","sticky":false,"template":"","format":"standard","meta":{"footnotes":""},"categories":[18],"tags":[112,86,101,70,100],"class_list":["post-8160","post","type-post","status-publish","format-standard","has-post-thumbnail","hentry","category-farandula","tag-arte","tag-cantante","tag-farandula","tag-musica","tag-noticias"],"acf":[],"_links":{"self":[{"href":"https:\/\/reporteoficial.net\/index.php\/wp-json\/wp\/v2\/posts\/8160","targetHints":{"allow":["GET"]}}],"collection":[{"href":"https:\/\/reporteoficial.net\/index.php\/wp-json\/wp\/v2\/posts"}],"about":[{"href":"https:\/\/reporteoficial.net\/index.php\/wp-json\/wp\/v2\/types\/post"}],"author":[{"embeddable":true,"href":"https:\/\/reporteoficial.net\/index.php\/wp-json\/wp\/v2\/users\/1"}],"replies":[{"embeddable":true,"href":"https:\/\/reporteoficial.net\/index.php\/wp-json\/wp\/v2\/comments?post=8160"}],"version-history":[{"count":1,"href":"https:\/\/reporteoficial.net\/index.php\/wp-json\/wp\/v2\/posts\/8160\/revisions"}],"predecessor-version":[{"id":8162,"href":"https:\/\/reporteoficial.net\/index.php\/wp-json\/wp\/v2\/posts\/8160\/revisions\/8162"}],"wp:featuredmedia":[{"embeddable":true,"href":"https:\/\/reporteoficial.net\/index.php\/wp-json\/wp\/v2\/media\/8161"}],"wp:attachment":[{"href":"https:\/\/reporteoficial.net\/index.php\/wp-json\/wp\/v2\/media?parent=8160"}],"wp:term":[{"taxonomy":"category","embeddable":true,"href":"https:\/\/reporteoficial.net\/index.php\/wp-json\/wp\/v2\/categories?post=8160"},{"taxonomy":"post_tag","embeddable":true,"href":"https:\/\/reporteoficial.net\/index.php\/wp-json\/wp\/v2\/tags?post=8160"}],"curies":[{"name":"wp","href":"https:\/\/api.w.org\/{rel}","templated":true}]}}