{"id":7869,"date":"2024-12-03T07:43:50","date_gmt":"2024-12-03T11:43:50","guid":{"rendered":"https:\/\/reporteoficial.net\/?p=7869"},"modified":"2024-12-03T07:43:50","modified_gmt":"2024-12-03T11:43:50","slug":"influence-valerie-diaz-promueve-valores-de-la-juventud-dominicana-ofrecera-charlas-gratuitas-en-temas-de-crecimiento-personal","status":"publish","type":"post","link":"https:\/\/reporteoficial.net\/index.php\/2024\/12\/03\/influence-valerie-diaz-promueve-valores-de-la-juventud-dominicana-ofrecera-charlas-gratuitas-en-temas-de-crecimiento-personal\/","title":{"rendered":"Influence Valerie D\u00edaz, promueve valores de la juventud dominicana; ofrecer\u00e1 charlas gratuitas en temas de crecimiento personal"},"content":{"rendered":"\n<p>Santo Domingo. -Valerie Diaz, destacada influencer que por sus redes sociales, promueve los valores positivos de la juventud dominicana, ha decidido iniciar una serie de charlas y conferencias con el objetivo de capacitar de forma gratuita a la juventud dominicana en temas como el liderazgo, emprendedurismo, educaci\u00f3n integral y crecimiento personal.<\/p>\n\n\n\n<figure class=\"wp-block-image size-large\"><img fetchpriority=\"high\" decoding=\"async\" width=\"1024\" height=\"1365\" src=\"https:\/\/reporteoficial.net\/wp-content\/uploads\/2024\/12\/Unknown-24-1024x1365.jpeg\" alt=\"\" class=\"wp-image-7871\" srcset=\"https:\/\/reporteoficial.net\/wp-content\/uploads\/2024\/12\/Unknown-24-1024x1365.jpeg 1024w, https:\/\/reporteoficial.net\/wp-content\/uploads\/2024\/12\/Unknown-24-300x400.jpeg 300w, https:\/\/reporteoficial.net\/wp-content\/uploads\/2024\/12\/Unknown-24-200x267.jpeg 200w, https:\/\/reporteoficial.net\/wp-content\/uploads\/2024\/12\/Unknown-24-768x1024.jpeg 768w, https:\/\/reporteoficial.net\/wp-content\/uploads\/2024\/12\/Unknown-24-1152x1536.jpeg 1152w, https:\/\/reporteoficial.net\/wp-content\/uploads\/2024\/12\/Unknown-24-1536x2048.jpeg 1536w, https:\/\/reporteoficial.net\/wp-content\/uploads\/2024\/12\/Unknown-24-480x640.jpeg 480w, https:\/\/reporteoficial.net\/wp-content\/uploads\/2024\/12\/Unknown-24-scaled.jpeg 1920w\" sizes=\"(max-width: 1024px) 100vw, 1024px\" \/><\/figure>\n\n\n\n<p>Las charlas que iniciar\u00e1n en Enero de 2025, contar\u00e1n a dem\u00e1s, con invitados especiales, directores de instituciones p\u00fablicas y privadas. Con el objetivo de orientar a los y las dominicanas, entre edades de 15 a 25 a\u00f1os, en la importancia de aprovechar estas edades, para lograr objetivos positivos para sus vidas y nuestra naci\u00f3n.<\/p>\n\n\n\n<p>\u00abMi prop\u00f3sito es crear una cultura de empoderamiento a temprana edad, demostrando que los dominicanos s\u00ed podemos encaminarnos, haciendo las cosas bien, con enfoque y dedicaci\u00f3n, para ser mejores personas en el por venir\u00bb, indic\u00f3 la joven de 17 a\u00f1os.<\/p>\n\n\n\n<p>Mediante su cuenta @convalerierd, todos los interesados podr\u00e1n seleccionar los diferentes talleres y ver los expositores que acompa\u00f1aran a la destacada influencer en tan importante decisi\u00f3n de compartir conocimiento, para tener un mejor pa\u00eds.<\/p>\n","protected":false},"excerpt":{"rendered":"<p>Santo Domingo. -Valerie Diaz, destacada influencer que por sus redes sociales, promueve los valores positivos de la juventud dominicana, ha decidido iniciar una serie de charlas y conferencias con el objetivo de capacitar de forma gratuita a la juventud dominicana en temas como el liderazgo, emprendedurismo, educaci\u00f3n integral y crecimiento personal. Las charlas que iniciar\u00e1n en Enero de 2025, contar\u00e1n a dem\u00e1s, con invitados especiales, directores de instituciones p\u00fablicas y privadas. Con el objetivo de orientar a los y las dominicanas, entre edades de 15 a 25 a\u00f1os, en la importancia de aprovechar estas edades, para lograr objetivos positivos para sus vidas y nuestra naci\u00f3n. \u00abMi prop\u00f3sito es crear una cultura de empoderamiento a temprana edad, demostrando que los dominicanos s\u00ed podemos encaminarnos, haciendo las cosas bien, con enfoque y dedicaci\u00f3n, para ser mejores personas en el por venir\u00bb, indic\u00f3 la joven de 17 a\u00f1os. Mediante su cuenta @convalerierd, todos los interesados podr\u00e1n seleccionar los diferentes talleres y ver los expositores que acompa\u00f1aran a la destacada influencer en tan importante decisi\u00f3n de compartir conocimiento, para tener un mejor pa\u00eds.<\/p>\n","protected":false},"author":1,"featured_media":7870,"comment_status":"open","ping_status":"open","sticky":false,"template":"","format":"standard","meta":{"footnotes":""},"categories":[547],"tags":[652,129],"class_list":["post-7869","post","type-post","status-publish","format-standard","has-post-thumbnail","hentry","category-emprendedores","tag-influencer","tag-juventud"],"acf":[],"_links":{"self":[{"href":"https:\/\/reporteoficial.net\/index.php\/wp-json\/wp\/v2\/posts\/7869","targetHints":{"allow":["GET"]}}],"collection":[{"href":"https:\/\/reporteoficial.net\/index.php\/wp-json\/wp\/v2\/posts"}],"about":[{"href":"https:\/\/reporteoficial.net\/index.php\/wp-json\/wp\/v2\/types\/post"}],"author":[{"embeddable":true,"href":"https:\/\/reporteoficial.net\/index.php\/wp-json\/wp\/v2\/users\/1"}],"replies":[{"embeddable":true,"href":"https:\/\/reporteoficial.net\/index.php\/wp-json\/wp\/v2\/comments?post=7869"}],"version-history":[{"count":1,"href":"https:\/\/reporteoficial.net\/index.php\/wp-json\/wp\/v2\/posts\/7869\/revisions"}],"predecessor-version":[{"id":7872,"href":"https:\/\/reporteoficial.net\/index.php\/wp-json\/wp\/v2\/posts\/7869\/revisions\/7872"}],"wp:featuredmedia":[{"embeddable":true,"href":"https:\/\/reporteoficial.net\/index.php\/wp-json\/wp\/v2\/media\/7870"}],"wp:attachment":[{"href":"https:\/\/reporteoficial.net\/index.php\/wp-json\/wp\/v2\/media?parent=7869"}],"wp:term":[{"taxonomy":"category","embeddable":true,"href":"https:\/\/reporteoficial.net\/index.php\/wp-json\/wp\/v2\/categories?post=7869"},{"taxonomy":"post_tag","embeddable":true,"href":"https:\/\/reporteoficial.net\/index.php\/wp-json\/wp\/v2\/tags?post=7869"}],"curies":[{"name":"wp","href":"https:\/\/api.w.org\/{rel}","templated":true}]}}