{"id":7729,"date":"2024-12-01T06:47:43","date_gmt":"2024-12-01T10:47:43","guid":{"rendered":"https:\/\/reporteoficial.net\/?p=7729"},"modified":"2024-12-01T06:47:44","modified_gmt":"2024-12-01T10:47:44","slug":"celebran-con-exito-la-primera-edicion-de-expo-emprende-enpro-2024","status":"publish","type":"post","link":"https:\/\/reporteoficial.net\/index.php\/2024\/12\/01\/celebran-con-exito-la-primera-edicion-de-expo-emprende-enpro-2024\/","title":{"rendered":"Celebran con \u00e9xito la primera edici\u00f3n de Expo Emprende EnPro 2024"},"content":{"rendered":"\n<p>Con una destacada participaci\u00f3n de marcas emergentes y consolidadas, Expo Emprende EnPro 2024 se convirti\u00f3 en una celebraci\u00f3n del talento emprendedor dominicano<\/p>\n\n\n\n<p>Santo Domingo. \u2013 La primera edici\u00f3n de Expo Emprende EnPro 2024 culmin\u00f3 con rotundo \u00e9xito tras dos intensas jornadas celebradas en el sal\u00f3n de eventos de Plaza Central. El evento, una iniciativa impulsada por Elizabeth Vargas y producido por Anorki Rodr\u00edguez, reuni\u00f3 a marcas emergentes y consolidadas que, con su participaci\u00f3n, brindaron un importante espaldarazo a la clase emprendedora dominicana. La conducci\u00f3n estuvo a cargo de la comunicadora Estephania Castillo, quien aport\u00f3 su carisma y profesionalismo al desarrollo del evento.<\/p>\n\n\n\n<p>Durante el encuentro, cientos de asistentes tuvieron la oportunidad de disfrutar de un programa cuidadosamente dise\u00f1ado, que incluy\u00f3 conferencias inspiradoras por la Dra. Anny Fr\u00edas, Alfania Mendoza, Alonso Ledesma, Stephany Barrientos, Laurie Pe\u00f1a y Paloma Bonilla, asi como talleres pr\u00e1cticos y un destacado panel de expertos titulado \u2018L\u00edderes EnPro\u2019. Este panel, moderado por Rafaelina Bison\u00f3 y Aris Cruz, cont\u00f3 con la participaci\u00f3n de reconocidas figuras como Viena Hern\u00e1ndez, Yan Suriel, G\u00e9nesis Ferm\u00edn, Eddy Santiago, G\u00e9nesis Gil, Susana Crese, Jessica Klemps y el Dr. Benjam\u00edn De La Cruz, quienes compartieron sus experiencias y conocimientos, dejando una profunda huella en los presentes.<\/p>\n\n\n\n<p>Impulso al talento emprendedor<\/p>\n\n\n\n<p>Expo Emprende EnPro 2024 se consolid\u00f3 como un espacio de conexi\u00f3n y aprendizaje para la comunidad emprendedora del pa\u00eds, con jornadas estuvieron marcadas por el entusiasmo de los asistentes, quienes tuvieron acceso a una exhibici\u00f3n de productos y servicios, representados tanto por emprendedores en ascenso como por empresas consolidadas, demostrando la diversidad y calidad del talento local.<\/p>\n\n\n\n<p>Los organizadores, encabezados por Elizabeth Vargas, Henry Guerrero, Rogel Mercado, expresaron su satisfacci\u00f3n por el impacto generado, destacando la importancia de fomentar un ecosistema emprendedor s\u00f3lido y colaborativo.<\/p>\n\n\n\n<p>\u201cExpo Emprende EnPro 2024 ha sido un verdadero homenaje al esfuerzo y la creatividad de nuestra comunidad emprendedora. Este es solo el comienzo de una plataforma que busca inspirar y abrir puertas para quienes trabajan por sus sue\u00f1os\u00bb, expres\u00f3 Elizabeth Vargas, fundadora del evento, al destacar el impacto positivo de esta primera edici\u00f3n<\/p>\n\n\n\n<p>Un evento transformador<\/p>\n\n\n\n<p>Con este primer paso, Expo Emprende EnPro se posiciona como una plataforma indispensable para el desarrollo del emprendimiento en la Rep\u00fablica Dominicana, abriendo las puertas a nuevas oportunidades de crecimiento e innovaci\u00f3n.<\/p>\n\n\n\n<p>Los asistentes coincidieron en que la iniciativa marc\u00f3 un hito en el \u00e1mbito empresarial, prometiendo convertirse en una cita anual de referencia para los emprendedores y l\u00edderes del mercado en el pa\u00eds, y esperan con ansias la edici\u00f3n 2025, que se estar\u00e1 planificando desde principios del pr\u00f3ximo a\u00f1o.<\/p>\n","protected":false},"excerpt":{"rendered":"<p>Con una destacada participaci\u00f3n de marcas emergentes y consolidadas, Expo Emprende EnPro 2024 se convirti\u00f3 en una celebraci\u00f3n del talento emprendedor dominicano Santo Domingo. \u2013 La primera edici\u00f3n de Expo Emprende EnPro 2024 culmin\u00f3 con rotundo \u00e9xito tras dos intensas jornadas celebradas en el sal\u00f3n de eventos de Plaza Central. El evento, una iniciativa impulsada por Elizabeth Vargas y producido por Anorki Rodr\u00edguez, reuni\u00f3 a marcas emergentes y consolidadas que, con su participaci\u00f3n, brindaron un importante espaldarazo a la clase emprendedora dominicana. La conducci\u00f3n estuvo a cargo de la comunicadora Estephania Castillo, quien aport\u00f3 su carisma y profesionalismo al desarrollo del evento. Durante el encuentro, cientos de asistentes tuvieron la oportunidad de disfrutar de un programa cuidadosamente dise\u00f1ado, que incluy\u00f3 conferencias inspiradoras por la Dra. Anny Fr\u00edas, Alfania Mendoza, Alonso Ledesma, Stephany Barrientos, Laurie Pe\u00f1a y Paloma Bonilla, asi como talleres pr\u00e1cticos y un destacado panel de expertos titulado \u2018L\u00edderes EnPro\u2019. Este panel, moderado por Rafaelina Bison\u00f3 y Aris Cruz, cont\u00f3 con la participaci\u00f3n de reconocidas figuras como Viena Hern\u00e1ndez, Yan Suriel, G\u00e9nesis Ferm\u00edn, Eddy Santiago, G\u00e9nesis Gil, Susana Crese, Jessica Klemps y el Dr. Benjam\u00edn De La Cruz, quienes compartieron sus experiencias y conocimientos, dejando una profunda huella en &hellip;<\/p>\n","protected":false},"author":1,"featured_media":7730,"comment_status":"open","ping_status":"open","sticky":false,"template":"","format":"standard","meta":{"footnotes":""},"categories":[547],"tags":[112,148,100],"class_list":["post-7729","post","type-post","status-publish","format-standard","has-post-thumbnail","hentry","category-emprendedores","tag-arte","tag-expo","tag-noticias"],"acf":[],"_links":{"self":[{"href":"https:\/\/reporteoficial.net\/index.php\/wp-json\/wp\/v2\/posts\/7729","targetHints":{"allow":["GET"]}}],"collection":[{"href":"https:\/\/reporteoficial.net\/index.php\/wp-json\/wp\/v2\/posts"}],"about":[{"href":"https:\/\/reporteoficial.net\/index.php\/wp-json\/wp\/v2\/types\/post"}],"author":[{"embeddable":true,"href":"https:\/\/reporteoficial.net\/index.php\/wp-json\/wp\/v2\/users\/1"}],"replies":[{"embeddable":true,"href":"https:\/\/reporteoficial.net\/index.php\/wp-json\/wp\/v2\/comments?post=7729"}],"version-history":[{"count":1,"href":"https:\/\/reporteoficial.net\/index.php\/wp-json\/wp\/v2\/posts\/7729\/revisions"}],"predecessor-version":[{"id":7731,"href":"https:\/\/reporteoficial.net\/index.php\/wp-json\/wp\/v2\/posts\/7729\/revisions\/7731"}],"wp:featuredmedia":[{"embeddable":true,"href":"https:\/\/reporteoficial.net\/index.php\/wp-json\/wp\/v2\/media\/7730"}],"wp:attachment":[{"href":"https:\/\/reporteoficial.net\/index.php\/wp-json\/wp\/v2\/media?parent=7729"}],"wp:term":[{"taxonomy":"category","embeddable":true,"href":"https:\/\/reporteoficial.net\/index.php\/wp-json\/wp\/v2\/categories?post=7729"},{"taxonomy":"post_tag","embeddable":true,"href":"https:\/\/reporteoficial.net\/index.php\/wp-json\/wp\/v2\/tags?post=7729"}],"curies":[{"name":"wp","href":"https:\/\/api.w.org\/{rel}","templated":true}]}}