{"id":7560,"date":"2024-11-27T17:16:22","date_gmt":"2024-11-27T21:16:22","guid":{"rendered":"https:\/\/reporteoficial.net\/?p=7560"},"modified":"2024-11-27T17:16:22","modified_gmt":"2024-11-27T21:16:22","slug":"ayuntamiento-de-sde-y-sns-realizan-operativo-de-prevencion-de-cancer-de-mama-cervicouterino-y-prostata","status":"publish","type":"post","link":"https:\/\/reporteoficial.net\/index.php\/2024\/11\/27\/ayuntamiento-de-sde-y-sns-realizan-operativo-de-prevencion-de-cancer-de-mama-cervicouterino-y-prostata\/","title":{"rendered":"Ayuntamiento de SDE y SNS realizan Operativo de Prevenci\u00f3n de C\u00e1ncer de Mama, Cervicouterino y Pr\u00f3stata"},"content":{"rendered":"\n<p>Santo Domingo Este.- El Ayuntamiento de Santo Domingo Este (ASDE) realiz\u00f3 un Operativo de Prevenci\u00f3n de C\u00e1ncer de Mama, Cervicouterino y Pr\u00f3stata, a cargo del Servicio Nacional de Salud (SNS), con el objetivo de concienciar sobre la importancia de la detecci\u00f3n temprana de estas enfermedades, dirigido a hombres y mujeres mayores de 40 a\u00f1os de edad.<\/p>\n\n\n\n<figure class=\"wp-block-gallery has-nested-images columns-default is-cropped wp-block-gallery-1 is-layout-flex wp-block-gallery-is-layout-flex\">\n<figure class=\"wp-block-image size-large\"><img fetchpriority=\"high\" decoding=\"async\" width=\"1024\" height=\"576\" data-id=\"7563\" src=\"https:\/\/reporteoficial.net\/wp-content\/uploads\/2024\/11\/Unknown-1-47-1024x576.jpeg\" alt=\"\" class=\"wp-image-7563\" srcset=\"https:\/\/reporteoficial.net\/wp-content\/uploads\/2024\/11\/Unknown-1-47-1024x576.jpeg 1024w, https:\/\/reporteoficial.net\/wp-content\/uploads\/2024\/11\/Unknown-1-47-300x169.jpeg 300w, https:\/\/reporteoficial.net\/wp-content\/uploads\/2024\/11\/Unknown-1-47-200x113.jpeg 200w, https:\/\/reporteoficial.net\/wp-content\/uploads\/2024\/11\/Unknown-1-47-768x432.jpeg 768w, https:\/\/reporteoficial.net\/wp-content\/uploads\/2024\/11\/Unknown-1-47-1536x864.jpeg 1536w, https:\/\/reporteoficial.net\/wp-content\/uploads\/2024\/11\/Unknown-1-47-480x270.jpeg 480w, https:\/\/reporteoficial.net\/wp-content\/uploads\/2024\/11\/Unknown-1-47.jpeg 1600w\" sizes=\"(max-width: 1024px) 100vw, 1024px\" \/><\/figure>\n\n\n\n<figure class=\"wp-block-image size-large\"><img decoding=\"async\" width=\"1024\" height=\"576\" data-id=\"7562\" src=\"https:\/\/reporteoficial.net\/wp-content\/uploads\/2024\/11\/Unknown-62-1024x576.jpeg\" alt=\"\" class=\"wp-image-7562\" srcset=\"https:\/\/reporteoficial.net\/wp-content\/uploads\/2024\/11\/Unknown-62-1024x576.jpeg 1024w, https:\/\/reporteoficial.net\/wp-content\/uploads\/2024\/11\/Unknown-62-300x169.jpeg 300w, https:\/\/reporteoficial.net\/wp-content\/uploads\/2024\/11\/Unknown-62-200x113.jpeg 200w, https:\/\/reporteoficial.net\/wp-content\/uploads\/2024\/11\/Unknown-62-768x432.jpeg 768w, https:\/\/reporteoficial.net\/wp-content\/uploads\/2024\/11\/Unknown-62-1536x864.jpeg 1536w, https:\/\/reporteoficial.net\/wp-content\/uploads\/2024\/11\/Unknown-62-480x270.jpeg 480w, https:\/\/reporteoficial.net\/wp-content\/uploads\/2024\/11\/Unknown-62.jpeg 1600w\" sizes=\"(max-width: 1024px) 100vw, 1024px\" \/><\/figure>\n<\/figure>\n\n\n\n<p>El alcalde D\u00edo Astacio, durante la apertura de la jornada, resalt\u00f3 la importancia de la prevenci\u00f3n y detecci\u00f3n temprana de las enfermedades y expres\u00f3 su satisfacci\u00f3n por brindar a la comunidad un servicio gratuito, de alta calidad y espera poder ofrecerlo de manera frecuente. \u201cPrevenir es mejor que curar\u201d, puntualiz\u00f3 el Alcalde.<\/p>\n\n\n\n<p>La doctora Katherine Rodr\u00edguez, coordinadora nacional de jornadas y hospitales del SENASA, al hablar en representaci\u00f3n del director, doctor Mario Lama y la primera dama, Raquel Arbaje, indic\u00f3 que los pacientes fueron atendidos por m\u00e1s de 40 profesionales de la salud, en consultorios habilitados dentro de las unidades m\u00f3viles, que cuentan con laboratorios port\u00e1tiles.<\/p>\n\n\n\n<p>Mientras que, la se\u00f1ora Evelyn Garc\u00eda de Astacio, tras agradecer la presencia del personal del SNS, expres\u00f3 que \u201cla salud es un derecho que pertenece a todo ser humano y nosotros junto con el Servicio Nacional de Salud, hemos abierto el Ayuntamiento de Santo Domingo Este con este operativo, para brindar los servicios de sonomamograf\u00eda, mamograf\u00eda, examen de la pr\u00f3stata, laboratorio PSA, con resultados inmediatos y seguimiento a cada persona que ha sido evaluada\u201d.<\/p>\n\n\n\n<p>Los servicios ofrecidos durante el operativo incluyeron mamograf\u00edas para la detecci\u00f3n de c\u00e1ncer de mama, toma de muestras de PSA para el c\u00e1ncer de pr\u00f3stata y ex\u00e1menes f\u00edsicos realizados por un ur\u00f3logo en el consultorio m\u00f3vil, donde fueron atendidas m\u00e1s de 240 pacientes, hombres y mujeres.<br>Bajo el lema \u00abChequ\u00e9ate\u00bb, la jornada organizada por el Servicio Nacional de Salud (SNS) que cuenta con el respaldo de la primera dama, Raquel Arbaje, se llev\u00f3 a cabo de 8:00 de la ma\u00f1ana a 4:00 de la tarde, en la explanada frontal del Palacio Municipal.<\/p>\n\n\n\n<p>Esta iniciativa forma parte de la responsabilidad social de la Alcald\u00eda de SDE y el SNS, donde participaron colaboradores de la entidad municipal, as\u00ed como el p\u00fablico en general.<\/p>\n","protected":false},"excerpt":{"rendered":"<p>Santo Domingo Este.- El Ayuntamiento de Santo Domingo Este (ASDE) realiz\u00f3 un Operativo de Prevenci\u00f3n de C\u00e1ncer de Mama, Cervicouterino y Pr\u00f3stata, a cargo del Servicio Nacional de Salud (SNS), con el objetivo de concienciar sobre la importancia de la detecci\u00f3n temprana de estas enfermedades, dirigido a hombres y mujeres mayores de 40 a\u00f1os de edad. El alcalde D\u00edo Astacio, durante la apertura de la jornada, resalt\u00f3 la importancia de la prevenci\u00f3n y detecci\u00f3n temprana de las enfermedades y expres\u00f3 su satisfacci\u00f3n por brindar a la comunidad un servicio gratuito, de alta calidad y espera poder ofrecerlo de manera frecuente. \u201cPrevenir es mejor que curar\u201d, puntualiz\u00f3 el Alcalde. La doctora Katherine Rodr\u00edguez, coordinadora nacional de jornadas y hospitales del SENASA, al hablar en representaci\u00f3n del director, doctor Mario Lama y la primera dama, Raquel Arbaje, indic\u00f3 que los pacientes fueron atendidos por m\u00e1s de 40 profesionales de la salud, en consultorios habilitados dentro de las unidades m\u00f3viles, que cuentan con laboratorios port\u00e1tiles. Mientras que, la se\u00f1ora Evelyn Garc\u00eda de Astacio, tras agradecer la presencia del personal del SNS, expres\u00f3 que \u201cla salud es un derecho que pertenece a todo ser humano y nosotros junto con el Servicio Nacional de Salud, &hellip;<\/p>\n","protected":false},"author":1,"featured_media":7561,"comment_status":"open","ping_status":"open","sticky":false,"template":"","format":"standard","meta":{"footnotes":""},"categories":[1],"tags":[590,100,591],"class_list":["post-7560","post","type-post","status-publish","format-standard","has-post-thumbnail","hentry","category-noticias","tag-ayuntamiento","tag-noticias","tag-operativo"],"acf":[],"_links":{"self":[{"href":"https:\/\/reporteoficial.net\/index.php\/wp-json\/wp\/v2\/posts\/7560","targetHints":{"allow":["GET"]}}],"collection":[{"href":"https:\/\/reporteoficial.net\/index.php\/wp-json\/wp\/v2\/posts"}],"about":[{"href":"https:\/\/reporteoficial.net\/index.php\/wp-json\/wp\/v2\/types\/post"}],"author":[{"embeddable":true,"href":"https:\/\/reporteoficial.net\/index.php\/wp-json\/wp\/v2\/users\/1"}],"replies":[{"embeddable":true,"href":"https:\/\/reporteoficial.net\/index.php\/wp-json\/wp\/v2\/comments?post=7560"}],"version-history":[{"count":1,"href":"https:\/\/reporteoficial.net\/index.php\/wp-json\/wp\/v2\/posts\/7560\/revisions"}],"predecessor-version":[{"id":7564,"href":"https:\/\/reporteoficial.net\/index.php\/wp-json\/wp\/v2\/posts\/7560\/revisions\/7564"}],"wp:featuredmedia":[{"embeddable":true,"href":"https:\/\/reporteoficial.net\/index.php\/wp-json\/wp\/v2\/media\/7561"}],"wp:attachment":[{"href":"https:\/\/reporteoficial.net\/index.php\/wp-json\/wp\/v2\/media?parent=7560"}],"wp:term":[{"taxonomy":"category","embeddable":true,"href":"https:\/\/reporteoficial.net\/index.php\/wp-json\/wp\/v2\/categories?post=7560"},{"taxonomy":"post_tag","embeddable":true,"href":"https:\/\/reporteoficial.net\/index.php\/wp-json\/wp\/v2\/tags?post=7560"}],"curies":[{"name":"wp","href":"https:\/\/api.w.org\/{rel}","templated":true}]}}