{"id":7475,"date":"2024-11-25T11:53:08","date_gmt":"2024-11-25T15:53:08","guid":{"rendered":"https:\/\/reporteoficial.net\/?p=7475"},"modified":"2024-11-25T11:53:08","modified_gmt":"2024-11-25T15:53:08","slug":"movimiento-de-mujeres-unidas-modemu-conmemora-dia-internacional-de-la-eliminacion-de-la-violencia-contra-la-mujer","status":"publish","type":"post","link":"https:\/\/reporteoficial.net\/index.php\/2024\/11\/25\/movimiento-de-mujeres-unidas-modemu-conmemora-dia-internacional-de-la-eliminacion-de-la-violencia-contra-la-mujer\/","title":{"rendered":"Movimiento de Mujeres Unidas (MODEMU) conmemora D\u00eda Internacional de la Eliminaci\u00f3n de la Violencia contra la Mujer"},"content":{"rendered":"\n<p>Santo Domingo, R.D. El Movimiento de Mujeres Unidas (MODEMU), instituci\u00f3n sin fines de lucro que trabaja en el empoderamiento de las trabajadoras sexuales , conmemor\u00f3 el D\u00eda Internacional de la Eliminaci\u00f3n de la Violencia contra la Mujer en el marco de su 25 aniversario de fundaci\u00f3n, este a\u00f1o, unidas con el lema: \u201cNi delante, ni detr\u00e1s, al lado\u201d.<\/p>\n\n\n\n<figure class=\"wp-block-gallery has-nested-images columns-default is-cropped wp-block-gallery-1 is-layout-flex wp-block-gallery-is-layout-flex\">\n<figure class=\"wp-block-image size-large\"><img fetchpriority=\"high\" decoding=\"async\" width=\"960\" height=\"1280\" data-id=\"7478\" src=\"https:\/\/reporteoficial.net\/wp-content\/uploads\/2024\/11\/Unknown-55.jpeg\" alt=\"\" class=\"wp-image-7478\" srcset=\"https:\/\/reporteoficial.net\/wp-content\/uploads\/2024\/11\/Unknown-55.jpeg 960w, https:\/\/reporteoficial.net\/wp-content\/uploads\/2024\/11\/Unknown-55-300x400.jpeg 300w, https:\/\/reporteoficial.net\/wp-content\/uploads\/2024\/11\/Unknown-55-200x267.jpeg 200w, https:\/\/reporteoficial.net\/wp-content\/uploads\/2024\/11\/Unknown-55-768x1024.jpeg 768w, https:\/\/reporteoficial.net\/wp-content\/uploads\/2024\/11\/Unknown-55-480x640.jpeg 480w\" sizes=\"(max-width: 960px) 100vw, 960px\" \/><\/figure>\n<\/figure>\n\n\n\n<p>\u201cHan sido 25 a\u00f1os de grandes retos y sacrificios, pero, sobre todo, de mucho aprendizaje para todas y cada una de las integrantes de esta gran familia que es MODEMU\u201d, afirm\u00f3, Jacqueline Montero, fundadora y presidenta de la entidad.<\/p>\n\n\n\n<p>En ese mismo tenor, F\u00e1tima Pe\u00f1a, vicepresidenta de la ONG, extern\u00f3 que cuando miran hacia atr\u00e1s y constatan todo lo que han logrado, no tienen dudas de que todos los sacrificios han valido la pena.<\/p>\n\n\n\n<p>\u00abLo que yo soy en estos momentos se lo debo a MODEMU. Todo lo que he aprendido, tras abandonar el trabajo sexual, iniciar de nuevo mis estudios y convertirme en una persona productiva para la sociedad, siendo capaz de continuar llevando el mensaje a mis compa\u00f1eras de que todo lo que se propongan en la vida lo pueden lograr\u00bb, afirm\u00f3 Pe\u00f1a.<\/p>\n\n\n\n<p>Asimismo, Montero explic\u00f3 que con la actividad de este a\u00f1o conmemoran el D\u00eda Internacional de la no violencia contra la Mujer.<\/p>\n\n\n\n<figure class=\"wp-block-image size-large\"><img decoding=\"async\" width=\"1024\" height=\"768\" src=\"https:\/\/reporteoficial.net\/wp-content\/uploads\/2024\/11\/Unknown-1-42-1024x768.jpeg\" alt=\"\" class=\"wp-image-7479\" srcset=\"https:\/\/reporteoficial.net\/wp-content\/uploads\/2024\/11\/Unknown-1-42-1024x768.jpeg 1024w, https:\/\/reporteoficial.net\/wp-content\/uploads\/2024\/11\/Unknown-1-42-300x225.jpeg 300w, https:\/\/reporteoficial.net\/wp-content\/uploads\/2024\/11\/Unknown-1-42-200x150.jpeg 200w, https:\/\/reporteoficial.net\/wp-content\/uploads\/2024\/11\/Unknown-1-42-768x576.jpeg 768w, https:\/\/reporteoficial.net\/wp-content\/uploads\/2024\/11\/Unknown-1-42-480x360.jpeg 480w, https:\/\/reporteoficial.net\/wp-content\/uploads\/2024\/11\/Unknown-1-42.jpeg 1080w\" sizes=\"(max-width: 1024px) 100vw, 1024px\" \/><\/figure>\n\n\n\n<p>\u00abEn nuestra sociedad todav\u00eda existe mucha violencia contra las mujeres: violencia sexual, f\u00edsica, verbal, econ\u00f3mica y psicol\u00f3gica. Por eso continuamos exigiendo nuestro lugar: ni detr\u00e1s, ni delante, sino al lado. Como dice el Se\u00f1or, que seamos una ayuda id\u00f3nea para nuestro compa\u00f1ero\u00bb, explic\u00f3 la reconocida activista social.<\/p>\n\n\n\n<p>En ese mismo orden, Pe\u00f1a aport\u00f3 que con dicho encuentro, buscan darle seguimiento a la campa\u00f1a: \u00ab-violencia +amor =vida, que presentaron el pasado 2 de junio, en el D\u00eda de las Trabajadoras Sexuales.<\/p>\n\n\n\n<p>Como parte de la agenda, Taty Maldonado y Carmen Lorenzo hablaron sobre los inicios de MODEMU, su misi\u00f3n y visi\u00f3n y los retos que tuvieron que enfrentar en sus inicios.<\/p>\n\n\n\n<p>De igual manera, Mercedes Miliano, disert\u00f3 sobre el programa SUP\u00c9RATE para orientar y edificar a las integrantes de MODEMU.<\/p>\n\n\n\n<p>A seguidas, se realiz\u00f3 un panel y el relanzamiento de la campa\u00f1a &#8211; violencia +amor =vida, con la participaci\u00f3n del abogado Juan Alberto Francisco Vargas, coordinador legal del Observatorio de Derechos Humanos para Grupos Vulnerabilizados (ODHGV) y Mar\u00eda Esther Carbuccia, encargada del Componente de Trata y Tr\u00e1fico de Personas del Centro de Orientaci\u00f3n Integral (COIN), adem\u00e1s de la participaci\u00f3n de Maldonado, Miliano y Pe\u00f1a.<\/p>\n\n\n\n<p>Para cerrar la actividad, Montero disert\u00f3 sobre los planes futuros que tiene la instituci\u00f3n, en pos de continuar empoderando a las trabajadoras sexuales.<\/p>\n","protected":false},"excerpt":{"rendered":"<p>Santo Domingo, R.D. El Movimiento de Mujeres Unidas (MODEMU), instituci\u00f3n sin fines de lucro que trabaja en el empoderamiento de las trabajadoras sexuales , conmemor\u00f3 el D\u00eda Internacional de la Eliminaci\u00f3n de la Violencia contra la Mujer en el marco de su 25 aniversario de fundaci\u00f3n, este a\u00f1o, unidas con el lema: \u201cNi delante, ni detr\u00e1s, al lado\u201d. \u201cHan sido 25 a\u00f1os de grandes retos y sacrificios, pero, sobre todo, de mucho aprendizaje para todas y cada una de las integrantes de esta gran familia que es MODEMU\u201d, afirm\u00f3, Jacqueline Montero, fundadora y presidenta de la entidad. En ese mismo tenor, F\u00e1tima Pe\u00f1a, vicepresidenta de la ONG, extern\u00f3 que cuando miran hacia atr\u00e1s y constatan todo lo que han logrado, no tienen dudas de que todos los sacrificios han valido la pena. \u00abLo que yo soy en estos momentos se lo debo a MODEMU. Todo lo que he aprendido, tras abandonar el trabajo sexual, iniciar de nuevo mis estudios y convertirme en una persona productiva para la sociedad, siendo capaz de continuar llevando el mensaje a mis compa\u00f1eras de que todo lo que se propongan en la vida lo pueden lograr\u00bb, afirm\u00f3 Pe\u00f1a. Asimismo, Montero explic\u00f3 que con la actividad &hellip;<\/p>\n","protected":false},"author":1,"featured_media":7476,"comment_status":"open","ping_status":"open","sticky":false,"template":"","format":"standard","meta":{"footnotes":""},"categories":[1],"tags":[142,100],"class_list":["post-7475","post","type-post","status-publish","format-standard","has-post-thumbnail","hentry","category-noticias","tag-mujer","tag-noticias"],"acf":[],"_links":{"self":[{"href":"https:\/\/reporteoficial.net\/index.php\/wp-json\/wp\/v2\/posts\/7475","targetHints":{"allow":["GET"]}}],"collection":[{"href":"https:\/\/reporteoficial.net\/index.php\/wp-json\/wp\/v2\/posts"}],"about":[{"href":"https:\/\/reporteoficial.net\/index.php\/wp-json\/wp\/v2\/types\/post"}],"author":[{"embeddable":true,"href":"https:\/\/reporteoficial.net\/index.php\/wp-json\/wp\/v2\/users\/1"}],"replies":[{"embeddable":true,"href":"https:\/\/reporteoficial.net\/index.php\/wp-json\/wp\/v2\/comments?post=7475"}],"version-history":[{"count":1,"href":"https:\/\/reporteoficial.net\/index.php\/wp-json\/wp\/v2\/posts\/7475\/revisions"}],"predecessor-version":[{"id":7480,"href":"https:\/\/reporteoficial.net\/index.php\/wp-json\/wp\/v2\/posts\/7475\/revisions\/7480"}],"wp:featuredmedia":[{"embeddable":true,"href":"https:\/\/reporteoficial.net\/index.php\/wp-json\/wp\/v2\/media\/7476"}],"wp:attachment":[{"href":"https:\/\/reporteoficial.net\/index.php\/wp-json\/wp\/v2\/media?parent=7475"}],"wp:term":[{"taxonomy":"category","embeddable":true,"href":"https:\/\/reporteoficial.net\/index.php\/wp-json\/wp\/v2\/categories?post=7475"},{"taxonomy":"post_tag","embeddable":true,"href":"https:\/\/reporteoficial.net\/index.php\/wp-json\/wp\/v2\/tags?post=7475"}],"curies":[{"name":"wp","href":"https:\/\/api.w.org\/{rel}","templated":true}]}}