{"id":7455,"date":"2024-11-25T10:49:12","date_gmt":"2024-11-25T14:49:12","guid":{"rendered":"https:\/\/reporteoficial.net\/?p=7455"},"modified":"2024-11-25T10:49:13","modified_gmt":"2024-11-25T14:49:13","slug":"el-real-soprano-lanza-su-nuevo-sencillo-mi-protegida-y-anuncia-el-estreno-del-video-oficial","status":"publish","type":"post","link":"https:\/\/reporteoficial.net\/index.php\/2024\/11\/25\/el-real-soprano-lanza-su-nuevo-sencillo-mi-protegida-y-anuncia-el-estreno-del-video-oficial\/","title":{"rendered":"El Real Soprano lanza su nuevo sencillo \u201cMi Protegida\u201d y anuncia el estreno del video oficial"},"content":{"rendered":"\n<p>Santo Domingo, Rep\u00fablica Dominicana. \u2013 La m\u00fasica urbana se enciende con el estreno de \u201cMi Protegida\u201d, el m\u00e1s reciente sencillo de El Real Soprano, una de las voces m\u00e1s destacadas del g\u00e9nero. La canci\u00f3n estar\u00e1 disponible en todas las plataformas digitales este 1 de diciembre, mientras ya comienza a sonar en las principales emisoras de radio a nivel nacional.<\/p>\n\n\n\n<p>Desde su debut en la escena urbana, Julio Javier Marcano Brito, conocido art\u00edsticamente como El Real Soprano, ha demostrado ser un referente en constante evoluci\u00f3n, conquistando una fiel base de seguidores gracias a su autenticidad y letras cargadas de significado. Con \u00e9xitos anteriores como \u201cLa Pinta\u201d, el artista sigue marcando tendencia y ampliando su legado en la m\u00fasica dominicana<\/p>\n\n\n\n<p>Sobre \u201cMi Protegida\u201d<\/p>\n\n\n\n<p>Compuesta y producida por el propio artista, \u201cMi Protegida\u201d narra una historia basada en hechos reales, explorando temas como la valent\u00eda y el amor. La canci\u00f3n describe la decisi\u00f3n de una mujer de priorizar su felicidad, una narrativa que destaca por su profundidad y universalidad.<\/p>\n\n\n\n<p>\u201cEste tema refleja un enfoque m\u00e1s maduro y estructurado de mi trabajo como compositor y artista\u201d, comenta El Real Soprano. \u201cQuer\u00eda crear una canci\u00f3n que no solo entretuviera, sino que tambi\u00e9n contara una historia con la que muchas personas pudieran identificarse. Mi intenci\u00f3n fue plasmar una narrativa coherente, con una melod\u00eda que complementara perfectamente el mensaje que quer\u00eda transmitir\u201d.<\/p>\n\n\n\n<p>Estreno del video oficial<\/p>\n\n\n\n<p>Junto con el sencillo, se lanzar\u00e1 el video oficial de \u201cMi Protegida\u201d, que estar\u00e1 disponible el 1 de diciembre en el canal oficial de YouTube del artista. Bajo la direcci\u00f3n de Jos\u00e9 P\u00e9rez (GRIZFILMS) y la producci\u00f3n de Javier Ramos (JAVILOVEFILMS), el video fue grabado en diversas locaciones de Santo Domingo, con un enfoque visual que combina elementos urbanos y art\u00edsticos para complementar la esencia de la canci\u00f3n.<\/p>\n\n\n\n<p>\u201cEl video es una extensi\u00f3n visual del mensaje de la canci\u00f3n\u201d, explica su manager, H\u00e9ctor Mayelyn Hungr\u00eda Pacheco (Pacheman). \u201cDesde el inicio del proyecto, nos aseguramos de que cada detalle, desde la direcci\u00f3n creativa hasta la producci\u00f3n, estuviera alineado con los valores y el estilo de El Real Soprano. Creemos firmemente que esta pieza audiovisual ser\u00e1 bien recibida por los fan\u00e1ticos y marcar\u00e1 un est\u00e1ndar elevado para sus pr\u00f3ximos lanzamientos\u201d.<\/p>\n\n\n\n<p>Planes a futuro<\/p>\n\n\n\n<p>El 2025 promete ser un a\u00f1o de importantes proyectos para El Real Soprano. Seg\u00fan su manager, Pacheman, el artista trabaja actualmente en una colaboraci\u00f3n con el reconocido bajista del Grupo Aventura Max Agende, lo que representa un interesante giro en su carrera al explorar nuevos g\u00e9neros. \u201cLa m\u00fasica de El Real Soprano es vers\u00e1til, y creemos que tiene el talento para destacar no solo en la m\u00fasica urbana, sino tambi\u00e9n en otros estilos. Este es solo uno de los muchos proyectos que tenemos en agenda para el pr\u00f3ximo a\u00f1o\u201d, agreg\u00f3 Pacheman.<\/p>\n\n\n\n<p>Sobre El Real Soprano<\/p>\n\n\n\n<p>Nacido el 23 de septiembre de 1993 en Santo Domingo, Julio Javier Marcano Brito, conocido como El Real Soprano, es un destacado representante de la m\u00fasica urbana en Rep\u00fablica Dominicana. Su carrera ha sido marcada por una constante evoluci\u00f3n art\u00edstica, colaborando con figuras reconocidas como Qu\u00edmico Ultramega, Mozart La Para, Shelow Shaq, y el respetado L\u00e1piz Consciente. Adem\u00e1s de su capacidad para innovar dentro del g\u00e9nero, El Real Soprano se ha ganado el respeto de sus pares y seguidores por su enfoque profesional y disciplinado hacia la m\u00fasica. Temas recientes como \u201cYo No Me Voy Acota\u201d han fortalecido su posici\u00f3n como uno de los artistas m\u00e1s prometedores y relevantes de la industria.<\/p>\n","protected":false},"excerpt":{"rendered":"<p>Santo Domingo, Rep\u00fablica Dominicana. \u2013 La m\u00fasica urbana se enciende con el estreno de \u201cMi Protegida\u201d, el m\u00e1s reciente sencillo de El Real Soprano, una de las voces m\u00e1s destacadas del g\u00e9nero. La canci\u00f3n estar\u00e1 disponible en todas las plataformas digitales este 1 de diciembre, mientras ya comienza a sonar en las principales emisoras de radio a nivel nacional. Desde su debut en la escena urbana, Julio Javier Marcano Brito, conocido art\u00edsticamente como El Real Soprano, ha demostrado ser un referente en constante evoluci\u00f3n, conquistando una fiel base de seguidores gracias a su autenticidad y letras cargadas de significado. Con \u00e9xitos anteriores como \u201cLa Pinta\u201d, el artista sigue marcando tendencia y ampliando su legado en la m\u00fasica dominicana Sobre \u201cMi Protegida\u201d Compuesta y producida por el propio artista, \u201cMi Protegida\u201d narra una historia basada en hechos reales, explorando temas como la valent\u00eda y el amor. La canci\u00f3n describe la decisi\u00f3n de una mujer de priorizar su felicidad, una narrativa que destaca por su profundidad y universalidad. \u201cEste tema refleja un enfoque m\u00e1s maduro y estructurado de mi trabajo como compositor y artista\u201d, comenta El Real Soprano. \u201cQuer\u00eda crear una canci\u00f3n que no solo entretuviera, sino que tambi\u00e9n contara una historia &hellip;<\/p>\n","protected":false},"author":1,"featured_media":7456,"comment_status":"open","ping_status":"open","sticky":false,"template":"","format":"standard","meta":{"footnotes":""},"categories":[18],"tags":[112,86,101,70,100],"class_list":["post-7455","post","type-post","status-publish","format-standard","has-post-thumbnail","hentry","category-farandula","tag-arte","tag-cantante","tag-farandula","tag-musica","tag-noticias"],"acf":[],"_links":{"self":[{"href":"https:\/\/reporteoficial.net\/index.php\/wp-json\/wp\/v2\/posts\/7455","targetHints":{"allow":["GET"]}}],"collection":[{"href":"https:\/\/reporteoficial.net\/index.php\/wp-json\/wp\/v2\/posts"}],"about":[{"href":"https:\/\/reporteoficial.net\/index.php\/wp-json\/wp\/v2\/types\/post"}],"author":[{"embeddable":true,"href":"https:\/\/reporteoficial.net\/index.php\/wp-json\/wp\/v2\/users\/1"}],"replies":[{"embeddable":true,"href":"https:\/\/reporteoficial.net\/index.php\/wp-json\/wp\/v2\/comments?post=7455"}],"version-history":[{"count":1,"href":"https:\/\/reporteoficial.net\/index.php\/wp-json\/wp\/v2\/posts\/7455\/revisions"}],"predecessor-version":[{"id":7457,"href":"https:\/\/reporteoficial.net\/index.php\/wp-json\/wp\/v2\/posts\/7455\/revisions\/7457"}],"wp:featuredmedia":[{"embeddable":true,"href":"https:\/\/reporteoficial.net\/index.php\/wp-json\/wp\/v2\/media\/7456"}],"wp:attachment":[{"href":"https:\/\/reporteoficial.net\/index.php\/wp-json\/wp\/v2\/media?parent=7455"}],"wp:term":[{"taxonomy":"category","embeddable":true,"href":"https:\/\/reporteoficial.net\/index.php\/wp-json\/wp\/v2\/categories?post=7455"},{"taxonomy":"post_tag","embeddable":true,"href":"https:\/\/reporteoficial.net\/index.php\/wp-json\/wp\/v2\/tags?post=7455"}],"curies":[{"name":"wp","href":"https:\/\/api.w.org\/{rel}","templated":true}]}}