{"id":7414,"date":"2024-11-22T13:19:28","date_gmt":"2024-11-22T17:19:28","guid":{"rendered":"https:\/\/reporteoficial.net\/?p=7414"},"modified":"2024-11-22T13:19:29","modified_gmt":"2024-11-22T17:19:29","slug":"grupo-blandino-entrega-tradicional-premiacion-agueda-blandino","status":"publish","type":"post","link":"https:\/\/reporteoficial.net\/index.php\/2024\/11\/22\/grupo-blandino-entrega-tradicional-premiacion-agueda-blandino\/","title":{"rendered":"Grupo Blandino entrega tradicional premiaci\u00f3n Agueda Blandino"},"content":{"rendered":"\n<p><em>28 colaboradores fueron reconocidos por la empresa como est\u00edmulo y exaltaci\u00f3n de la calidad y eficiencia de sus servicios&nbsp;<\/em><\/p>\n\n\n\n<p><strong>Santo Domingo. &#8211; <\/strong>En el marco de su 93 aniversario, el Grupo Blandino realiz\u00f3 la tradicional premiaci\u00f3n anual Do\u00f1a \u00c1gueda Blandino como reconocimiento a la excelencia de sus&nbsp;colaboradores durante este a\u00f1o 2024.<\/p>\n\n\n\n<p>Los distinguidos a la Excelencia fueron Rigoberto Acosta Dom\u00ednguez, en el \u00e1rea de operaciones; Elvira Bautista S\u00e1nchez, Servicios B\u00e1sicos; Nicol\u00e1s Francisco Pi\u00f1eyro, Operaciones; Yuskeily Carolina P\u00e9rez G\u00f3mez, Melissa Tavarez, en Mando Medios; Luis David Almonte, en gerencia corporativa y L\u00eda Jim\u00e9nez, en gerencia Institucional.<\/p>\n\n\n\n<figure class=\"wp-block-gallery has-nested-images columns-default is-cropped wp-block-gallery-1 is-layout-flex wp-block-gallery-is-layout-flex\">\n<figure class=\"wp-block-image size-large\"><img fetchpriority=\"high\" decoding=\"async\" width=\"1024\" height=\"680\" data-id=\"7418\" src=\"https:\/\/reporteoficial.net\/wp-content\/uploads\/2024\/11\/5-1-1024x680.jpg\" alt=\"\" class=\"wp-image-7418\" srcset=\"https:\/\/reporteoficial.net\/wp-content\/uploads\/2024\/11\/5-1-1024x680.jpg 1024w, https:\/\/reporteoficial.net\/wp-content\/uploads\/2024\/11\/5-1-300x199.jpg 300w, https:\/\/reporteoficial.net\/wp-content\/uploads\/2024\/11\/5-1-200x133.jpg 200w, https:\/\/reporteoficial.net\/wp-content\/uploads\/2024\/11\/5-1-768x510.jpg 768w, https:\/\/reporteoficial.net\/wp-content\/uploads\/2024\/11\/5-1-480x319.jpg 480w, https:\/\/reporteoficial.net\/wp-content\/uploads\/2024\/11\/5-1.jpg 1072w\" sizes=\"(max-width: 1024px) 100vw, 1024px\" \/><\/figure>\n\n\n\n<figure class=\"wp-block-image size-large\"><img decoding=\"async\" width=\"1024\" height=\"680\" data-id=\"7419\" src=\"https:\/\/reporteoficial.net\/wp-content\/uploads\/2024\/11\/4-1024x680.jpg\" alt=\"\" class=\"wp-image-7419\" srcset=\"https:\/\/reporteoficial.net\/wp-content\/uploads\/2024\/11\/4-1024x680.jpg 1024w, https:\/\/reporteoficial.net\/wp-content\/uploads\/2024\/11\/4-300x199.jpg 300w, https:\/\/reporteoficial.net\/wp-content\/uploads\/2024\/11\/4-200x133.jpg 200w, https:\/\/reporteoficial.net\/wp-content\/uploads\/2024\/11\/4-768x510.jpg 768w, https:\/\/reporteoficial.net\/wp-content\/uploads\/2024\/11\/4-480x319.jpg 480w, https:\/\/reporteoficial.net\/wp-content\/uploads\/2024\/11\/4.jpg 1072w\" sizes=\"(max-width: 1024px) 100vw, 1024px\" \/><\/figure>\n\n\n\n<figure class=\"wp-block-image size-large\"><img decoding=\"async\" width=\"567\" height=\"712\" data-id=\"7416\" src=\"https:\/\/reporteoficial.net\/wp-content\/uploads\/2024\/11\/3-1.jpg\" alt=\"\" class=\"wp-image-7416\" srcset=\"https:\/\/reporteoficial.net\/wp-content\/uploads\/2024\/11\/3-1.jpg 567w, https:\/\/reporteoficial.net\/wp-content\/uploads\/2024\/11\/3-1-300x377.jpg 300w, https:\/\/reporteoficial.net\/wp-content\/uploads\/2024\/11\/3-1-200x251.jpg 200w, https:\/\/reporteoficial.net\/wp-content\/uploads\/2024\/11\/3-1-480x603.jpg 480w\" sizes=\"(max-width: 567px) 100vw, 567px\" \/><\/figure>\n\n\n\n<figure class=\"wp-block-image size-large\"><img loading=\"lazy\" decoding=\"async\" width=\"1024\" height=\"680\" data-id=\"7417\" src=\"https:\/\/reporteoficial.net\/wp-content\/uploads\/2024\/11\/2-1024x680.jpg\" alt=\"\" class=\"wp-image-7417\" srcset=\"https:\/\/reporteoficial.net\/wp-content\/uploads\/2024\/11\/2-1024x680.jpg 1024w, https:\/\/reporteoficial.net\/wp-content\/uploads\/2024\/11\/2-300x199.jpg 300w, https:\/\/reporteoficial.net\/wp-content\/uploads\/2024\/11\/2-200x133.jpg 200w, https:\/\/reporteoficial.net\/wp-content\/uploads\/2024\/11\/2-768x510.jpg 768w, https:\/\/reporteoficial.net\/wp-content\/uploads\/2024\/11\/2-480x319.jpg 480w, https:\/\/reporteoficial.net\/wp-content\/uploads\/2024\/11\/2.jpg 1072w\" sizes=\"(max-width: 1024px) 100vw, 1024px\" \/><\/figure>\n<\/figure>\n\n\n\n<p>Adicionalmente Virginia Arredondo y Rafael Su\u00e1rez fueron reconocidos con el premio a la Fidelidad por sus 35 a\u00f1os de servicios ininterrumpidos.<\/p>\n\n\n\n<p>Tambi\u00e9n fueron distinguidos por sus 15 a\u00f1os de labores en la instituci\u00f3n el supervisor de servicios Turis Ram\u00edrez y Juan Rosario Rosario, por sus veinte a\u00f1os de esmerados servicios.<\/p>\n\n\n\n<p>Los galardonados recibieron certificados, placas y compensaciones en met\u00e1lico.<\/p>\n\n\n\n<p>Al intervenir en la ceremonia, el gerente de Talento Humano y Cultura Organizacional, Walki Garc\u00eda, resalt\u00f3 la entrega y eficiencia de los colaboradores y el denodado empe\u00f1o de la marca Blandino por implementar procesos y pol\u00edticas de alto nivel entre sus servidores como agentes del cambio en pro de la innovaci\u00f3n.<\/p>\n\n\n\n<p>En las palabras centrales del acto, el presidente ejecutivo del Grupo Blandino, Frankl\u00edn Mej\u00eda, sostuvo que la tradicional premiaci\u00f3n es la exaltaci\u00f3n por la empresa de su compromiso, esfuerzo y pasi\u00f3n por la excelencia de los colaboradores.<\/p>\n\n\n\n<p>\u201cHoy reconocimos el esfuerzo tesonero de muchos, cuya lealtad y fidelidad a las empresas del Grupo ha sido su sello distintivo por largos a\u00f1os, siendo ejemplo de motivaci\u00f3n para todos nosotros\u201d, apunt\u00f3.<\/p>\n\n\n\n<p>Se\u00f1al\u00f3 que \u201chan sido testigo del talento y la dedicaci\u00f3n los compa\u00f1eros en las siete categor\u00edas de premios, mostrando el inmenso valor que aporta a nuestra organizaci\u00f3n\u201d.<\/p>\n\n\n\n<p>Al final los presentes disfrutaron de un brindis preparado para la ocasi\u00f3n.<\/p>\n","protected":false},"excerpt":{"rendered":"<p>28 colaboradores fueron reconocidos por la empresa como est\u00edmulo y exaltaci\u00f3n de la calidad y eficiencia de sus servicios&nbsp; Santo Domingo. &#8211; En el marco de su 93 aniversario, el Grupo Blandino realiz\u00f3 la tradicional premiaci\u00f3n anual Do\u00f1a \u00c1gueda Blandino como reconocimiento a la excelencia de sus&nbsp;colaboradores durante este a\u00f1o 2024. Los distinguidos a la Excelencia fueron Rigoberto Acosta Dom\u00ednguez, en el \u00e1rea de operaciones; Elvira Bautista S\u00e1nchez, Servicios B\u00e1sicos; Nicol\u00e1s Francisco Pi\u00f1eyro, Operaciones; Yuskeily Carolina P\u00e9rez G\u00f3mez, Melissa Tavarez, en Mando Medios; Luis David Almonte, en gerencia corporativa y L\u00eda Jim\u00e9nez, en gerencia Institucional. Adicionalmente Virginia Arredondo y Rafael Su\u00e1rez fueron reconocidos con el premio a la Fidelidad por sus 35 a\u00f1os de servicios ininterrumpidos. Tambi\u00e9n fueron distinguidos por sus 15 a\u00f1os de labores en la instituci\u00f3n el supervisor de servicios Turis Ram\u00edrez y Juan Rosario Rosario, por sus veinte a\u00f1os de esmerados servicios. Los galardonados recibieron certificados, placas y compensaciones en met\u00e1lico. Al intervenir en la ceremonia, el gerente de Talento Humano y Cultura Organizacional, Walki Garc\u00eda, resalt\u00f3 la entrega y eficiencia de los colaboradores y el denodado empe\u00f1o de la marca Blandino por implementar procesos y pol\u00edticas de alto nivel entre sus servidores como agentes del cambio &hellip;<\/p>\n","protected":false},"author":1,"featured_media":7415,"comment_status":"open","ping_status":"open","sticky":false,"template":"","format":"standard","meta":{"footnotes":""},"categories":[535],"tags":[579,100,578],"class_list":["post-7414","post","type-post","status-publish","format-standard","has-post-thumbnail","hentry","category-sociales","tag-blandino","tag-noticias","tag-premiacion"],"acf":[],"_links":{"self":[{"href":"https:\/\/reporteoficial.net\/index.php\/wp-json\/wp\/v2\/posts\/7414","targetHints":{"allow":["GET"]}}],"collection":[{"href":"https:\/\/reporteoficial.net\/index.php\/wp-json\/wp\/v2\/posts"}],"about":[{"href":"https:\/\/reporteoficial.net\/index.php\/wp-json\/wp\/v2\/types\/post"}],"author":[{"embeddable":true,"href":"https:\/\/reporteoficial.net\/index.php\/wp-json\/wp\/v2\/users\/1"}],"replies":[{"embeddable":true,"href":"https:\/\/reporteoficial.net\/index.php\/wp-json\/wp\/v2\/comments?post=7414"}],"version-history":[{"count":1,"href":"https:\/\/reporteoficial.net\/index.php\/wp-json\/wp\/v2\/posts\/7414\/revisions"}],"predecessor-version":[{"id":7420,"href":"https:\/\/reporteoficial.net\/index.php\/wp-json\/wp\/v2\/posts\/7414\/revisions\/7420"}],"wp:featuredmedia":[{"embeddable":true,"href":"https:\/\/reporteoficial.net\/index.php\/wp-json\/wp\/v2\/media\/7415"}],"wp:attachment":[{"href":"https:\/\/reporteoficial.net\/index.php\/wp-json\/wp\/v2\/media?parent=7414"}],"wp:term":[{"taxonomy":"category","embeddable":true,"href":"https:\/\/reporteoficial.net\/index.php\/wp-json\/wp\/v2\/categories?post=7414"},{"taxonomy":"post_tag","embeddable":true,"href":"https:\/\/reporteoficial.net\/index.php\/wp-json\/wp\/v2\/tags?post=7414"}],"curies":[{"name":"wp","href":"https:\/\/api.w.org\/{rel}","templated":true}]}}