{"id":7000,"date":"2024-11-04T09:30:41","date_gmt":"2024-11-04T13:30:41","guid":{"rendered":"https:\/\/reporteoficial.net\/?p=7000"},"modified":"2024-11-04T09:30:42","modified_gmt":"2024-11-04T13:30:42","slug":"ejercito-ha-enviado-a-la-justicia-a-86-personas-por-trafico-de-indocumentados","status":"publish","type":"post","link":"https:\/\/reporteoficial.net\/index.php\/2024\/11\/04\/ejercito-ha-enviado-a-la-justicia-a-86-personas-por-trafico-de-indocumentados\/","title":{"rendered":"Ej\u00e9rcito ha enviado a la justicia a 86 personas por tr\u00e1fico de indocumentados"},"content":{"rendered":"\n<p>Durante los meses de septiembre y octubre , el Ej\u00e9rcito de Rep\u00fablica Dominicana ha presentado ante el Ministerio P\u00fablico a 86 personas detenidas por tr\u00e1fico de indocumentados.<\/p>\n\n\n\n<div class=\"wp-block-group is-nowrap is-layout-flex wp-container-core-group-is-layout-1 wp-block-group-is-layout-flex\">\n<p>Los arrestos de estas personas fueron realizados por patrullas militares en operativos ejecutados en diferentes provincias, en las cuales fueron detenidos 16,255 indocumentados durante el mes de octubre.<\/p>\n\n\n\n<figure class=\"wp-block-image size-large\"><img fetchpriority=\"high\" decoding=\"async\" width=\"1024\" height=\"768\" src=\"https:\/\/reporteoficial.net\/wp-content\/uploads\/2024\/11\/Unknown-6-1024x768.jpeg\" alt=\"\" class=\"wp-image-7002\" srcset=\"https:\/\/reporteoficial.net\/wp-content\/uploads\/2024\/11\/Unknown-6-1024x768.jpeg 1024w, https:\/\/reporteoficial.net\/wp-content\/uploads\/2024\/11\/Unknown-6-300x225.jpeg 300w, https:\/\/reporteoficial.net\/wp-content\/uploads\/2024\/11\/Unknown-6-200x150.jpeg 200w, https:\/\/reporteoficial.net\/wp-content\/uploads\/2024\/11\/Unknown-6-768x576.jpeg 768w, https:\/\/reporteoficial.net\/wp-content\/uploads\/2024\/11\/Unknown-6-480x360.jpeg 480w, https:\/\/reporteoficial.net\/wp-content\/uploads\/2024\/11\/Unknown-6.jpeg 1280w\" sizes=\"(max-width: 1024px) 100vw, 1024px\" \/><\/figure>\n<\/div>\n\n\n\n<p><br>Las personas enviadas a la justicia por estos casos, incluyen a detenidos que se desplazaban en motocicletas, camiones, jeepetas, autom\u00f3viles y otros veh\u00edculos con extranjeros sin documentaci\u00f3n.<\/p>\n\n\n\n<p><br>En las provincias de Azua, El\u00edas Pi\u00f1a y San Juan de la Maguana,_ pertenecientes a la 3ra brigada , fueron detenidos y presentados ante la justicia unas 48 personas durante el referido per\u00edodo.<br>Mientras que en las provincias correspondientes a la 4ta brigada, que incluyen a Dajab\u00f3n, Montecristi, Santiago Rodr\u00edguez y Valverde , las detenciones y sometimientos sumaron 28. Por su parte en Barahona e Independencia , zona de responsabilidad de la 5ta brigada, fueron 10 los enviados a la justicia.<\/p>\n\n\n\n<p>El Comandante General del Ej\u00e9rcito, mayor general Jorge Iv\u00e1n Camino P\u00e9rez, reafirm\u00f3 que todas las personas que se involucren en actividades il\u00edcitas relacionadas al tr\u00e1fico de indocumentados, ser\u00e1n enviados a la justicia para que respondan por sus hechos.<\/p>\n\n\n\n<p>Ej\u00e9rcito de Rep\u00fablica Dominicana<\/p>\n","protected":false},"excerpt":{"rendered":"<p>Durante los meses de septiembre y octubre , el Ej\u00e9rcito de Rep\u00fablica Dominicana ha presentado ante el Ministerio P\u00fablico a 86 personas detenidas por tr\u00e1fico de indocumentados. Los arrestos de estas personas fueron realizados por patrullas militares en operativos ejecutados en diferentes provincias, en las cuales fueron detenidos 16,255 indocumentados durante el mes de octubre. Las personas enviadas a la justicia por estos casos, incluyen a detenidos que se desplazaban en motocicletas, camiones, jeepetas, autom\u00f3viles y otros veh\u00edculos con extranjeros sin documentaci\u00f3n. En las provincias de Azua, El\u00edas Pi\u00f1a y San Juan de la Maguana,_ pertenecientes a la 3ra brigada , fueron detenidos y presentados ante la justicia unas 48 personas durante el referido per\u00edodo.Mientras que en las provincias correspondientes a la 4ta brigada, que incluyen a Dajab\u00f3n, Montecristi, Santiago Rodr\u00edguez y Valverde , las detenciones y sometimientos sumaron 28. Por su parte en Barahona e Independencia , zona de responsabilidad de la 5ta brigada, fueron 10 los enviados a la justicia. El Comandante General del Ej\u00e9rcito, mayor general Jorge Iv\u00e1n Camino P\u00e9rez, reafirm\u00f3 que todas las personas que se involucren en actividades il\u00edcitas relacionadas al tr\u00e1fico de indocumentados, ser\u00e1n enviados a la justicia para que respondan por sus hechos. &hellip;<\/p>\n","protected":false},"author":1,"featured_media":7001,"comment_status":"open","ping_status":"open","sticky":false,"template":"","format":"standard","meta":{"footnotes":""},"categories":[1],"tags":[301,122,100],"class_list":["post-7000","post","type-post","status-publish","format-standard","has-post-thumbnail","hentry","category-noticias","tag-ejercito","tag-nacionales","tag-noticias"],"acf":[],"_links":{"self":[{"href":"https:\/\/reporteoficial.net\/index.php\/wp-json\/wp\/v2\/posts\/7000","targetHints":{"allow":["GET"]}}],"collection":[{"href":"https:\/\/reporteoficial.net\/index.php\/wp-json\/wp\/v2\/posts"}],"about":[{"href":"https:\/\/reporteoficial.net\/index.php\/wp-json\/wp\/v2\/types\/post"}],"author":[{"embeddable":true,"href":"https:\/\/reporteoficial.net\/index.php\/wp-json\/wp\/v2\/users\/1"}],"replies":[{"embeddable":true,"href":"https:\/\/reporteoficial.net\/index.php\/wp-json\/wp\/v2\/comments?post=7000"}],"version-history":[{"count":1,"href":"https:\/\/reporteoficial.net\/index.php\/wp-json\/wp\/v2\/posts\/7000\/revisions"}],"predecessor-version":[{"id":7003,"href":"https:\/\/reporteoficial.net\/index.php\/wp-json\/wp\/v2\/posts\/7000\/revisions\/7003"}],"wp:featuredmedia":[{"embeddable":true,"href":"https:\/\/reporteoficial.net\/index.php\/wp-json\/wp\/v2\/media\/7001"}],"wp:attachment":[{"href":"https:\/\/reporteoficial.net\/index.php\/wp-json\/wp\/v2\/media?parent=7000"}],"wp:term":[{"taxonomy":"category","embeddable":true,"href":"https:\/\/reporteoficial.net\/index.php\/wp-json\/wp\/v2\/categories?post=7000"},{"taxonomy":"post_tag","embeddable":true,"href":"https:\/\/reporteoficial.net\/index.php\/wp-json\/wp\/v2\/tags?post=7000"}],"curies":[{"name":"wp","href":"https:\/\/api.w.org\/{rel}","templated":true}]}}