{"id":6810,"date":"2024-10-31T05:54:38","date_gmt":"2024-10-31T09:54:38","guid":{"rendered":"https:\/\/reporteoficial.net\/?p=6810"},"modified":"2024-10-31T05:54:39","modified_gmt":"2024-10-31T09:54:39","slug":"paloma-richiez-estrena-su-primer-ep-todo-o-nada","status":"publish","type":"post","link":"https:\/\/reporteoficial.net\/index.php\/2024\/10\/31\/paloma-richiez-estrena-su-primer-ep-todo-o-nada\/","title":{"rendered":"Paloma Richiez estrena su primer EP \u201cTodo o Nada\u201d"},"content":{"rendered":"\n<p>El trabajo musical contiene 6 temas compuestos por la cantante y Sergio Echenique \u201cSeye\u201d<\/p>\n\n\n\n<p>Santo Domingo, RD, octubre 2024. La joven cantautora, bailarina y actriz Paloma Richiez, estrena su primer EP \u201cTodo o Nada\u201d, acompa\u00f1ando este lanzamiento de su sencillo hom\u00f3nimo.<\/p>\n\n\n\n<p>\u201cTodo o Nada\u201d es un EP compuesto por baladas pop como:<\/p>\n\n\n\n<ol class=\"wp-block-list\">\n<li>Utop\u00eda<\/li>\n\n\n\n<li>\u2060Antes de marcharte<\/li>\n\n\n\n<li>\u2060Encuentro<\/li>\n\n\n\n<li>\u2060Recuerdo de ti<\/li>\n\n\n\n<li>\u2060profundidad<\/li>\n\n\n\n<li>\u2060Todo o Nada<\/li>\n<\/ol>\n\n\n\n<p>El sencillo que completa el EP, con el mismo nombre, \u201cTodo o nada\u201d es un Pop que habla de una relaci\u00f3n irregular en la que un lado de la pareja no est\u00e1 completamente comprometido y eso hace que la relaci\u00f3n no sea estable; mientras el otro lado, se ve afectado por ese va y ven. B\u00e1sicamente es una persona dici\u00e9ndole a otra que la relaci\u00f3n debe ser \u201call in\u201d o nada; \u2026prefiero amarte tanto que duela, a que me duela porque te extra\u00f1o\u201d<\/p>\n\n\n\n<p>Con este sencillo \u201cTodo o nada\u201d, salen otras dos canciones que completan el EP: Profundidad y Antes de Marcharte.<\/p>\n\n\n\n<p>Los temas de esta producci\u00f3n musical son autor\u00eda de Paloma y Sergio Echenique \u201cSeye\u201d, quien tambi\u00e9n fue productor del EP.<\/p>\n\n\n\n<p>Es importante destacar que recientemente, Paloma tuvo la oportunidad de ser artista invitada en el concierto del colombiano \u201cFonseca\u201d y en el concierto de \u201cLa Pandilla\u201d<\/p>\n\n\n\n<p>Un poco m\u00e1s de Paloma Richiez<\/p>\n\n\n\n<p>Paloma inici\u00f3 sus estudios en Teatro Musical en la Academia de Formaci\u00f3n Art\u00edstica de Amaury S\u00e1nchez, y m\u00e1s adelante continu\u00f3 en The New York Conservatory For Dramatic Arts; ha participado en musicales como Rathskeller: \u00a1A Musical Elixir en NYC y a nivel internacional, Mamma Mia! \u00a1y Rock of Ages, ambas producciones de Amaury S\u00e1nchez, tambi\u00e9n en La Cenicienta producci\u00f3n de Cecilia Garc\u00eda, y actualmente en Mamma Mia! producci\u00f3n de Jos\u00e9 Llano.<\/p>\n\n\n\n<p>Ha bailado para artistas como Natti Natasha, Manny Cruz, Eddy Herrera, Sergio Vargas, Fernando Villalona, Mark B, entre otros; y ha participado en eventos importantes de la Rep\u00fablica Dominicana como los Premios Soberano, The Voice, Dominicana\u2019s Got Talent.<\/p>\n\n\n\n<p>El EP \u201cTodo o nada\u201d se encuentra disponible en todas las plataformas digitales.<\/p>\n\n\n\n<p>@palomarichiez<\/p>\n","protected":false},"excerpt":{"rendered":"<p>El trabajo musical contiene 6 temas compuestos por la cantante y Sergio Echenique \u201cSeye\u201d Santo Domingo, RD, octubre 2024. La joven cantautora, bailarina y actriz Paloma Richiez, estrena su primer EP \u201cTodo o Nada\u201d, acompa\u00f1ando este lanzamiento de su sencillo hom\u00f3nimo. \u201cTodo o Nada\u201d es un EP compuesto por baladas pop como: El sencillo que completa el EP, con el mismo nombre, \u201cTodo o nada\u201d es un Pop que habla de una relaci\u00f3n irregular en la que un lado de la pareja no est\u00e1 completamente comprometido y eso hace que la relaci\u00f3n no sea estable; mientras el otro lado, se ve afectado por ese va y ven. B\u00e1sicamente es una persona dici\u00e9ndole a otra que la relaci\u00f3n debe ser \u201call in\u201d o nada; \u2026prefiero amarte tanto que duela, a que me duela porque te extra\u00f1o\u201d Con este sencillo \u201cTodo o nada\u201d, salen otras dos canciones que completan el EP: Profundidad y Antes de Marcharte. Los temas de esta producci\u00f3n musical son autor\u00eda de Paloma y Sergio Echenique \u201cSeye\u201d, quien tambi\u00e9n fue productor del EP. Es importante destacar que recientemente, Paloma tuvo la oportunidad de ser artista invitada en el concierto del colombiano \u201cFonseca\u201d y en el concierto de \u201cLa Pandilla\u201d &hellip;<\/p>\n","protected":false},"author":1,"featured_media":6811,"comment_status":"open","ping_status":"open","sticky":false,"template":"","format":"standard","meta":{"footnotes":""},"categories":[139,18],"tags":[112,86,101,70,100],"class_list":["post-6810","post","type-post","status-publish","format-standard","has-post-thumbnail","hentry","category-arte","category-farandula","tag-arte","tag-cantante","tag-farandula","tag-musica","tag-noticias"],"acf":[],"_links":{"self":[{"href":"https:\/\/reporteoficial.net\/index.php\/wp-json\/wp\/v2\/posts\/6810","targetHints":{"allow":["GET"]}}],"collection":[{"href":"https:\/\/reporteoficial.net\/index.php\/wp-json\/wp\/v2\/posts"}],"about":[{"href":"https:\/\/reporteoficial.net\/index.php\/wp-json\/wp\/v2\/types\/post"}],"author":[{"embeddable":true,"href":"https:\/\/reporteoficial.net\/index.php\/wp-json\/wp\/v2\/users\/1"}],"replies":[{"embeddable":true,"href":"https:\/\/reporteoficial.net\/index.php\/wp-json\/wp\/v2\/comments?post=6810"}],"version-history":[{"count":1,"href":"https:\/\/reporteoficial.net\/index.php\/wp-json\/wp\/v2\/posts\/6810\/revisions"}],"predecessor-version":[{"id":6812,"href":"https:\/\/reporteoficial.net\/index.php\/wp-json\/wp\/v2\/posts\/6810\/revisions\/6812"}],"wp:featuredmedia":[{"embeddable":true,"href":"https:\/\/reporteoficial.net\/index.php\/wp-json\/wp\/v2\/media\/6811"}],"wp:attachment":[{"href":"https:\/\/reporteoficial.net\/index.php\/wp-json\/wp\/v2\/media?parent=6810"}],"wp:term":[{"taxonomy":"category","embeddable":true,"href":"https:\/\/reporteoficial.net\/index.php\/wp-json\/wp\/v2\/categories?post=6810"},{"taxonomy":"post_tag","embeddable":true,"href":"https:\/\/reporteoficial.net\/index.php\/wp-json\/wp\/v2\/tags?post=6810"}],"curies":[{"name":"wp","href":"https:\/\/api.w.org\/{rel}","templated":true}]}}