{"id":6652,"date":"2024-10-24T07:22:48","date_gmt":"2024-10-24T11:22:48","guid":{"rendered":"https:\/\/reporteoficial.net\/?p=6652"},"modified":"2024-10-24T07:22:49","modified_gmt":"2024-10-24T11:22:49","slug":"dominicana-music-week-2025-hara-historia","status":"publish","type":"post","link":"https:\/\/reporteoficial.net\/index.php\/2024\/10\/24\/dominicana-music-week-2025-hara-historia\/","title":{"rendered":"Dominicana Music Week 2025 har\u00e1 historia"},"content":{"rendered":"\n<p>El m\u00e1s grande evento de la industria de la m\u00fasica se anuncia para abril del 2025, con una apertura nacional e internacional que impactar\u00e1 positivamente en la m\u00fasica dominicana<\/p>\n\n\n\n<hr class=\"wp-block-separator has-alpha-channel-opacity\"\/>\n\n\n\n<p>El pasado mi\u00e9rcoles La Fundaci\u00f3n La Oreja Media anunci\u00f3 por todo lo alto lo que ser\u00e1 la edici\u00f3n 2025 del \u201cDominicana Music Week\u201d, a realizarse en el Monumento Fray Ant\u00f3n de Montesinos los d\u00edas 21, 22, 23 y 25 de abril, y donde cada persona perteneciente a la industria de la m\u00fasica podr\u00e1 acceder a paneles, master classes, talleres, espacios de networking, conferencias y exposiciones de manera exclusiva, con el objetivo de mostrar nuestra oferta como industria para el mundo.<\/p>\n\n\n\n<p>Durante la Rueda de prensa realizada en las instalaciones de Fecerunt de la ciudad de Santo Domingo, y que cont\u00f3 con la presencia de la escena art\u00edstica nacional y los medios de comunicaci\u00f3n, los asistentes pudieron llevarse de primera mano lo que ser\u00e1 este impresionante evento en su tercera edici\u00f3n, que impulsa y posiciona el mercado musical nacional, con una agenda que superar\u00e1 todas las puestas anteriores y les consolida como referentes de la escena dominicana.<\/p>\n\n\n\n<p>Con un contenido diversificado y maximizado para esta nueva edici\u00f3n, ofrecer\u00e1 adem\u00e1s y de manera abierta al p\u00fablico, las v\u00edas para que artistas emergentes y artistas establecidos puedan tener la oportunidad de presentarse dentro de la plataforma.<\/p>\n\n\n\n<p>\u201cEl \u201cDominicana Music Week\u201d ofrece espacios de formaci\u00f3n, profesionalizaci\u00f3n y vinculaci\u00f3n, tanto nacional como internacional, para los agentes miembros de la industria de la m\u00fasica, desarrollando un evento de car\u00e1cter mundial sin precedentes en el pa\u00eds, para la puesta en valor de la m\u00fasica nacional. Propiciamos instancias de visibilizaci\u00f3n, expansi\u00f3n y exportaci\u00f3n de nuestros talentos y creativos, hacia el pa\u00eds, la regi\u00f3n y el resto del mundo\u201d, ampli\u00f3 Porfirio Pi\u00f1a, presidente de La Fundaci\u00f3n La Oreja Media.<\/p>\n\n\n\n<p>La maestr\u00eda de ceremonias estuvo a cargo de Madeline Arnaud, directora ejecutiva de EXA FM, quien dio paso a las palabras y detalles por parte de la directiva del DMW y sus principales ejecutivos, los se\u00f1ores Porfirio Pi\u00f1a, Kevin Monta\u00f1o y Alexis Brugal, representando a La Fundaci\u00f3n La Oreja Media, La Oreja Media Group, Creative Media Group, RD\u00e9 Digital, La Sociedad y KeyChain.<\/p>\n\n\n\n<p>El evento concluy\u00f3 con la participaci\u00f3n musical del reconocido Jazzista y director musical Gustavo Rodr\u00edguez y su banda, y la exhortaci\u00f3n a no perder de vista lo que viene con el Dominicana Music Week 2025.<\/p>\n\n\n\n<p>Datos importantes sobre la industria creativa y musical nacional y su incidencia econ\u00f3mica:<\/p>\n\n\n\n<p>La industria cultural y creativa, que incluye la m\u00fasica, aporta entre el 2% y el 2.5% al PIB de la Rep\u00fablica Dominicana, seg\u00fan estimaciones del Banco Central y estudios independientes de organismos internacionales. Dentro de este sector, la m\u00fasica juega un papel importante debido a su relaci\u00f3n con el turismo y la exportaci\u00f3n de talentos musicales.<\/p>\n\n\n\n<p>Cuando se trata de empleos y turismo, la m\u00fasica dominicana, especialmente g\u00e9neros como el merengue y la bachata, es un fuerte atractivo tur\u00edstico, lo que indirectamente contribuye al PIB a trav\u00e9s de la actividad tur\u00edstica. La industria musical genera miles de empleos directos e indirectos, tanto en producci\u00f3n musical, eventos, como en sectores relacionados (turismo, hosteler\u00eda, servicios).<\/p>\n\n\n\n<p>Nuestra industria musical, a trav\u00e9s de artistas ya internacionales y la creciente digitalizaci\u00f3n (streaming, visualizaci\u00f3n, plataformas de distribuci\u00f3n), ha ampliado su presencia en mercados internacionales, lo que contribuye a la econom\u00eda con divisas y notoriedad global.<\/p>\n","protected":false},"excerpt":{"rendered":"<p>El m\u00e1s grande evento de la industria de la m\u00fasica se anuncia para abril del 2025, con una apertura nacional e internacional que impactar\u00e1 positivamente en la m\u00fasica dominicana El pasado mi\u00e9rcoles La Fundaci\u00f3n La Oreja Media anunci\u00f3 por todo lo alto lo que ser\u00e1 la edici\u00f3n 2025 del \u201cDominicana Music Week\u201d, a realizarse en el Monumento Fray Ant\u00f3n de Montesinos los d\u00edas 21, 22, 23 y 25 de abril, y donde cada persona perteneciente a la industria de la m\u00fasica podr\u00e1 acceder a paneles, master classes, talleres, espacios de networking, conferencias y exposiciones de manera exclusiva, con el objetivo de mostrar nuestra oferta como industria para el mundo. Durante la Rueda de prensa realizada en las instalaciones de Fecerunt de la ciudad de Santo Domingo, y que cont\u00f3 con la presencia de la escena art\u00edstica nacional y los medios de comunicaci\u00f3n, los asistentes pudieron llevarse de primera mano lo que ser\u00e1 este impresionante evento en su tercera edici\u00f3n, que impulsa y posiciona el mercado musical nacional, con una agenda que superar\u00e1 todas las puestas anteriores y les consolida como referentes de la escena dominicana. Con un contenido diversificado y maximizado para esta nueva edici\u00f3n, ofrecer\u00e1 adem\u00e1s y de manera &hellip;<\/p>\n","protected":false},"author":1,"featured_media":6653,"comment_status":"open","ping_status":"open","sticky":false,"template":"","format":"standard","meta":{"footnotes":""},"categories":[139,18],"tags":[112,70,100],"class_list":["post-6652","post","type-post","status-publish","format-standard","has-post-thumbnail","hentry","category-arte","category-farandula","tag-arte","tag-musica","tag-noticias"],"acf":[],"_links":{"self":[{"href":"https:\/\/reporteoficial.net\/index.php\/wp-json\/wp\/v2\/posts\/6652","targetHints":{"allow":["GET"]}}],"collection":[{"href":"https:\/\/reporteoficial.net\/index.php\/wp-json\/wp\/v2\/posts"}],"about":[{"href":"https:\/\/reporteoficial.net\/index.php\/wp-json\/wp\/v2\/types\/post"}],"author":[{"embeddable":true,"href":"https:\/\/reporteoficial.net\/index.php\/wp-json\/wp\/v2\/users\/1"}],"replies":[{"embeddable":true,"href":"https:\/\/reporteoficial.net\/index.php\/wp-json\/wp\/v2\/comments?post=6652"}],"version-history":[{"count":1,"href":"https:\/\/reporteoficial.net\/index.php\/wp-json\/wp\/v2\/posts\/6652\/revisions"}],"predecessor-version":[{"id":6654,"href":"https:\/\/reporteoficial.net\/index.php\/wp-json\/wp\/v2\/posts\/6652\/revisions\/6654"}],"wp:featuredmedia":[{"embeddable":true,"href":"https:\/\/reporteoficial.net\/index.php\/wp-json\/wp\/v2\/media\/6653"}],"wp:attachment":[{"href":"https:\/\/reporteoficial.net\/index.php\/wp-json\/wp\/v2\/media?parent=6652"}],"wp:term":[{"taxonomy":"category","embeddable":true,"href":"https:\/\/reporteoficial.net\/index.php\/wp-json\/wp\/v2\/categories?post=6652"},{"taxonomy":"post_tag","embeddable":true,"href":"https:\/\/reporteoficial.net\/index.php\/wp-json\/wp\/v2\/tags?post=6652"}],"curies":[{"name":"wp","href":"https:\/\/api.w.org\/{rel}","templated":true}]}}