{"id":6128,"date":"2024-10-14T13:53:03","date_gmt":"2024-10-14T17:53:03","guid":{"rendered":"https:\/\/reporteoficial.net\/?p=6128"},"modified":"2024-10-14T13:53:03","modified_gmt":"2024-10-14T17:53:03","slug":"uasd-recinto-barahona-e-indesur-acuerdan-trabajar-juntos","status":"publish","type":"post","link":"https:\/\/reporteoficial.net\/index.php\/2024\/10\/14\/uasd-recinto-barahona-e-indesur-acuerdan-trabajar-juntos\/","title":{"rendered":"UASD Recinto Barahona e Indesur acuerdan trabajar juntos"},"content":{"rendered":"\n<p><br>Barahona. \u2013 El director general de la UASD Recinto Barahona, Manuel Antonio De La Cruz Fern\u00e1ndez, recibi\u00f3 pr\u00f3ximo a este mediod\u00eda en su despacho de esta unidad acad\u00e9mica la visita del director ejecutivo Instituto para el Desarrollo del Suroeste (INDESUR), Noel Octavio Suberv\u00ed N\u00edn (Tavito).<\/p>\n\n\n\n<p>De La Cruz Fern\u00e1ndez y Suberv\u00ed N\u00edn, conversaron por espacio de 20 minutos sobre diversos temas y de las acciones que ambas instituciones pueden desarrollar de manera conjunta para beneficio del estudiantado de la Regi\u00f3n Enriquillo.<\/p>\n\n\n\n<p>Entre esos aspectos figuran c\u00f3mo tanto la UASD Recinto Barahona e Indesur pueden impulsar acciones comunes que pudieran impactar positivamente en el estudiantado de las provincias Pedernales, Barahona, Bahoruco e Independencia.<\/p>\n\n\n\n<p>Adem\u00e1s, de impactar positivamente en sus m\u00e1s de 10,000 estudiantes, ambas instituciones se comprometieron a impulsar un proyecto de limpieza y recuperaci\u00f3n de los espacios de esta unidad acad\u00e9mica (terrenos en condiciones inadecuadas).<\/p>\n\n\n\n<p>Durante la visita del funcionario, acompa\u00f1ado de Vicente Darlin Cuevas Yapul, encargado de la UASD Pedernales, Suberv\u00ed N\u00edn expres\u00f3 a Fern\u00e1ndez De La Cruz, que el objetivo es mejorar e impactar positivamente en la imagen de la academia estatal en la provincia Barahona.<\/p>\n\n\n\n<p>Destacaron, de igual modo, la importancia de involucrar al estudiantado en las acciones a llevar a cabo en forma conjunta para contribuir al desarrollo social, incluso de seguridad de todos los actores universitarios.<\/p>\n\n\n\n<p>Acordaron apoyar con incentivos a estudiantes que cursan sus monogr\u00e1ficos, as\u00ed como a los graduandos, a quienes se interesen por matricularse en la academia estatal como forma de darle un \u201cespaldarazo\u201d a sus aspiraciones.<\/p>\n\n\n\n<p>\u201cAgradecemos esta iniciativa del director ejecutivo de Indesur, el buen amigo Tavito Suberv\u00ed y de su inter\u00e9s en apoyar nuestra unidad acad\u00e9mica, sobre todo, servir de pie de amigo del estudiantado en sus aspiraciones de hacerse profesionales\u201d, expuso la principal autoridad universitaria.<\/p>\n\n\n\n<p>En tanto que Suberv\u00ed N\u00edn, dijo que en el contexto actual de las sociedades modernas un punto clave para lograr los objetivos es la \u201casociatividad\u201d, elemento que, resalt\u00f3, buscan impulsar con estas iniciativas conjuntas con la Primada de Am\u00e9rica en el Suroeste del pa\u00eds.<\/p>\n","protected":false},"excerpt":{"rendered":"<p>Barahona. \u2013 El director general de la UASD Recinto Barahona, Manuel Antonio De La Cruz Fern\u00e1ndez, recibi\u00f3 pr\u00f3ximo a este mediod\u00eda en su despacho de esta unidad acad\u00e9mica la visita del director ejecutivo Instituto para el Desarrollo del Suroeste (INDESUR), Noel Octavio Suberv\u00ed N\u00edn (Tavito). De La Cruz Fern\u00e1ndez y Suberv\u00ed N\u00edn, conversaron por espacio de 20 minutos sobre diversos temas y de las acciones que ambas instituciones pueden desarrollar de manera conjunta para beneficio del estudiantado de la Regi\u00f3n Enriquillo. Entre esos aspectos figuran c\u00f3mo tanto la UASD Recinto Barahona e Indesur pueden impulsar acciones comunes que pudieran impactar positivamente en el estudiantado de las provincias Pedernales, Barahona, Bahoruco e Independencia. Adem\u00e1s, de impactar positivamente en sus m\u00e1s de 10,000 estudiantes, ambas instituciones se comprometieron a impulsar un proyecto de limpieza y recuperaci\u00f3n de los espacios de esta unidad acad\u00e9mica (terrenos en condiciones inadecuadas). Durante la visita del funcionario, acompa\u00f1ado de Vicente Darlin Cuevas Yapul, encargado de la UASD Pedernales, Suberv\u00ed N\u00edn expres\u00f3 a Fern\u00e1ndez De La Cruz, que el objetivo es mejorar e impactar positivamente en la imagen de la academia estatal en la provincia Barahona. Destacaron, de igual modo, la importancia de involucrar al estudiantado en las &hellip;<\/p>\n","protected":false},"author":1,"featured_media":6129,"comment_status":"open","ping_status":"open","sticky":false,"template":"","format":"standard","meta":{"footnotes":""},"categories":[1],"tags":[484,100],"class_list":["post-6128","post","type-post","status-publish","format-standard","has-post-thumbnail","hentry","category-noticias","tag-barahona","tag-noticias"],"acf":[],"_links":{"self":[{"href":"https:\/\/reporteoficial.net\/index.php\/wp-json\/wp\/v2\/posts\/6128","targetHints":{"allow":["GET"]}}],"collection":[{"href":"https:\/\/reporteoficial.net\/index.php\/wp-json\/wp\/v2\/posts"}],"about":[{"href":"https:\/\/reporteoficial.net\/index.php\/wp-json\/wp\/v2\/types\/post"}],"author":[{"embeddable":true,"href":"https:\/\/reporteoficial.net\/index.php\/wp-json\/wp\/v2\/users\/1"}],"replies":[{"embeddable":true,"href":"https:\/\/reporteoficial.net\/index.php\/wp-json\/wp\/v2\/comments?post=6128"}],"version-history":[{"count":1,"href":"https:\/\/reporteoficial.net\/index.php\/wp-json\/wp\/v2\/posts\/6128\/revisions"}],"predecessor-version":[{"id":6130,"href":"https:\/\/reporteoficial.net\/index.php\/wp-json\/wp\/v2\/posts\/6128\/revisions\/6130"}],"wp:featuredmedia":[{"embeddable":true,"href":"https:\/\/reporteoficial.net\/index.php\/wp-json\/wp\/v2\/media\/6129"}],"wp:attachment":[{"href":"https:\/\/reporteoficial.net\/index.php\/wp-json\/wp\/v2\/media?parent=6128"}],"wp:term":[{"taxonomy":"category","embeddable":true,"href":"https:\/\/reporteoficial.net\/index.php\/wp-json\/wp\/v2\/categories?post=6128"},{"taxonomy":"post_tag","embeddable":true,"href":"https:\/\/reporteoficial.net\/index.php\/wp-json\/wp\/v2\/tags?post=6128"}],"curies":[{"name":"wp","href":"https:\/\/api.w.org\/{rel}","templated":true}]}}