{"id":6066,"date":"2024-10-12T13:24:28","date_gmt":"2024-10-12T17:24:28","guid":{"rendered":"https:\/\/reporteoficial.net\/?p=6066"},"modified":"2024-10-12T13:24:28","modified_gmt":"2024-10-12T17:24:28","slug":"la-parte-no-tan-rosa-del-cancer-de-mama","status":"publish","type":"post","link":"https:\/\/reporteoficial.net\/index.php\/2024\/10\/12\/la-parte-no-tan-rosa-del-cancer-de-mama\/","title":{"rendered":"La parte no tan rosa del c\u00e1ncer de mama"},"content":{"rendered":"\n<p>Cada octubre, con la llegada del mes de concienciaci\u00f3n sobre el c\u00e1ncer de mama, Santo Domingo se viste de rosa. Empresas, instituciones educativas, y todo tipo de organizaciones lanzan campa\u00f1as para incentivar el auto chequeo: camisetas, anuncios y el recordatorio de \u00abt\u00f3cate para que no te toque\u00bb. Sin embargo, detr\u00e1s de estas iniciativas, hay una realidad de la que poco se habla: miles de mujeres que se encuentran luchando contra la enfermedad y enfrentan un camino mucho m\u00e1s complejo.<\/p>\n\n\n\n<p>Conviene no hablar de mujeres sino mas bien de personas (incluyendo en esta descripcion a los caballeros), pues esta enfermedad no tiene g\u00e9nero, que no solo deben enfrentar el impacto emocional del diagn\u00f3stico, sino tambi\u00e9n los altos costos de los tratamientos, la carencia de recursos y la desesperaci\u00f3n que genera la falta de apoyo adecuado. Para ellas, el c\u00e1ncer no es solo un recordatorio anual, es una batalla constante por sobrevivir y conseguir la atenci\u00f3n m\u00e9dica necesaria.<\/p>\n\n\n\n<p>M\u00e1s all\u00e1 de los mensajes y actividades, hay una dura realidad para quienes enfrentan este flagelo. Cuente o no con seguro m\u00e9dico, para quienes padecen esta enfermedad, los tratamientos suelen ser muy costosos, y muchas veces esos gastos son inalcanzables para la mayor\u00eda de los dominicanos. En lugar de mejorar su salud o aumentar sus esperanzas de vida, muchos se sienten abandonados por un sistema que no les ofrece el apoyo necesario. Para quienes enfrentan esta situaci\u00f3n, no se trata solo de combatir la enfermedad, sino tambi\u00e9n de superar las barreras econ\u00f3micas y emocionales. Para ellos, el uso del \u00ablazo rosa\u00bb no significa absolutamente nada.<\/p>\n\n\n\n<p>Este es el caso de la Dra. Josefa P\u00e9rez Arias. Con solo 34 a\u00f1os, se enfrenta por tercera vez al c\u00e1ncer de mam\u00e1. Adem\u00e1s de ser una profesional de la salud con m\u00e1s de 12 a\u00f1os de experiencia, es madre de una adolescente que acaba de empezar su bachillerato t\u00e9cnico en enfermer\u00eda. Josefa quiere seguir viviendo para ver crecer a su hija y seguir ayudando a los dem\u00e1s. Ella es una de las miles de mujeres para las que el mes de octubre, \u00abno es tan rosa\u00bb pero que contando su historia busca que otras mujeres tengan un poco de esperanza en medio de sus luchas y entiendan que no se encuentran solas en este camino.<\/p>\n\n\n\n<p>A pesar de la falta de empat\u00eda, la ausencia de respuestas, y la desesperaci\u00f3n de tocar puertas, Josefa, sigue en busca de una oportunidad de sobrevivir y afrontar una vez m\u00e1s esta batalla.<\/p>\n\n\n\n<p>\u00abCada d\u00eda doy gracias a Dios por seguir batallando y con la esperanza de poder contar con los recursos para continuar con mi tratamiento\u00bb &#8211; afirma P\u00e9rez Arias<\/p>\n\n\n\n<p>Siendo octubre, un mes para crear conciencia, tambien es un mes para que nos preguntemos: \u00bfHay algo mas que puedo hacer para apoyar a quienes luchan contra esta enfermedad? Sigamos usando el \u00ablazito rosa\u00bb pero tambien apostemos para que haya una mayor conciencia y empat\u00eda para entender a quienes como Josefa, agradecen cada d\u00eda el hecho de una detecci\u00f3n a tiempo pero que ahora necesitan solidaridad.<\/p>\n\n\n\n<p>Hoy, m\u00e1s que nunca, Josefa necesita nuestra solidaridad y apoyo para seguir adelante por lo que instamos a quienes deseen y puedan ayudarle a que se contacte a trav\u00e9s del n\u00famero (829) 248-1431. De igual modo, compartimos este video donde ella nos habla de su testimonio y como contin\u00faa en espera de no ser una estad\u00edstica negativa m\u00e1s para recordar en octubre.<\/p>\n\n\n\n<p>Post en Instagram: https:\/\/www.instagram.com\/reel\/DA1LIzrOcFd\/?igsh=MXJja2k2cDcxMWR4YQ==<\/p>\n\n\n\n<p>Fuente: Leslie Pontier (Activista Social).<\/p>\n","protected":false},"excerpt":{"rendered":"<p>Cada octubre, con la llegada del mes de concienciaci\u00f3n sobre el c\u00e1ncer de mama, Santo Domingo se viste de rosa. Empresas, instituciones educativas, y todo tipo de organizaciones lanzan campa\u00f1as para incentivar el auto chequeo: camisetas, anuncios y el recordatorio de \u00abt\u00f3cate para que no te toque\u00bb. Sin embargo, detr\u00e1s de estas iniciativas, hay una realidad de la que poco se habla: miles de mujeres que se encuentran luchando contra la enfermedad y enfrentan un camino mucho m\u00e1s complejo. Conviene no hablar de mujeres sino mas bien de personas (incluyendo en esta descripcion a los caballeros), pues esta enfermedad no tiene g\u00e9nero, que no solo deben enfrentar el impacto emocional del diagn\u00f3stico, sino tambi\u00e9n los altos costos de los tratamientos, la carencia de recursos y la desesperaci\u00f3n que genera la falta de apoyo adecuado. Para ellas, el c\u00e1ncer no es solo un recordatorio anual, es una batalla constante por sobrevivir y conseguir la atenci\u00f3n m\u00e9dica necesaria. M\u00e1s all\u00e1 de los mensajes y actividades, hay una dura realidad para quienes enfrentan este flagelo. Cuente o no con seguro m\u00e9dico, para quienes padecen esta enfermedad, los tratamientos suelen ser muy costosos, y muchas veces esos gastos son inalcanzables para la mayor\u00eda de &hellip;<\/p>\n","protected":false},"author":1,"featured_media":6067,"comment_status":"open","ping_status":"open","sticky":false,"template":"","format":"standard","meta":{"footnotes":""},"categories":[4],"tags":[84,478,100,21],"class_list":["post-6066","post","type-post","status-publish","format-standard","has-post-thumbnail","hentry","category-salud","tag-cancer","tag-mes-rosa","tag-noticias","tag-salud"],"acf":[],"_links":{"self":[{"href":"https:\/\/reporteoficial.net\/index.php\/wp-json\/wp\/v2\/posts\/6066","targetHints":{"allow":["GET"]}}],"collection":[{"href":"https:\/\/reporteoficial.net\/index.php\/wp-json\/wp\/v2\/posts"}],"about":[{"href":"https:\/\/reporteoficial.net\/index.php\/wp-json\/wp\/v2\/types\/post"}],"author":[{"embeddable":true,"href":"https:\/\/reporteoficial.net\/index.php\/wp-json\/wp\/v2\/users\/1"}],"replies":[{"embeddable":true,"href":"https:\/\/reporteoficial.net\/index.php\/wp-json\/wp\/v2\/comments?post=6066"}],"version-history":[{"count":1,"href":"https:\/\/reporteoficial.net\/index.php\/wp-json\/wp\/v2\/posts\/6066\/revisions"}],"predecessor-version":[{"id":6068,"href":"https:\/\/reporteoficial.net\/index.php\/wp-json\/wp\/v2\/posts\/6066\/revisions\/6068"}],"wp:featuredmedia":[{"embeddable":true,"href":"https:\/\/reporteoficial.net\/index.php\/wp-json\/wp\/v2\/media\/6067"}],"wp:attachment":[{"href":"https:\/\/reporteoficial.net\/index.php\/wp-json\/wp\/v2\/media?parent=6066"}],"wp:term":[{"taxonomy":"category","embeddable":true,"href":"https:\/\/reporteoficial.net\/index.php\/wp-json\/wp\/v2\/categories?post=6066"},{"taxonomy":"post_tag","embeddable":true,"href":"https:\/\/reporteoficial.net\/index.php\/wp-json\/wp\/v2\/tags?post=6066"}],"curies":[{"name":"wp","href":"https:\/\/api.w.org\/{rel}","templated":true}]}}