{"id":6015,"date":"2024-10-10T18:47:31","date_gmt":"2024-10-10T22:47:31","guid":{"rendered":"https:\/\/reporteoficial.net\/?p=6015"},"modified":"2024-10-10T18:47:31","modified_gmt":"2024-10-10T22:47:31","slug":"agn-ofrece-mas-de-50-actividades-en-la-feria-del-libro-de-historia-dominicana","status":"publish","type":"post","link":"https:\/\/reporteoficial.net\/index.php\/2024\/10\/10\/agn-ofrece-mas-de-50-actividades-en-la-feria-del-libro-de-historia-dominicana\/","title":{"rendered":"AGN ofrece m\u00e1s de 50 actividades en la Feria del Libro de Historia Dominicana"},"content":{"rendered":"\n<p>Todas las actividades son abiertas al p\u00fablico y libres de costo. Para conocer el programa completo de la Feria visite www.agn.gob.do<br>Santo Domingo \u2013 El Archivo General de la Naci\u00f3n (AGN), anunci\u00f3 el programa de actividades que desarrollar\u00e1 en la 11\u00aa Feria del Libro de Historia Dominicana, que se llevar\u00e1 a cabo del 14 al 18 de octubre en la sede del AGN. Este a\u00f1o, la feria, rinde homenaje al historiador Wenceslao Vega.<\/p>\n\n\n\n<p>El evento dar\u00e1 inicio el lunes 14 de octubre con los recorridos presenciales por el AGN, seguido de charlas, talleres y proyecciones documentales. A las 4:00 p.m. se presentar\u00e1 el libro \u201cCaos Monetario en Santo Domingo\u201d de F\u00e9lix Calvo. El primer d\u00eda de la Feria culmina con el acto inaugural y la conferencia magistral de Wenceslao Vega: \u00bfPor qu\u00e9 los dominicanos hemos tenido tantas constituciones? as\u00ed como la presentaci\u00f3n de la reedici\u00f3n de su libro: \u201cLa mediaci\u00f3n extranjera en las guerras dominicanas de independencia 1849-1856\u201d.<\/p>\n\n\n\n<p>El martes 15 destaca la conferencia magistral del juez presidente de la Suprema Corte de Justicia, Luis Henry Molina, con el tema \u00abEvoluci\u00f3n Hist\u00f3rica de la justicia dominicana: hacia un enfoque que garantiza la dignidad de las personas\u00bb. Asimismo, contar\u00e1 con las conferencias \u201cLa ley de uso de medios digitales a cargo del magistrado Justiniano Montero; y \u201cPatrimonio cultural y legislaci\u00f3n\u201d a cargo de Edwin Espinal Hern\u00e1ndez.<\/p>\n\n\n\n<p>Tambi\u00e9n se presentar\u00e1 la \u201cCharla Juvenil\u201d a cargo del Banreservas, talleres de escritura, y la presentaci\u00f3n del libro, \u201cEl complot que tumb\u00f3 al jefe\u201d, de Eduardo Garc\u00eda Michel.<\/p>\n\n\n\n<p>El mi\u00e9rcoles 16 incluir\u00e1 una conferencia magistral, a cargo de Silvia Carre\u00f1o-Coll, jueza de la Corte de Puerto Rico; tambi\u00e9n \u201cEvoluci\u00f3n del Derecho Inmobiliario en la Rep\u00fablica Dominicana\u201d, a cargo del magistrado Manuel Alexis Read; \u201cLibro, palabra e integraci\u00f3n Antillana\u201d, a cargo de Antonio Garc\u00eda Padilla, decano de la Academia de Jurisprudencia y Legislaci\u00f3n de Puerto Rico, investigador cient\u00edfico e historiador; as\u00ed como \u201cEl legado hist\u00f3rico de Jos\u00e9 Francisco Pe\u00f1a G\u00f3mez\u201d, a cargo de Tony Pe\u00f1a Guaba.<\/p>\n\n\n\n<p>De igual forma, la puesta en circulaci\u00f3n del libro \u201cLa educaci\u00f3n en La Vega 1844-2000. Notas para su estudio\u201d, de Alfredo Rafael Hern\u00e1ndez.<\/p>\n\n\n\n<p>El jueves 17, resalta la conferencia magistral \u201cRepaso hist\u00f3rico de la legislaci\u00f3n laboral dominicana y la constitucionalizaci\u00f3n del derecho laboral en RD\u201d, a cargo del ministro de Trabajo, Luis Miguel De Camps Garc\u00eda- Mella. As\u00ed mismo \u201cLos aportes dominicanos al Derecho Internacional\u201d, por Lucy Arraya y \u201cOrigen y evoluci\u00f3n del Derecho Administrativo dominicano\u201d, de parte del Dr. Olivo Rodr\u00edguez Huertas.<\/p>\n\n\n\n<p>Tambi\u00e9n, las puestas en circulaci\u00f3n de los libros: \u201cLa ficci\u00f3n hist\u00f3rica\u201d de Bruno Rosario Candelier; \u201cAnuario de Jurisprudencia Casacional Dominicana\u201d, de la Escuela Nacional de Judicatura.<\/p>\n\n\n\n<p>Finalmente, el viernes 18, se clausurar\u00e1 la feria con la puesta en circulaci\u00f3n de varios libros de autores reconocidos, como: \u201cAyer y hoy\u201d, de Fernando Infante; \u201cCartas y documentos de S\u00f3crates Nolasco\u201d, de Rafael Dar\u00edo Herrera; y culminar\u00e1 con la puesta en circulaci\u00f3n del libro \u201cEconom\u00eda, circulaci\u00f3n monetaria, poblaci\u00f3n y Real Hacienda en Santo Domingo en los siglos XVI, XVII Y XVIII\u201d, de Amadeo Juli\u00e1n.<\/p>\n\n\n\n<p>Para obtener m\u00e1s detalles sobre el programa completo y el horario de las actividades, puede visitar el sitio web del AGN: www.agn.gob.do.<\/p>\n\n\n\n<p>La 11\u00aa Feria del Libro de Historia Dominicana, este a\u00f1o es auspiciada por: Peri\u00f3dico Acento, Agencia de Soluciones Editoriales, la Oficina para el Reordenamiento del Transporte (OPRET), Ministerio de Turismo, Banreservas, peri\u00f3dico El Nuevo Diario, Rosal\u00eda Sol\u00eds, peri\u00f3dico El Caribe, Direcci\u00f3n General de Cine, Cinemateca y el podcast Una P\u00e1gina a la Vez.<\/p>\n","protected":false},"excerpt":{"rendered":"<p>Todas las actividades son abiertas al p\u00fablico y libres de costo. Para conocer el programa completo de la Feria visite www.agn.gob.doSanto Domingo \u2013 El Archivo General de la Naci\u00f3n (AGN), anunci\u00f3 el programa de actividades que desarrollar\u00e1 en la 11\u00aa Feria del Libro de Historia Dominicana, que se llevar\u00e1 a cabo del 14 al 18 de octubre en la sede del AGN. Este a\u00f1o, la feria, rinde homenaje al historiador Wenceslao Vega. El evento dar\u00e1 inicio el lunes 14 de octubre con los recorridos presenciales por el AGN, seguido de charlas, talleres y proyecciones documentales. A las 4:00 p.m. se presentar\u00e1 el libro \u201cCaos Monetario en Santo Domingo\u201d de F\u00e9lix Calvo. El primer d\u00eda de la Feria culmina con el acto inaugural y la conferencia magistral de Wenceslao Vega: \u00bfPor qu\u00e9 los dominicanos hemos tenido tantas constituciones? as\u00ed como la presentaci\u00f3n de la reedici\u00f3n de su libro: \u201cLa mediaci\u00f3n extranjera en las guerras dominicanas de independencia 1849-1856\u201d. El martes 15 destaca la conferencia magistral del juez presidente de la Suprema Corte de Justicia, Luis Henry Molina, con el tema \u00abEvoluci\u00f3n Hist\u00f3rica de la justicia dominicana: hacia un enfoque que garantiza la dignidad de las personas\u00bb. Asimismo, contar\u00e1 con las conferencias &hellip;<\/p>\n","protected":false},"author":1,"featured_media":6016,"comment_status":"open","ping_status":"open","sticky":false,"template":"","format":"standard","meta":{"footnotes":""},"categories":[1],"tags":[429,116,100],"class_list":["post-6015","post","type-post","status-publish","format-standard","has-post-thumbnail","hentry","category-noticias","tag-feria","tag-libros","tag-noticias"],"acf":[],"_links":{"self":[{"href":"https:\/\/reporteoficial.net\/index.php\/wp-json\/wp\/v2\/posts\/6015","targetHints":{"allow":["GET"]}}],"collection":[{"href":"https:\/\/reporteoficial.net\/index.php\/wp-json\/wp\/v2\/posts"}],"about":[{"href":"https:\/\/reporteoficial.net\/index.php\/wp-json\/wp\/v2\/types\/post"}],"author":[{"embeddable":true,"href":"https:\/\/reporteoficial.net\/index.php\/wp-json\/wp\/v2\/users\/1"}],"replies":[{"embeddable":true,"href":"https:\/\/reporteoficial.net\/index.php\/wp-json\/wp\/v2\/comments?post=6015"}],"version-history":[{"count":1,"href":"https:\/\/reporteoficial.net\/index.php\/wp-json\/wp\/v2\/posts\/6015\/revisions"}],"predecessor-version":[{"id":6017,"href":"https:\/\/reporteoficial.net\/index.php\/wp-json\/wp\/v2\/posts\/6015\/revisions\/6017"}],"wp:featuredmedia":[{"embeddable":true,"href":"https:\/\/reporteoficial.net\/index.php\/wp-json\/wp\/v2\/media\/6016"}],"wp:attachment":[{"href":"https:\/\/reporteoficial.net\/index.php\/wp-json\/wp\/v2\/media?parent=6015"}],"wp:term":[{"taxonomy":"category","embeddable":true,"href":"https:\/\/reporteoficial.net\/index.php\/wp-json\/wp\/v2\/categories?post=6015"},{"taxonomy":"post_tag","embeddable":true,"href":"https:\/\/reporteoficial.net\/index.php\/wp-json\/wp\/v2\/tags?post=6015"}],"curies":[{"name":"wp","href":"https:\/\/api.w.org\/{rel}","templated":true}]}}