{"id":6005,"date":"2024-10-10T18:41:13","date_gmt":"2024-10-10T22:41:13","guid":{"rendered":"https:\/\/reporteoficial.net\/?p=6005"},"modified":"2024-10-10T18:41:14","modified_gmt":"2024-10-10T22:41:14","slug":"ministerio-de-la-juventud-y-unfpa-firman-acuerdo-para-fortalecer-las-politicas-publicas-juveniles","status":"publish","type":"post","link":"https:\/\/reporteoficial.net\/index.php\/2024\/10\/10\/ministerio-de-la-juventud-y-unfpa-firman-acuerdo-para-fortalecer-las-politicas-publicas-juveniles\/","title":{"rendered":"Ministerio de la Juventud y UNFPA firman acuerdo para fortalecer las pol\u00edticas p\u00fablicas juveniles"},"content":{"rendered":"\n<p>El Ministerio de la Juventud, encabezado por el ministro Carlos Valdez, ha firmado un importante acuerdo de cooperaci\u00f3n con el Fondo de Poblaci\u00f3n de las Naciones Unidas (UNFPA), representado por su directora de pa\u00eds para la Rep\u00fablica Dominicana, Alanna Armitage. La firma del acuerdo se llev\u00f3 a cabo en las instalaciones del Ministerio de la Juventud, marcando un hito en la colaboraci\u00f3n entre ambas entidades para impulsar pol\u00edticas p\u00fablicas en favor de la juventud dominicana.<\/p>\n\n\n\n<p>Durante el evento de firma, el ministro Carlos Valdez destac\u00f3 el papel fundamental que juega este acuerdo en la articulaci\u00f3n de iniciativas que promueven el desarrollo integral de la juventud. \u201cEste convenio reafirma nuestro compromiso de fortalecer pol\u00edticas p\u00fablicas que, propiamente articuladas, brindar\u00e1n a nuestros j\u00f3venes las herramientas necesarias para alcanzar su m\u00e1ximo potencial. Estamos construyendo un camino que asegure igualdad de oportunidades y una vida digna para cada joven dominicano, especialmente aquellos en condiciones de vulnerabilidad\u201d, expres\u00f3 Valdez.<\/p>\n\n\n\n<figure class=\"wp-block-image size-large\"><img fetchpriority=\"high\" decoding=\"async\" width=\"1024\" height=\"684\" src=\"https:\/\/reporteoficial.net\/wp-content\/uploads\/2024\/10\/Unknown-2-9-1024x684.jpeg\" alt=\"\" class=\"wp-image-6007\" srcset=\"https:\/\/reporteoficial.net\/wp-content\/uploads\/2024\/10\/Unknown-2-9-1024x684.jpeg 1024w, https:\/\/reporteoficial.net\/wp-content\/uploads\/2024\/10\/Unknown-2-9-300x200.jpeg 300w, https:\/\/reporteoficial.net\/wp-content\/uploads\/2024\/10\/Unknown-2-9-200x134.jpeg 200w, https:\/\/reporteoficial.net\/wp-content\/uploads\/2024\/10\/Unknown-2-9-768x513.jpeg 768w, https:\/\/reporteoficial.net\/wp-content\/uploads\/2024\/10\/Unknown-2-9-1536x1025.jpeg 1536w, https:\/\/reporteoficial.net\/wp-content\/uploads\/2024\/10\/Unknown-2-9-480x320.jpeg 480w, https:\/\/reporteoficial.net\/wp-content\/uploads\/2024\/10\/Unknown-2-9.jpeg 1600w\" sizes=\"(max-width: 1024px) 100vw, 1024px\" \/><\/figure>\n\n\n\n<p>Por su parte, Alanna Armitage subray\u00f3 la importancia de la colaboraci\u00f3n entre el UNFPA y el Ministerio de la Juventud: \u201cColaborar en este convenio nos permite avanzar en la creaci\u00f3n de entornos m\u00e1s seguros, inclusivos y equitativos para la juventud dominicana, con el objetivo de eliminar los obst\u00e1culos que limitan su desarrollo\u201d<\/p>\n\n\n\n<p>Este acuerdo establece las bases para la implementaci\u00f3n de programas y proyectos que contribuir\u00e1n al fortalecimiento de los derechos de los j\u00f3venes, con \u00e1reas de cooperaci\u00f3n que incluyen la prevenci\u00f3n de embarazos y violencia, el fortalecimiento institucional, la promoci\u00f3n de cambios socioculturales y la asistencia t\u00e9cnica en el desarrollo de pol\u00edticas p\u00fablicas.<\/p>\n\n\n\n<p>Durante la firma, tambi\u00e9n estuvieron presentes los viceministros la Juventud: Vicente Luis De Pe\u00f1a Peralta, viceministro T\u00e9cnico y de Planificaci\u00f3n; Elo\u00edsa Luna, viceministra Administrativa y Financiera; Anyelo Ram\u00edrez, viceministro de Extensi\u00f3n Regional; Francisco Santiago, viceministro de Supervisi\u00f3n y Ejecuci\u00f3n de Programas; Endry Gonz\u00e1lez, viceministro de Pol\u00edticas P\u00fablicas; y Fernando Lagares, viceministro de Emprendimiento, quienes ser\u00e1n clave en la ejecuci\u00f3n y supervisi\u00f3n de las \u00e1reas de cooperaci\u00f3n establecidas en el convenio.<\/p>\n\n\n\n<p>Sobre el acuerdo:<\/p>\n\n\n\n<p>Este acuerdo entre el Ministerio de la Juventud (MJ) y el Fondo de Poblaci\u00f3n de las Naciones Unidas (UNFPA) se centra en colaborar para fortalecer las pol\u00edticas p\u00fablicas destinadas a la juventud de la Rep\u00fablica Dominicana, especialmente aquellas que buscan promover el desarrollo social inclusivo y equitativo. Las \u00e1reas prioritarias del acuerdo incluyen la prevenci\u00f3n de embarazos adolescentes, la reducci\u00f3n de la violencia de g\u00e9nero, la igualdad de oportunidades para los j\u00f3venes en condiciones vulnerables y el fortalecimiento institucional para asegurar que estas pol\u00edticas tengan un enfoque de derechos humanos e interseccionalidad.<\/p>\n\n\n\n<p>El convenio tambi\u00e9n tiene como objetivo fortalecer las capacidades del Ministerio de la Juventud para implementar programas que mejoren la calidad de vida de los j\u00f3venes, garantizando el acceso a informaci\u00f3n sobre salud sexual y reproductiva, promoviendo la prevenci\u00f3n de uniones tempranas y embarazos adolescentes, y apoyando iniciativas que fomenten el liderazgo juvenil y el empoderamiento comunitario. Asimismo, el acuerdo establece mecanismos de cooperaci\u00f3n t\u00e9cnica para desarrollar proyectos en localidades priorizadas y asegurar que los j\u00f3venes en situaci\u00f3n de pobreza o vulnerabilidad puedan acceder a programas que les ayuden a superar barreras socioecon\u00f3micas.<\/p>\n\n\n\n<p>Sobre El Fondo de Poblaci\u00f3n de las Naciones Unidas (UNFPA)<\/p>\n\n\n\n<p>UNFPA es una agencia de la ONU que trabaja en la promoci\u00f3n de los derechos humanos, especialmente en temas relacionados con la salud sexual y reproductiva, la igualdad de g\u00e9nero y el desarrollo poblacional. Su misi\u00f3n es asegurar que cada embarazo sea deseado, cada parto sea seguro y cada joven pueda desarrollar su potencial en un entorno de igualdad y respeto a sus derechos.<\/p>\n\n\n\n<p>Con este acuerdo, el Ministerio de la Juventud reafirma su rol como articulador clave en la creaci\u00f3n de pol\u00edticas p\u00fablicas inclusivas y equitativas que promuevan el bienestar y desarrollo integral de los j\u00f3venes dominicanos.<\/p>\n","protected":false},"excerpt":{"rendered":"<p>El Ministerio de la Juventud, encabezado por el ministro Carlos Valdez, ha firmado un importante acuerdo de cooperaci\u00f3n con el Fondo de Poblaci\u00f3n de las Naciones Unidas (UNFPA), representado por su directora de pa\u00eds para la Rep\u00fablica Dominicana, Alanna Armitage. La firma del acuerdo se llev\u00f3 a cabo en las instalaciones del Ministerio de la Juventud, marcando un hito en la colaboraci\u00f3n entre ambas entidades para impulsar pol\u00edticas p\u00fablicas en favor de la juventud dominicana. Durante el evento de firma, el ministro Carlos Valdez destac\u00f3 el papel fundamental que juega este acuerdo en la articulaci\u00f3n de iniciativas que promueven el desarrollo integral de la juventud. \u201cEste convenio reafirma nuestro compromiso de fortalecer pol\u00edticas p\u00fablicas que, propiamente articuladas, brindar\u00e1n a nuestros j\u00f3venes las herramientas necesarias para alcanzar su m\u00e1ximo potencial. Estamos construyendo un camino que asegure igualdad de oportunidades y una vida digna para cada joven dominicano, especialmente aquellos en condiciones de vulnerabilidad\u201d, expres\u00f3 Valdez. Por su parte, Alanna Armitage subray\u00f3 la importancia de la colaboraci\u00f3n entre el UNFPA y el Ministerio de la Juventud: \u201cColaborar en este convenio nos permite avanzar en la creaci\u00f3n de entornos m\u00e1s seguros, inclusivos y equitativos para la juventud dominicana, con el objetivo de eliminar &hellip;<\/p>\n","protected":false},"author":1,"featured_media":6006,"comment_status":"open","ping_status":"open","sticky":false,"template":"","format":"standard","meta":{"footnotes":""},"categories":[1,140],"tags":[129,100,125,144],"class_list":["post-6005","post","type-post","status-publish","format-standard","has-post-thumbnail","hentry","category-noticias","category-politica","tag-juventud","tag-noticias","tag-politica","tag-politica-2"],"acf":[],"_links":{"self":[{"href":"https:\/\/reporteoficial.net\/index.php\/wp-json\/wp\/v2\/posts\/6005","targetHints":{"allow":["GET"]}}],"collection":[{"href":"https:\/\/reporteoficial.net\/index.php\/wp-json\/wp\/v2\/posts"}],"about":[{"href":"https:\/\/reporteoficial.net\/index.php\/wp-json\/wp\/v2\/types\/post"}],"author":[{"embeddable":true,"href":"https:\/\/reporteoficial.net\/index.php\/wp-json\/wp\/v2\/users\/1"}],"replies":[{"embeddable":true,"href":"https:\/\/reporteoficial.net\/index.php\/wp-json\/wp\/v2\/comments?post=6005"}],"version-history":[{"count":1,"href":"https:\/\/reporteoficial.net\/index.php\/wp-json\/wp\/v2\/posts\/6005\/revisions"}],"predecessor-version":[{"id":6008,"href":"https:\/\/reporteoficial.net\/index.php\/wp-json\/wp\/v2\/posts\/6005\/revisions\/6008"}],"wp:featuredmedia":[{"embeddable":true,"href":"https:\/\/reporteoficial.net\/index.php\/wp-json\/wp\/v2\/media\/6006"}],"wp:attachment":[{"href":"https:\/\/reporteoficial.net\/index.php\/wp-json\/wp\/v2\/media?parent=6005"}],"wp:term":[{"taxonomy":"category","embeddable":true,"href":"https:\/\/reporteoficial.net\/index.php\/wp-json\/wp\/v2\/categories?post=6005"},{"taxonomy":"post_tag","embeddable":true,"href":"https:\/\/reporteoficial.net\/index.php\/wp-json\/wp\/v2\/tags?post=6005"}],"curies":[{"name":"wp","href":"https:\/\/api.w.org\/{rel}","templated":true}]}}