{"id":5489,"date":"2024-09-04T05:58:03","date_gmt":"2024-09-04T09:58:03","guid":{"rendered":"https:\/\/reporteoficial.net\/?p=5489"},"modified":"2024-09-04T05:58:04","modified_gmt":"2024-09-04T09:58:04","slug":"alcaldia-del-distrito-nacional-cierra-todos-los-parques-por-lluvias-producto-de-onda-tropical-y-vaguada","status":"publish","type":"post","link":"https:\/\/reporteoficial.net\/index.php\/2024\/09\/04\/alcaldia-del-distrito-nacional-cierra-todos-los-parques-por-lluvias-producto-de-onda-tropical-y-vaguada\/","title":{"rendered":"Alcald\u00eda del Distrito Nacional cierra todos los parques por lluvias producto de onda tropical y vaguada"},"content":{"rendered":"\n<p>El cabildo toma la medida de forma preventiva para garantizar la seguridad de los ciudadanos<\/p>\n\n\n\n<figure class=\"wp-block-image size-large\"><img fetchpriority=\"high\" decoding=\"async\" width=\"1024\" height=\"682\" src=\"https:\/\/reporteoficial.net\/wp-content\/uploads\/2024\/09\/Unknown-5-5-1024x682.jpeg\" alt=\"\" class=\"wp-image-5491\" srcset=\"https:\/\/reporteoficial.net\/wp-content\/uploads\/2024\/09\/Unknown-5-5-1024x682.jpeg 1024w, https:\/\/reporteoficial.net\/wp-content\/uploads\/2024\/09\/Unknown-5-5-300x200.jpeg 300w, https:\/\/reporteoficial.net\/wp-content\/uploads\/2024\/09\/Unknown-5-5-200x133.jpeg 200w, https:\/\/reporteoficial.net\/wp-content\/uploads\/2024\/09\/Unknown-5-5-768x512.jpeg 768w, https:\/\/reporteoficial.net\/wp-content\/uploads\/2024\/09\/Unknown-5-5-1536x1023.jpeg 1536w, https:\/\/reporteoficial.net\/wp-content\/uploads\/2024\/09\/Unknown-5-5-480x320.jpeg 480w, https:\/\/reporteoficial.net\/wp-content\/uploads\/2024\/09\/Unknown-5-5.jpeg 1600w\" sizes=\"(max-width: 1024px) 100vw, 1024px\" \/><\/figure>\n\n\n\n<p>Santo Domingo, DN &#8211; La Alcald\u00eda del Distrito Nacional cerr\u00f3 este martes todos los parques de la capital, como medida preventiva por las lluvias y vientos que afectan la ciudad.<\/p>\n\n\n\n<p>La decisi\u00f3n fue tomada luego del mediod\u00eda, luego de que el Centro de Operaciones de Emergencias (COE) aumentara el nivel de alerta para el Distrito Nacional por la incidencia de una onda tropical activa y una vaguada.<\/p>\n\n\n\n<p>La medida de seguridad se produce como forma de prevenir situaciones que puedan afectar a ciudadanos en los parques. Adem\u00e1s, facilitar\u00e1 los trabajos de limpieza que puedan ameritar esos lugares.<\/p>\n\n\n\n<p>Hasta el momento se han reportado \u00e1rboles ca\u00eddos en varios puntos de la capital, tras fuertes vientos y lluvias, por lo que brigadas de la Alcald\u00eda del Distrito Nacional se mantienen reestableciendo el paso en los lugares afectados.<\/p>\n\n\n\n<p>El cabildo llam\u00f3 a los capitale\u00f1os a no sacar las fundas de basuras a las aceras y frentes de las viviendas, para evitar que sean arrastradas por las lluvias, obstruyendo los filtrantes y causando inundaciones.<\/p>\n\n\n\n<p>El ayuntamiento pide a los ciudadanos mantenerse informados sobre las condiciones del clima a trav\u00e9s de los medios oficiales.<\/p>\n","protected":false},"excerpt":{"rendered":"<p>El cabildo toma la medida de forma preventiva para garantizar la seguridad de los ciudadanos Santo Domingo, DN &#8211; La Alcald\u00eda del Distrito Nacional cerr\u00f3 este martes todos los parques de la capital, como medida preventiva por las lluvias y vientos que afectan la ciudad. La decisi\u00f3n fue tomada luego del mediod\u00eda, luego de que el Centro de Operaciones de Emergencias (COE) aumentara el nivel de alerta para el Distrito Nacional por la incidencia de una onda tropical activa y una vaguada. La medida de seguridad se produce como forma de prevenir situaciones que puedan afectar a ciudadanos en los parques. Adem\u00e1s, facilitar\u00e1 los trabajos de limpieza que puedan ameritar esos lugares. Hasta el momento se han reportado \u00e1rboles ca\u00eddos en varios puntos de la capital, tras fuertes vientos y lluvias, por lo que brigadas de la Alcald\u00eda del Distrito Nacional se mantienen reestableciendo el paso en los lugares afectados. El cabildo llam\u00f3 a los capitale\u00f1os a no sacar las fundas de basuras a las aceras y frentes de las viviendas, para evitar que sean arrastradas por las lluvias, obstruyendo los filtrantes y causando inundaciones. El ayuntamiento pide a los ciudadanos mantenerse informados sobre las condiciones del clima a trav\u00e9s &hellip;<\/p>\n","protected":false},"author":1,"featured_media":5490,"comment_status":"open","ping_status":"open","sticky":false,"template":"","format":"standard","meta":{"footnotes":""},"categories":[1],"tags":[342,100,413],"class_list":["post-5489","post","type-post","status-publish","format-standard","has-post-thumbnail","hentry","category-noticias","tag-alcaldia-2","tag-noticias","tag-seguridad"],"acf":[],"_links":{"self":[{"href":"https:\/\/reporteoficial.net\/index.php\/wp-json\/wp\/v2\/posts\/5489","targetHints":{"allow":["GET"]}}],"collection":[{"href":"https:\/\/reporteoficial.net\/index.php\/wp-json\/wp\/v2\/posts"}],"about":[{"href":"https:\/\/reporteoficial.net\/index.php\/wp-json\/wp\/v2\/types\/post"}],"author":[{"embeddable":true,"href":"https:\/\/reporteoficial.net\/index.php\/wp-json\/wp\/v2\/users\/1"}],"replies":[{"embeddable":true,"href":"https:\/\/reporteoficial.net\/index.php\/wp-json\/wp\/v2\/comments?post=5489"}],"version-history":[{"count":1,"href":"https:\/\/reporteoficial.net\/index.php\/wp-json\/wp\/v2\/posts\/5489\/revisions"}],"predecessor-version":[{"id":5492,"href":"https:\/\/reporteoficial.net\/index.php\/wp-json\/wp\/v2\/posts\/5489\/revisions\/5492"}],"wp:featuredmedia":[{"embeddable":true,"href":"https:\/\/reporteoficial.net\/index.php\/wp-json\/wp\/v2\/media\/5490"}],"wp:attachment":[{"href":"https:\/\/reporteoficial.net\/index.php\/wp-json\/wp\/v2\/media?parent=5489"}],"wp:term":[{"taxonomy":"category","embeddable":true,"href":"https:\/\/reporteoficial.net\/index.php\/wp-json\/wp\/v2\/categories?post=5489"},{"taxonomy":"post_tag","embeddable":true,"href":"https:\/\/reporteoficial.net\/index.php\/wp-json\/wp\/v2\/tags?post=5489"}],"curies":[{"name":"wp","href":"https:\/\/api.w.org\/{rel}","templated":true}]}}