{"id":5394,"date":"2024-09-02T13:43:10","date_gmt":"2024-09-02T17:43:10","guid":{"rendered":"https:\/\/reporteoficial.net\/?p=5394"},"modified":"2024-09-02T13:43:58","modified_gmt":"2024-09-02T17:43:58","slug":"celebran-foro-nuevas-voces-la-juventud-en-los-partidos-politicos","status":"publish","type":"post","link":"https:\/\/reporteoficial.net\/index.php\/2024\/09\/02\/celebran-foro-nuevas-voces-la-juventud-en-los-partidos-politicos\/","title":{"rendered":"Celebran foro \u00abNuevas voces, la juventud en los partidos pol\u00edticos"},"content":{"rendered":"\n<p>Santo Domingo. &#8211; El Movimiento Juventud 360, celebr\u00f3 con gran \u00e9xito el Foro \u00abNuevas Voces\u00bb, organizado por el Movimiento Juventud 360, en la Biblioteca Nacional Pedro Henr\u00edquez Ure\u00f1a. El evento, que comenz\u00f3 a las 6:00 p.m., reuni\u00f3 a j\u00f3venes l\u00edderes y representantes de diversas organizaciones pol\u00edticas para discutir el rol de la juventud en la pol\u00edtica actual y los desaf\u00edos que enfrentan en su camino hacia la participaci\u00f3n activa.<\/p>\n\n\n\n<p>El foro dio la bienvenida a todos sus participantes con la intervenci\u00f3n de Shantal Astacio Cede\u00f1o, representante de Juventud 360, quien ofreci\u00f3 una introducci\u00f3n destacando la importancia del empoderamiento juvenil y la creaci\u00f3n de espacios de di\u00e1logo como este para fomentar el liderazgo y la participaci\u00f3n c\u00edvica de los j\u00f3venes en la Rep\u00fablica Dominicana.<\/p>\n\n\n\n<figure class=\"wp-block-image size-large\"><img fetchpriority=\"high\" decoding=\"async\" width=\"1024\" height=\"682\" src=\"https:\/\/reporteoficial.net\/wp-content\/uploads\/2024\/09\/Unknown-9-2-1024x682.jpeg\" alt=\"\" class=\"wp-image-5398\" srcset=\"https:\/\/reporteoficial.net\/wp-content\/uploads\/2024\/09\/Unknown-9-2-1024x682.jpeg 1024w, https:\/\/reporteoficial.net\/wp-content\/uploads\/2024\/09\/Unknown-9-2-300x200.jpeg 300w, https:\/\/reporteoficial.net\/wp-content\/uploads\/2024\/09\/Unknown-9-2-200x133.jpeg 200w, https:\/\/reporteoficial.net\/wp-content\/uploads\/2024\/09\/Unknown-9-2-768x512.jpeg 768w, https:\/\/reporteoficial.net\/wp-content\/uploads\/2024\/09\/Unknown-9-2-1536x1023.jpeg 1536w, https:\/\/reporteoficial.net\/wp-content\/uploads\/2024\/09\/Unknown-9-2-480x320.jpeg 480w, https:\/\/reporteoficial.net\/wp-content\/uploads\/2024\/09\/Unknown-9-2.jpeg 1600w\" sizes=\"(max-width: 1024px) 100vw, 1024px\" \/><\/figure>\n\n\n\n<p>Por su parte Felipe Vallejos, ofreci\u00f3 una ponencia titulada \u00abEl poder de la inteligencia colectiva\u00bb, donde enfatiz\u00f3 la necesidad de aprovechar el potencial colaborativo de las nuevas generaciones para impulsar cambios significativos en la sociedad. Esta presentaci\u00f3n fue seguida por una sesi\u00f3n interactiva de preguntas y respuestas, donde los asistentes tuvieron la oportunidad de compartir sus inquietudes y reflexiones.<\/p>\n\n\n\n<p>El evento continu\u00f3 con un panel titulado \u00abNuevas Voces: la juventud en los partidos pol\u00edticos\u00bb, moderado por Shantal Astacio; el panel cont\u00f3 con la participaci\u00f3n de destacados j\u00f3venes l\u00edderes como Carlos Valdez, Ministro de la Juventud; Staicy Toribio, de la Direcci\u00f3n Pol\u00edtica de Opci\u00f3n Democr\u00e1tica; Jhonattan Chevalier, delegado en la JCE por Pa\u00eds Posible; Erika Infante, miembro de la Direcci\u00f3n Central del FP; Michael Matos, presidente de la JPLD; y Omara Corporan, presidenta de Juventud PUN. Durante esta discusi\u00f3n, se abordaron temas como la inclusi\u00f3n de j\u00f3venes en las estructuras partidarias, la importancia de la formaci\u00f3n pol\u00edtica desde temprana edad, y los retos que enfrentan para ser escuchados y tomados en cuenta en las decisiones pol\u00edticas.<\/p>\n\n\n\n<p>Tras el panel, hubo otra sesi\u00f3n de preguntas y respuestas donde los panelistas interactuaron directamente con los asistentes, enriqueciendo el debate con diversas perspectivas y experiencias.<\/p>\n\n\n\n<p>El foro concluy\u00f3 con las palabras de cierre a cargo de Adrian Rodr\u00edguez, quien agradeci\u00f3 a los participantes y asistentes por su compromiso con la construcci\u00f3n de un futuro m\u00e1s inclusivo y democr\u00e1tico.<\/p>\n\n\n\n<p>El Movimiento Juventud 360 reafirma su compromiso de seguir promoviendo espacios de di\u00e1logo y formaci\u00f3n para los j\u00f3venes, convencidos de que son una fuerza esencial para la transformaci\u00f3n social y pol\u00edtica en el pa\u00eds.<\/p>\n","protected":false},"excerpt":{"rendered":"<p>Santo Domingo. &#8211; El Movimiento Juventud 360, celebr\u00f3 con gran \u00e9xito el Foro \u00abNuevas Voces\u00bb, organizado por el Movimiento Juventud 360, en la Biblioteca Nacional Pedro Henr\u00edquez Ure\u00f1a. El evento, que comenz\u00f3 a las 6:00 p.m., reuni\u00f3 a j\u00f3venes l\u00edderes y representantes de diversas organizaciones pol\u00edticas para discutir el rol de la juventud en la pol\u00edtica actual y los desaf\u00edos que enfrentan en su camino hacia la participaci\u00f3n activa. El foro dio la bienvenida a todos sus participantes con la intervenci\u00f3n de Shantal Astacio Cede\u00f1o, representante de Juventud 360, quien ofreci\u00f3 una introducci\u00f3n destacando la importancia del empoderamiento juvenil y la creaci\u00f3n de espacios de di\u00e1logo como este para fomentar el liderazgo y la participaci\u00f3n c\u00edvica de los j\u00f3venes en la Rep\u00fablica Dominicana. Por su parte Felipe Vallejos, ofreci\u00f3 una ponencia titulada \u00abEl poder de la inteligencia colectiva\u00bb, donde enfatiz\u00f3 la necesidad de aprovechar el potencial colaborativo de las nuevas generaciones para impulsar cambios significativos en la sociedad. Esta presentaci\u00f3n fue seguida por una sesi\u00f3n interactiva de preguntas y respuestas, donde los asistentes tuvieron la oportunidad de compartir sus inquietudes y reflexiones. El evento continu\u00f3 con un panel titulado \u00abNuevas Voces: la juventud en los partidos pol\u00edticos\u00bb, moderado por Shantal &hellip;<\/p>\n","protected":false},"author":1,"featured_media":5397,"comment_status":"open","ping_status":"open","sticky":false,"template":"","format":"standard","meta":{"footnotes":""},"categories":[1,140],"tags":[100,125,144],"class_list":["post-5394","post","type-post","status-publish","format-standard","has-post-thumbnail","hentry","category-noticias","category-politica","tag-noticias","tag-politica","tag-politica-2"],"acf":[],"_links":{"self":[{"href":"https:\/\/reporteoficial.net\/index.php\/wp-json\/wp\/v2\/posts\/5394","targetHints":{"allow":["GET"]}}],"collection":[{"href":"https:\/\/reporteoficial.net\/index.php\/wp-json\/wp\/v2\/posts"}],"about":[{"href":"https:\/\/reporteoficial.net\/index.php\/wp-json\/wp\/v2\/types\/post"}],"author":[{"embeddable":true,"href":"https:\/\/reporteoficial.net\/index.php\/wp-json\/wp\/v2\/users\/1"}],"replies":[{"embeddable":true,"href":"https:\/\/reporteoficial.net\/index.php\/wp-json\/wp\/v2\/comments?post=5394"}],"version-history":[{"count":2,"href":"https:\/\/reporteoficial.net\/index.php\/wp-json\/wp\/v2\/posts\/5394\/revisions"}],"predecessor-version":[{"id":5399,"href":"https:\/\/reporteoficial.net\/index.php\/wp-json\/wp\/v2\/posts\/5394\/revisions\/5399"}],"wp:featuredmedia":[{"embeddable":true,"href":"https:\/\/reporteoficial.net\/index.php\/wp-json\/wp\/v2\/media\/5397"}],"wp:attachment":[{"href":"https:\/\/reporteoficial.net\/index.php\/wp-json\/wp\/v2\/media?parent=5394"}],"wp:term":[{"taxonomy":"category","embeddable":true,"href":"https:\/\/reporteoficial.net\/index.php\/wp-json\/wp\/v2\/categories?post=5394"},{"taxonomy":"post_tag","embeddable":true,"href":"https:\/\/reporteoficial.net\/index.php\/wp-json\/wp\/v2\/tags?post=5394"}],"curies":[{"name":"wp","href":"https:\/\/api.w.org\/{rel}","templated":true}]}}