{"id":5057,"date":"2024-08-15T16:08:11","date_gmt":"2024-08-15T20:08:11","guid":{"rendered":"https:\/\/reporteoficial.net\/?p=5057"},"modified":"2024-08-15T16:11:00","modified_gmt":"2024-08-15T20:11:00","slug":"venezolanos-en-rd-saludan-presencia-de-varios-mandatarios-que-asistiran-a-toma-de-posesion-del-presidente-luis-abinader","status":"publish","type":"post","link":"https:\/\/reporteoficial.net\/index.php\/2024\/08\/15\/venezolanos-en-rd-saludan-presencia-de-varios-mandatarios-que-asistiran-a-toma-de-posesion-del-presidente-luis-abinader\/","title":{"rendered":"Venezolanos en RD saludan presencia de varios mandatarios que asistir\u00e1n a toma de posesi\u00f3n del presidente Luis Abinader"},"content":{"rendered":"\n<p>Felicitan al presidente paname\u00f1o, Jos\u00e9 Ra\u00fal Mulino por iniciativa para buscar una soluci\u00f3n a la crisis de su pa\u00eds.<\/p>\n\n\n\n<p>Santo Domingo, RD. &#8211; Miembros de la comunidad venezolana en Rep\u00fablica Dominicana saludan la presencia de los mandatarios de la regi\u00f3n que visitan el pais para asistir a toma de posesi\u00f3n del segundo mandato del presidente Luis Abinader Corona.<\/p>\n\n\n\n<p>Agradecen y saludan la iniciativa del presidente de Panam\u00e1, Jos\u00e9 Ra\u00fal Mulino de promover una reunion en el pais con los mandatarios que asistir\u00e1n a la toma de posesi\u00f3n de Abinader este viernes 16 de agosto<br>para discutir sobre la situaci\u00f3n de Venezuela y buscar una posici\u00f3n conjunta.<\/p>\n\n\n\n<p>Destacan que jefe de Estado paname\u00f1o en adici\u00f3n a esta iniciativa ha sostenido contactos con presidentes amigos de Nicol\u00e1s Maduro, pero que al igual que los otros mandatarios han reclamado que se presenten las actas de las mesas de votaciones en las elecciones presidenciales pasadas.<\/p>\n\n\n\n<p>En ese contexto, miembros de la comunidad agrupados en el \u201cMovimiento Venezolano viviendo en Rep\u00fablica Dominicana\u201d, que preside el licenciado Jose Alberto P\u00e9rez, a nombre de la entidad y todos los venezolanos en el pais agradeci\u00f3 a los mandatarios en especial al presidente paname\u00f1o, Jose Ra\u00fal Mulino por la iniciativa.<\/p>\n\n\n\n<p>Expresaron su disposici\u00f3n de constituir una mesa de trabajo con los jefes de Estado, y que se pueda buscar una salida a la crisis que vive su pais luego de los comicios que califican fraudulentos y para ello pusieron a disposici\u00f3n los correos Moverd2018@gmail.com y angela0011@live.com y el tel\u00e9fono 809-433\u20190029<\/p>\n\n\n\n<p>Se\u00f1alan que el real presidente de la naci\u00f3n suramericana es el doctor Edmundo Gonzales Urrutia, el cual fue elegido por el voto de los venezolanos, a la vez que agradecen al presidente Luis Abinader la firme posici\u00f3n adoptada frente a estos comicios, as\u00ed como al pueblo dominicano por su incondicional apoyo frente a la crisis pol\u00edtica que atraviesa Venezuela en los actuales momentos.<\/p>\n\n\n\n<p>Recientemente la Mancomunidad Dominico Venezolana inici\u00f3 una jornada de recolecci\u00f3n de firmas, en un acto que recibi\u00f3 el apoyo de diversos sectores principalmente religiosos, sindicalistas y de los derechos humanos, y en el que se reconoci\u00f3 el triunfo de Edmundo Gonz\u00e1lez y a Mar\u00eda Corina Machado como los verdaderos triunfadores del certamen electoral y se or\u00f3 por la paz y la estabilidad pol\u00edtica en Venezuela.<\/p>\n\n\n\n<p>Este evento se llev\u00f3 a cabo en el parque Juan Pablo Duarte de Santo Domingo Este, donde fue denunciada la alarmante la situaci\u00f3n por la que atraviesa el pueblo venezolano, que en la actualidad seg\u00fan expresaron se encuentra incomunicado con el resto del mundo, y donde impera una represi\u00f3n impuesta por el r\u00e9gimen de Nicol\u00e1s Maduro.<\/p>\n\n\n\n<p>Agregaron que m\u00e1s de 3 mil personas han sido detenidas y torturadas, por manifestarse de manera pac\u00edficas en contra de los resultados de los comicios del 28 de julio pasado.<\/p>\n","protected":false},"excerpt":{"rendered":"<p>Felicitan al presidente paname\u00f1o, Jos\u00e9 Ra\u00fal Mulino por iniciativa para buscar una soluci\u00f3n a la crisis de su pa\u00eds. Santo Domingo, RD. &#8211; Miembros de la comunidad venezolana en Rep\u00fablica Dominicana saludan la presencia de los mandatarios de la regi\u00f3n que visitan el pais para asistir a toma de posesi\u00f3n del segundo mandato del presidente Luis Abinader Corona. Agradecen y saludan la iniciativa del presidente de Panam\u00e1, Jos\u00e9 Ra\u00fal Mulino de promover una reunion en el pais con los mandatarios que asistir\u00e1n a la toma de posesi\u00f3n de Abinader este viernes 16 de agostopara discutir sobre la situaci\u00f3n de Venezuela y buscar una posici\u00f3n conjunta. Destacan que jefe de Estado paname\u00f1o en adici\u00f3n a esta iniciativa ha sostenido contactos con presidentes amigos de Nicol\u00e1s Maduro, pero que al igual que los otros mandatarios han reclamado que se presenten las actas de las mesas de votaciones en las elecciones presidenciales pasadas. En ese contexto, miembros de la comunidad agrupados en el \u201cMovimiento Venezolano viviendo en Rep\u00fablica Dominicana\u201d, que preside el licenciado Jose Alberto P\u00e9rez, a nombre de la entidad y todos los venezolanos en el pais agradeci\u00f3 a los mandatarios en especial al presidente paname\u00f1o, Jose Ra\u00fal Mulino por la iniciativa. &hellip;<\/p>\n","protected":false},"author":1,"featured_media":0,"comment_status":"open","ping_status":"open","sticky":false,"template":"","format":"standard","meta":{"footnotes":""},"categories":[1,140],"tags":[100,125,144],"class_list":["post-5057","post","type-post","status-publish","format-standard","hentry","category-noticias","category-politica","tag-noticias","tag-politica","tag-politica-2"],"acf":[],"_links":{"self":[{"href":"https:\/\/reporteoficial.net\/index.php\/wp-json\/wp\/v2\/posts\/5057","targetHints":{"allow":["GET"]}}],"collection":[{"href":"https:\/\/reporteoficial.net\/index.php\/wp-json\/wp\/v2\/posts"}],"about":[{"href":"https:\/\/reporteoficial.net\/index.php\/wp-json\/wp\/v2\/types\/post"}],"author":[{"embeddable":true,"href":"https:\/\/reporteoficial.net\/index.php\/wp-json\/wp\/v2\/users\/1"}],"replies":[{"embeddable":true,"href":"https:\/\/reporteoficial.net\/index.php\/wp-json\/wp\/v2\/comments?post=5057"}],"version-history":[{"count":1,"href":"https:\/\/reporteoficial.net\/index.php\/wp-json\/wp\/v2\/posts\/5057\/revisions"}],"predecessor-version":[{"id":5059,"href":"https:\/\/reporteoficial.net\/index.php\/wp-json\/wp\/v2\/posts\/5057\/revisions\/5059"}],"wp:attachment":[{"href":"https:\/\/reporteoficial.net\/index.php\/wp-json\/wp\/v2\/media?parent=5057"}],"wp:term":[{"taxonomy":"category","embeddable":true,"href":"https:\/\/reporteoficial.net\/index.php\/wp-json\/wp\/v2\/categories?post=5057"},{"taxonomy":"post_tag","embeddable":true,"href":"https:\/\/reporteoficial.net\/index.php\/wp-json\/wp\/v2\/tags?post=5057"}],"curies":[{"name":"wp","href":"https:\/\/api.w.org\/{rel}","templated":true}]}}