{"id":4847,"date":"2024-07-22T21:37:37","date_gmt":"2024-07-23T01:37:37","guid":{"rendered":"https:\/\/reporteoficial.net\/?p=4847"},"modified":"2024-07-22T21:37:37","modified_gmt":"2024-07-23T01:37:37","slug":"presidente-abinader-destaca-la-trascendencia-de-la-ampliacion-de-la-autopista-duarte","status":"publish","type":"post","link":"https:\/\/reporteoficial.net\/index.php\/2024\/07\/22\/presidente-abinader-destaca-la-trascendencia-de-la-ampliacion-de-la-autopista-duarte\/","title":{"rendered":"Presidente Abinader destaca la trascendencia de la ampliaci\u00f3n de la Autopista Duarte"},"content":{"rendered":"\n<figure class=\"wp-block-image size-large\"><img fetchpriority=\"high\" decoding=\"async\" width=\"1024\" height=\"661\" src=\"https:\/\/reporteoficial.net\/wp-content\/uploads\/2024\/07\/Unknown-2-21-1024x661.jpeg\" alt=\"\" class=\"wp-image-4849\" srcset=\"https:\/\/reporteoficial.net\/wp-content\/uploads\/2024\/07\/Unknown-2-21-1024x661.jpeg 1024w, https:\/\/reporteoficial.net\/wp-content\/uploads\/2024\/07\/Unknown-2-21-300x194.jpeg 300w, https:\/\/reporteoficial.net\/wp-content\/uploads\/2024\/07\/Unknown-2-21-200x129.jpeg 200w, https:\/\/reporteoficial.net\/wp-content\/uploads\/2024\/07\/Unknown-2-21-768x496.jpeg 768w, https:\/\/reporteoficial.net\/wp-content\/uploads\/2024\/07\/Unknown-2-21-1536x992.jpeg 1536w, https:\/\/reporteoficial.net\/wp-content\/uploads\/2024\/07\/Unknown-2-21-480x310.jpeg 480w, https:\/\/reporteoficial.net\/wp-content\/uploads\/2024\/07\/Unknown-2-21.jpeg 1600w\" sizes=\"(max-width: 1024px) 100vw, 1024px\" \/><\/figure>\n\n\n\n<p>\u2022 Cit\u00f3 que lo m\u00e1s importante es la construcci\u00f3n de retornos para la eliminaci\u00f3n de decenas de cruces irregulares, causantes de m\u00faltiples accidentes.<\/p>\n\n\n\n<div class=\"wp-block-group is-nowrap is-layout-flex wp-container-core-group-is-layout-1 wp-block-group-is-layout-flex\">\n<p>Santo Domingo, 22 de julio de 2024. El presidente Luis Abinader afirm\u00f3 que ya est\u00e1n avanzados los trabajos de reacondicionamiento de la Autopista Duarte, de la que dijo que en pocos meses ya estar\u00e1n entregando el Cruce de Controba, que conecta a Santiago con la salida a San Francisco de Macor\u00eds, que fue ampliado a seis carriles.<\/p>\n\n\n\n<figure class=\"wp-block-image size-large\"><img decoding=\"async\" width=\"1024\" height=\"576\" src=\"https:\/\/reporteoficial.net\/wp-content\/uploads\/2024\/07\/Unknown-1-25-1024x576.jpeg\" alt=\"\" class=\"wp-image-4850\" srcset=\"https:\/\/reporteoficial.net\/wp-content\/uploads\/2024\/07\/Unknown-1-25-1024x576.jpeg 1024w, https:\/\/reporteoficial.net\/wp-content\/uploads\/2024\/07\/Unknown-1-25-300x169.jpeg 300w, https:\/\/reporteoficial.net\/wp-content\/uploads\/2024\/07\/Unknown-1-25-200x113.jpeg 200w, https:\/\/reporteoficial.net\/wp-content\/uploads\/2024\/07\/Unknown-1-25-768x432.jpeg 768w, https:\/\/reporteoficial.net\/wp-content\/uploads\/2024\/07\/Unknown-1-25-480x270.jpeg 480w, https:\/\/reporteoficial.net\/wp-content\/uploads\/2024\/07\/Unknown-1-25.jpeg 1320w\" sizes=\"(max-width: 1024px) 100vw, 1024px\" \/><\/figure>\n<\/div>\n\n\n\n<p><br>Al destacar la importancia de la intervenci\u00f3n de esta arteria, Abinader sostuvo que se realizan trabajos de gran importancia para mejorar el tr\u00e1fico vehicular, principalmente la eliminaci\u00f3n de decenas de retornos y cruces irregulares, causantes de m\u00faltiples accidentes.<\/p>\n\n\n\n<p><br>\u201cPero lo m\u00e1s importante que se est\u00e1 haciendo ah\u00ed son los retornos, de tal manera que se est\u00e1n eliminando esos cruces que son los que provocan accidentes en esa carretera, que se hab\u00eda arrabalizado y, la verdad, es que la estamos mejorando significativamente\u201d, explic\u00f3 el mandatario al responder una pregunta en La Semanal sobre los avances de los trabajos en la v\u00eda.<br>Abinader detall\u00f3 que, en el caso de la proximidad con la capital, se contemplan por lo menos tres pasos a desnivel a la salida de Santo Domingo para eliminar los sem\u00e1foros, lo que dijo se tomar\u00e1 m\u00e1s tiempo, pero que ya ha solicitado que se empiecen a licitar. Entiende que los largos taponamientos que se forman, tanto a la entrada como a la salida de la capital, es una situaci\u00f3n que ya debe ir mejorando, para lo cual se est\u00e1 trabajando.<\/p>\n\n\n\n<p><br><strong>Ampliaci\u00f3n de la autopista<br><\/strong>El primer tramo de esa importante arteria, que conecta la capital del pa\u00eds con todo el Cibao, se ha sido concluido en el tramo que va desde Santiago hasta el Aeropuerto Internacional del Cibao. Esta ampliaci\u00f3n garantiza una conectividad m\u00e1s r\u00e1pida y segura entre importantes centros urbanos y econ\u00f3micos del pa\u00eds. En cuando a la entrada a Santo Domingo, se transformar\u00e1 con la ampliaci\u00f3n de la v\u00eda a 16 carriles, ocho de cada lado, lo que mejorar\u00e1 significativamente el flujo vehicular en uno de los puntos m\u00e1s cr\u00edticos de la autopista.<\/p>\n","protected":false},"excerpt":{"rendered":"<p>\u2022 Cit\u00f3 que lo m\u00e1s importante es la construcci\u00f3n de retornos para la eliminaci\u00f3n de decenas de cruces irregulares, causantes de m\u00faltiples accidentes. Santo Domingo, 22 de julio de 2024. El presidente Luis Abinader afirm\u00f3 que ya est\u00e1n avanzados los trabajos de reacondicionamiento de la Autopista Duarte, de la que dijo que en pocos meses ya estar\u00e1n entregando el Cruce de Controba, que conecta a Santiago con la salida a San Francisco de Macor\u00eds, que fue ampliado a seis carriles. Al destacar la importancia de la intervenci\u00f3n de esta arteria, Abinader sostuvo que se realizan trabajos de gran importancia para mejorar el tr\u00e1fico vehicular, principalmente la eliminaci\u00f3n de decenas de retornos y cruces irregulares, causantes de m\u00faltiples accidentes. \u201cPero lo m\u00e1s importante que se est\u00e1 haciendo ah\u00ed son los retornos, de tal manera que se est\u00e1n eliminando esos cruces que son los que provocan accidentes en esa carretera, que se hab\u00eda arrabalizado y, la verdad, es que la estamos mejorando significativamente\u201d, explic\u00f3 el mandatario al responder una pregunta en La Semanal sobre los avances de los trabajos en la v\u00eda.Abinader detall\u00f3 que, en el caso de la proximidad con la capital, se contemplan por lo menos tres pasos a desnivel &hellip;<\/p>\n","protected":false},"author":1,"featured_media":4848,"comment_status":"open","ping_status":"open","sticky":false,"template":"","format":"standard","meta":{"footnotes":""},"categories":[1,140],"tags":[100,125,144],"class_list":["post-4847","post","type-post","status-publish","format-standard","has-post-thumbnail","hentry","category-noticias","category-politica","tag-noticias","tag-politica","tag-politica-2"],"acf":[],"_links":{"self":[{"href":"https:\/\/reporteoficial.net\/index.php\/wp-json\/wp\/v2\/posts\/4847","targetHints":{"allow":["GET"]}}],"collection":[{"href":"https:\/\/reporteoficial.net\/index.php\/wp-json\/wp\/v2\/posts"}],"about":[{"href":"https:\/\/reporteoficial.net\/index.php\/wp-json\/wp\/v2\/types\/post"}],"author":[{"embeddable":true,"href":"https:\/\/reporteoficial.net\/index.php\/wp-json\/wp\/v2\/users\/1"}],"replies":[{"embeddable":true,"href":"https:\/\/reporteoficial.net\/index.php\/wp-json\/wp\/v2\/comments?post=4847"}],"version-history":[{"count":1,"href":"https:\/\/reporteoficial.net\/index.php\/wp-json\/wp\/v2\/posts\/4847\/revisions"}],"predecessor-version":[{"id":4851,"href":"https:\/\/reporteoficial.net\/index.php\/wp-json\/wp\/v2\/posts\/4847\/revisions\/4851"}],"wp:featuredmedia":[{"embeddable":true,"href":"https:\/\/reporteoficial.net\/index.php\/wp-json\/wp\/v2\/media\/4848"}],"wp:attachment":[{"href":"https:\/\/reporteoficial.net\/index.php\/wp-json\/wp\/v2\/media?parent=4847"}],"wp:term":[{"taxonomy":"category","embeddable":true,"href":"https:\/\/reporteoficial.net\/index.php\/wp-json\/wp\/v2\/categories?post=4847"},{"taxonomy":"post_tag","embeddable":true,"href":"https:\/\/reporteoficial.net\/index.php\/wp-json\/wp\/v2\/tags?post=4847"}],"curies":[{"name":"wp","href":"https:\/\/api.w.org\/{rel}","templated":true}]}}