{"id":4825,"date":"2024-07-22T19:57:58","date_gmt":"2024-07-22T23:57:58","guid":{"rendered":"https:\/\/reporteoficial.net\/?p=4825"},"modified":"2024-07-22T19:57:59","modified_gmt":"2024-07-22T23:57:59","slug":"pastoral-de-la-mujer-de-la-mesa-de-dialogo-lleva-a-cabo-conferencia-enfocada-en-los-retos-y-desafios-de-la-sociedad-actual","status":"publish","type":"post","link":"https:\/\/reporteoficial.net\/index.php\/2024\/07\/22\/pastoral-de-la-mujer-de-la-mesa-de-dialogo-lleva-a-cabo-conferencia-enfocada-en-los-retos-y-desafios-de-la-sociedad-actual\/","title":{"rendered":"Pastoral de la Mujer de la Mesa de Di\u00e1logo lleva a cabo conferencia enfocada en los retos y desaf\u00edos de la sociedad actual"},"content":{"rendered":"\n<p>\u00abImpartida por la activista provida Omayra \u00c1lvarez bajo el t\u00edtulo: Desaf\u00edos de la Iglesia en el Siglo XXI\u00bb<\/p>\n\n\n\n<p>La Pastoral de la Mujer de la Mesa de Di\u00e1logo y Representaci\u00f3n Cristiana, liderada por la pastora Ana Patricia Fallas, realiz\u00f3 el pasado s\u00e1bado 20 de julio, una conferencia magistral con miras a profundizar con respeto a los retos y desaf\u00edos de la iglesia en una sociedad tan cambiante como la actual, donde los valores y principios cada d\u00eda son m\u00e1s vulnerados.<\/p>\n\n\n\n<figure class=\"wp-block-image size-large\"><img fetchpriority=\"high\" decoding=\"async\" width=\"1024\" height=\"683\" src=\"https:\/\/reporteoficial.net\/wp-content\/uploads\/2024\/07\/Unknown-6-9-1024x683.jpeg\" alt=\"\" class=\"wp-image-4827\" srcset=\"https:\/\/reporteoficial.net\/wp-content\/uploads\/2024\/07\/Unknown-6-9-1024x683.jpeg 1024w, https:\/\/reporteoficial.net\/wp-content\/uploads\/2024\/07\/Unknown-6-9-300x200.jpeg 300w, https:\/\/reporteoficial.net\/wp-content\/uploads\/2024\/07\/Unknown-6-9-200x133.jpeg 200w, https:\/\/reporteoficial.net\/wp-content\/uploads\/2024\/07\/Unknown-6-9-768x512.jpeg 768w, https:\/\/reporteoficial.net\/wp-content\/uploads\/2024\/07\/Unknown-6-9-480x320.jpeg 480w, https:\/\/reporteoficial.net\/wp-content\/uploads\/2024\/07\/Unknown-6-9.jpeg 1280w\" sizes=\"(max-width: 1024px) 100vw, 1024px\" \/><\/figure>\n\n\n\n<p>En palabras de la pastora Fallas, quien junto a un equipo de mujeres lideres y con el objetivo de defender la vida, afirm\u00f3 que el mayor compromiso y reto de la iglesia es defender la vida y la familia.<\/p>\n\n\n\n<p>\u00abLa iglesia como comunidad se enfrenta a todo aquello que quiera destruir la vida y la familia. Desde la Pastoral de la Mujer nos comprometemos a estar atentas para defender nuestra fe y contribuir para que la mujer se integre activante a los ministerios, iglesias, la politica, lo cultural y lo social aportando a que una naci\u00f3n m\u00e1s justa y que un esfuerzo en favor de los m\u00e1s vulnerables\u00bb, destac\u00f3 la pastora Ana Patricia Fallas.<\/p>\n\n\n\n<p>De su lado, en su alocuci\u00f3n, Omayra \u00c1lvarez, quien adem\u00e1s es la presidente del Ministerio Juventud Con Un Misi\u00f3n (JUCUM), afirm\u00f3 que es necesario que el pueblo de Dios aprenda a ser entendido en los tiempos y preparados para la guerra, pues vivimos en un per\u00edodo donde los valores est\u00e1n siendo atacados por una agenda globalista.<\/p>\n\n\n\n<p>\u00c1lvarez, defensora de los preceptos b\u00edblicos, present\u00f3 por medio de un material visual una panor\u00e1mica de los desaf\u00edos reales de este tiempo y ense\u00f1ando como enfrentarlos usando como herramientas los argumentos certeros para la defensa de la vida, la familia, las libertades y la soberan\u00eda nacional.<\/p>\n\n\n\n<p>Se recuerda que la Pastoral de la Mujer ha estado realizando y participando en una serie de encuentros y mesas t\u00e9cnicas a favor del liderazgo femenino y la mujer en Rep\u00fablica Dominicana junto a instituciones como la Oficina Enlace Presidencia e Iglesias Cristianas y otros organismos nacionales e internacionales.<\/p>\n\n\n\n<p>Fallas, junto a su equipo de lideres inform\u00f3 que en los pr\u00f3ximos d\u00edas estar\u00e1 compartiendo sobre las acciones, actividades e iniciativas que desde la Pastoral se estar\u00e1 realizando para dar respuesta a algunas de las problem\u00e1ticas que afectan la sociedad, especialmente las mujeres dominicanas.<\/p>\n","protected":false},"excerpt":{"rendered":"<p>\u00abImpartida por la activista provida Omayra \u00c1lvarez bajo el t\u00edtulo: Desaf\u00edos de la Iglesia en el Siglo XXI\u00bb La Pastoral de la Mujer de la Mesa de Di\u00e1logo y Representaci\u00f3n Cristiana, liderada por la pastora Ana Patricia Fallas, realiz\u00f3 el pasado s\u00e1bado 20 de julio, una conferencia magistral con miras a profundizar con respeto a los retos y desaf\u00edos de la iglesia en una sociedad tan cambiante como la actual, donde los valores y principios cada d\u00eda son m\u00e1s vulnerados. En palabras de la pastora Fallas, quien junto a un equipo de mujeres lideres y con el objetivo de defender la vida, afirm\u00f3 que el mayor compromiso y reto de la iglesia es defender la vida y la familia. \u00abLa iglesia como comunidad se enfrenta a todo aquello que quiera destruir la vida y la familia. Desde la Pastoral de la Mujer nos comprometemos a estar atentas para defender nuestra fe y contribuir para que la mujer se integre activante a los ministerios, iglesias, la politica, lo cultural y lo social aportando a que una naci\u00f3n m\u00e1s justa y que un esfuerzo en favor de los m\u00e1s vulnerables\u00bb, destac\u00f3 la pastora Ana Patricia Fallas. De su lado, en su alocuci\u00f3n, &hellip;<\/p>\n","protected":false},"author":1,"featured_media":4826,"comment_status":"open","ping_status":"open","sticky":false,"template":"","format":"standard","meta":{"footnotes":""},"categories":[1,4],"tags":[357,100,356,216],"class_list":["post-4825","post","type-post","status-publish","format-standard","has-post-thumbnail","hentry","category-noticias","category-salud","tag-eventos","tag-noticias","tag-pastoral","tag-religion"],"acf":[],"_links":{"self":[{"href":"https:\/\/reporteoficial.net\/index.php\/wp-json\/wp\/v2\/posts\/4825","targetHints":{"allow":["GET"]}}],"collection":[{"href":"https:\/\/reporteoficial.net\/index.php\/wp-json\/wp\/v2\/posts"}],"about":[{"href":"https:\/\/reporteoficial.net\/index.php\/wp-json\/wp\/v2\/types\/post"}],"author":[{"embeddable":true,"href":"https:\/\/reporteoficial.net\/index.php\/wp-json\/wp\/v2\/users\/1"}],"replies":[{"embeddable":true,"href":"https:\/\/reporteoficial.net\/index.php\/wp-json\/wp\/v2\/comments?post=4825"}],"version-history":[{"count":1,"href":"https:\/\/reporteoficial.net\/index.php\/wp-json\/wp\/v2\/posts\/4825\/revisions"}],"predecessor-version":[{"id":4828,"href":"https:\/\/reporteoficial.net\/index.php\/wp-json\/wp\/v2\/posts\/4825\/revisions\/4828"}],"wp:featuredmedia":[{"embeddable":true,"href":"https:\/\/reporteoficial.net\/index.php\/wp-json\/wp\/v2\/media\/4826"}],"wp:attachment":[{"href":"https:\/\/reporteoficial.net\/index.php\/wp-json\/wp\/v2\/media?parent=4825"}],"wp:term":[{"taxonomy":"category","embeddable":true,"href":"https:\/\/reporteoficial.net\/index.php\/wp-json\/wp\/v2\/categories?post=4825"},{"taxonomy":"post_tag","embeddable":true,"href":"https:\/\/reporteoficial.net\/index.php\/wp-json\/wp\/v2\/tags?post=4825"}],"curies":[{"name":"wp","href":"https:\/\/api.w.org\/{rel}","templated":true}]}}