{"id":4541,"date":"2024-07-09T18:39:24","date_gmt":"2024-07-09T22:39:24","guid":{"rendered":"https:\/\/reporteoficial.net\/?p=4541"},"modified":"2024-07-09T18:39:24","modified_gmt":"2024-07-09T22:39:24","slug":"11no-aniversario-sorprende-al-hospital-angel-contreras-de-monte-plata-en-medio-de-una-fuerte-desaprobacion-a-su-actual-director","status":"publish","type":"post","link":"https:\/\/reporteoficial.net\/index.php\/2024\/07\/09\/11no-aniversario-sorprende-al-hospital-angel-contreras-de-monte-plata-en-medio-de-una-fuerte-desaprobacion-a-su-actual-director\/","title":{"rendered":"11no. aniversario sorprende al hospital Angel Contreras de Monte Plata, en medio de una fuerte desaprobaci\u00f3n a su actual director"},"content":{"rendered":"\n<figure class=\"wp-block-image size-large\"><img fetchpriority=\"high\" decoding=\"async\" width=\"1024\" height=\"768\" src=\"https:\/\/reporteoficial.net\/wp-content\/uploads\/2024\/07\/Unknown-2-5-1024x768.jpeg\" alt=\"\" class=\"wp-image-4543\" srcset=\"https:\/\/reporteoficial.net\/wp-content\/uploads\/2024\/07\/Unknown-2-5-1024x768.jpeg 1024w, https:\/\/reporteoficial.net\/wp-content\/uploads\/2024\/07\/Unknown-2-5-300x225.jpeg 300w, https:\/\/reporteoficial.net\/wp-content\/uploads\/2024\/07\/Unknown-2-5-200x150.jpeg 200w, https:\/\/reporteoficial.net\/wp-content\/uploads\/2024\/07\/Unknown-2-5-768x576.jpeg 768w, https:\/\/reporteoficial.net\/wp-content\/uploads\/2024\/07\/Unknown-2-5-480x360.jpeg 480w, https:\/\/reporteoficial.net\/wp-content\/uploads\/2024\/07\/Unknown-2-5.jpeg 1040w\" sizes=\"(max-width: 1024px) 100vw, 1024px\" \/><\/figure>\n\n\n\n<p>Municipio Monte Plata, RD 9 Julio.- A once a\u00f1os de su inauguraci\u00f3n Hospital Provincial de Monte Plata Dr. \u00c1ngel Contreras con avanzado deterioro y p\u00e9simos servicios<br>&nbsp;<br>De ser uno de los centros de salud con m\u00e1s altos \u00edndices de valoraci\u00f3n, a once a\u00f1os de su inauguraci\u00f3n, el Hospital Provincial de Monte Plata Doctor \u00c1ngel Contreras en la actualidad representa un avanzado deterioro de su planta f\u00edsica y p\u00e9simos servicios de salud.<br>&nbsp;<br>Para muchos de sus visitantes, el hospital se ha convertido en los \u00faltimos a\u00f1os en una sucursal de enfermedades ante el deterioro que en la actualidad exhibe.<br>&nbsp;<br>Para los pacientes y usuarios, el centro sanitario ha colapsado durante la gesti\u00f3n del doctor Rafael de Luna, quien supuestamente no permite que nada de los problemas del centro pueda ser dado a conocer a la opini\u00f3n p\u00fablica. &nbsp;<br>&nbsp;<br>Uno de los graves problemas que presenta el hospital se encuentra en el \u00e1rea del patio, donde existen peque\u00f1as lagunas que sirven como centro de acopio para la reproducci\u00f3n de mosquitos y otros insectos.<br>&nbsp;<br>De igual forma, se observa la falta de mantenimiento adecuado de la maleza que nace en el lugar.<br>&nbsp;<br>En la parte de la infraestructura es evidente en diversas paredes la acumulaci\u00f3n de mohos y lamas, debido a la humedad, lo que afecta tanto a pacientes como a visitantes.<br>&nbsp;<br>Tambi\u00e9n, los ba\u00f1os del centro de salud se encuentran deteriorados y no apto para realizar que los pacientes y visitantes &nbsp;puedan realizar sus necesidades fisiol\u00f3gicas<br>&nbsp;<br>Adem\u00e1s, existen graves problemas con el suministro de agua a lo interno de las instalaciones, debido al que preciado l\u00edquido llega totalmente inadecuada para el uso de la higiene humana<br>&nbsp;<br>Asimismo, los usuarios se quejan de la situaci\u00f3n de la alta concentraci\u00f3n de humedad en el centro sanitario, la cual &nbsp;afecta a quienes asisten a los chequeos m\u00e9dicos e incrementa la posibilidad de contraer algunas enfermedades relacionadas con la proliferaci\u00f3n de mohos y \u00e1caros.<br>&nbsp;<br>De igual modo, los pacientes del referido centro se quejan por la cantidad de mosquitos en las diferentes \u00e1reas.<br>&nbsp;<br>&nbsp;En ese sentido, diversos pacientes realizaron un llamado a las autoridades del Ministerio de Salud P\u00fablica y del Servicio Nacional de Salud (SNS), a realizar un descenso, a los fines de evaluar e intervenir el Hospital Provincial \u00c1ngel Contreras, debido al notable deterioro de su planta f\u00edsica, as\u00ed como de sus servicios sanitarios.<\/p>\n","protected":false},"excerpt":{"rendered":"<p>Municipio Monte Plata, RD 9 Julio.- A once a\u00f1os de su inauguraci\u00f3n Hospital Provincial de Monte Plata Dr. \u00c1ngel Contreras con avanzado deterioro y p\u00e9simos servicios&nbsp;De ser uno de los centros de salud con m\u00e1s altos \u00edndices de valoraci\u00f3n, a once a\u00f1os de su inauguraci\u00f3n, el Hospital Provincial de Monte Plata Doctor \u00c1ngel Contreras en la actualidad representa un avanzado deterioro de su planta f\u00edsica y p\u00e9simos servicios de salud.&nbsp;Para muchos de sus visitantes, el hospital se ha convertido en los \u00faltimos a\u00f1os en una sucursal de enfermedades ante el deterioro que en la actualidad exhibe.&nbsp;Para los pacientes y usuarios, el centro sanitario ha colapsado durante la gesti\u00f3n del doctor Rafael de Luna, quien supuestamente no permite que nada de los problemas del centro pueda ser dado a conocer a la opini\u00f3n p\u00fablica. &nbsp;&nbsp;Uno de los graves problemas que presenta el hospital se encuentra en el \u00e1rea del patio, donde existen peque\u00f1as lagunas que sirven como centro de acopio para la reproducci\u00f3n de mosquitos y otros insectos.&nbsp;De igual forma, se observa la falta de mantenimiento adecuado de la maleza que nace en el lugar.&nbsp;En la parte de la infraestructura es evidente en diversas paredes la acumulaci\u00f3n de mohos y lamas, &hellip;<\/p>\n","protected":false},"author":1,"featured_media":4542,"comment_status":"open","ping_status":"open","sticky":false,"template":"","format":"standard","meta":{"footnotes":""},"categories":[1,4],"tags":[171,327,100],"class_list":["post-4541","post","type-post","status-publish","format-standard","has-post-thumbnail","hentry","category-noticias","category-salud","tag-denuncia","tag-hospital","tag-noticias"],"acf":[],"_links":{"self":[{"href":"https:\/\/reporteoficial.net\/index.php\/wp-json\/wp\/v2\/posts\/4541","targetHints":{"allow":["GET"]}}],"collection":[{"href":"https:\/\/reporteoficial.net\/index.php\/wp-json\/wp\/v2\/posts"}],"about":[{"href":"https:\/\/reporteoficial.net\/index.php\/wp-json\/wp\/v2\/types\/post"}],"author":[{"embeddable":true,"href":"https:\/\/reporteoficial.net\/index.php\/wp-json\/wp\/v2\/users\/1"}],"replies":[{"embeddable":true,"href":"https:\/\/reporteoficial.net\/index.php\/wp-json\/wp\/v2\/comments?post=4541"}],"version-history":[{"count":1,"href":"https:\/\/reporteoficial.net\/index.php\/wp-json\/wp\/v2\/posts\/4541\/revisions"}],"predecessor-version":[{"id":4544,"href":"https:\/\/reporteoficial.net\/index.php\/wp-json\/wp\/v2\/posts\/4541\/revisions\/4544"}],"wp:featuredmedia":[{"embeddable":true,"href":"https:\/\/reporteoficial.net\/index.php\/wp-json\/wp\/v2\/media\/4542"}],"wp:attachment":[{"href":"https:\/\/reporteoficial.net\/index.php\/wp-json\/wp\/v2\/media?parent=4541"}],"wp:term":[{"taxonomy":"category","embeddable":true,"href":"https:\/\/reporteoficial.net\/index.php\/wp-json\/wp\/v2\/categories?post=4541"},{"taxonomy":"post_tag","embeddable":true,"href":"https:\/\/reporteoficial.net\/index.php\/wp-json\/wp\/v2\/tags?post=4541"}],"curies":[{"name":"wp","href":"https:\/\/api.w.org\/{rel}","templated":true}]}}