{"id":4440,"date":"2024-06-18T06:49:40","date_gmt":"2024-06-18T10:49:40","guid":{"rendered":"https:\/\/reporteoficial.net\/?p=4440"},"modified":"2024-06-18T06:49:54","modified_gmt":"2024-06-18T10:49:54","slug":"caribbean-educa-y-bolivar-valera-organizan-evento-hecho-en-sde-para-impulsar-microempresas-en-el-mundo-digital","status":"publish","type":"post","link":"https:\/\/reporteoficial.net\/index.php\/2024\/06\/18\/caribbean-educa-y-bolivar-valera-organizan-evento-hecho-en-sde-para-impulsar-microempresas-en-el-mundo-digital\/","title":{"rendered":"Caribbean Educa y Bolivar Valera organizan evento \u201cHecho en SDE\u201d para impulsar microempresas en el mundo digital"},"content":{"rendered":"\n<p>Santo Domingo Este.- El diputado Bolivar Valera y Caribbean Educa organizan el evento \u201cHecho en SDE\u201d, una iniciativa que busca impulsar a las microempresas del municipio en el mundo digital.<\/p>\n\n\n\n<p>La iniciativa forma parte del programa de representaci\u00f3n del diputado Bol\u00edvar Valera (El Boli), quien ha expresado su entusiasmo por el evento donde ha invitado a los emprendedores de Santo Domingo Este a participar en \u201cC\u00f3mo impulsar tu microempresa en el mundo digital\u201d.<\/p>\n\n\n\n<p>\u201cHecho en SDE\u201d se llevar\u00e1 a cabo el pr\u00f3ximo s\u00e1bado 22 de junio en las instalaciones de Caribbean Cinemas en Megacentro.<\/p>\n\n\n\n<p>La actividad contar\u00e1 con la presencia de Estefanny Guti\u00e9rrez, reconocida experta en neuromarketing y mejor conocida como \u201cLa Marketera\u201d, quien ofrecer\u00e1 una serie de talleres pr\u00e1cticos. Los temas a tratar incluyen branding, introspecci\u00f3n de marca, estrategia, segmentaci\u00f3n avanzada para generar leads y automatizaci\u00f3n, entre otros.<\/p>\n\n\n\n<p>\u201cNuestro objetivo con este evento es proporcionar a los emprendedores las herramientas necesarias para que puedan llevar sus negocios al siguiente nivel, aprovechando al m\u00e1ximo las oportunidades que ofrece el mundo digital\u201d, afirm\u00f3 el diputado.<\/p>\n\n\n\n<p>Esta iniciativa forma parte de los esfuerzos continuos de \u201cHecho en SDE\u201d para visibilizar, promover y educar a los emprendedores de Santo Domingo Este, fortaleciendo as\u00ed el tejido empresarial de la comunidad.<\/p>\n\n\n\n<p>El evento es completamente gratis y cuenta con el apoyo de la Fundaci\u00f3n Caribbean Educa y el programa de radio \u201cEl Ma\u00f1anero\u201d.<\/p>\n\n\n\n<p>Los interesados solo deben inscribirse a trav\u00e9s del enlace disponible en la biograf\u00eda de Instagram del diputado Bol\u00edvar Valera.<\/p>\n","protected":false},"excerpt":{"rendered":"<p>Santo Domingo Este.- El diputado Bolivar Valera y Caribbean Educa organizan el evento \u201cHecho en SDE\u201d, una iniciativa que busca impulsar a las microempresas del municipio en el mundo digital. La iniciativa forma parte del programa de representaci\u00f3n del diputado Bol\u00edvar Valera (El Boli), quien ha expresado su entusiasmo por el evento donde ha invitado a los emprendedores de Santo Domingo Este a participar en \u201cC\u00f3mo impulsar tu microempresa en el mundo digital\u201d. \u201cHecho en SDE\u201d se llevar\u00e1 a cabo el pr\u00f3ximo s\u00e1bado 22 de junio en las instalaciones de Caribbean Cinemas en Megacentro. La actividad contar\u00e1 con la presencia de Estefanny Guti\u00e9rrez, reconocida experta en neuromarketing y mejor conocida como \u201cLa Marketera\u201d, quien ofrecer\u00e1 una serie de talleres pr\u00e1cticos. Los temas a tratar incluyen branding, introspecci\u00f3n de marca, estrategia, segmentaci\u00f3n avanzada para generar leads y automatizaci\u00f3n, entre otros. \u201cNuestro objetivo con este evento es proporcionar a los emprendedores las herramientas necesarias para que puedan llevar sus negocios al siguiente nivel, aprovechando al m\u00e1ximo las oportunidades que ofrece el mundo digital\u201d, afirm\u00f3 el diputado. Esta iniciativa forma parte de los esfuerzos continuos de \u201cHecho en SDE\u201d para visibilizar, promover y educar a los emprendedores de Santo Domingo Este, fortaleciendo as\u00ed &hellip;<\/p>\n","protected":false},"author":1,"featured_media":4441,"comment_status":"open","ping_status":"open","sticky":false,"template":"","format":"standard","meta":{"footnotes":""},"categories":[18,1,140],"tags":[101,100,125,144],"class_list":["post-4440","post","type-post","status-publish","format-standard","has-post-thumbnail","hentry","category-farandula","category-noticias","category-politica","tag-farandula","tag-noticias","tag-politica","tag-politica-2"],"acf":[],"_links":{"self":[{"href":"https:\/\/reporteoficial.net\/index.php\/wp-json\/wp\/v2\/posts\/4440","targetHints":{"allow":["GET"]}}],"collection":[{"href":"https:\/\/reporteoficial.net\/index.php\/wp-json\/wp\/v2\/posts"}],"about":[{"href":"https:\/\/reporteoficial.net\/index.php\/wp-json\/wp\/v2\/types\/post"}],"author":[{"embeddable":true,"href":"https:\/\/reporteoficial.net\/index.php\/wp-json\/wp\/v2\/users\/1"}],"replies":[{"embeddable":true,"href":"https:\/\/reporteoficial.net\/index.php\/wp-json\/wp\/v2\/comments?post=4440"}],"version-history":[{"count":2,"href":"https:\/\/reporteoficial.net\/index.php\/wp-json\/wp\/v2\/posts\/4440\/revisions"}],"predecessor-version":[{"id":4443,"href":"https:\/\/reporteoficial.net\/index.php\/wp-json\/wp\/v2\/posts\/4440\/revisions\/4443"}],"wp:featuredmedia":[{"embeddable":true,"href":"https:\/\/reporteoficial.net\/index.php\/wp-json\/wp\/v2\/media\/4441"}],"wp:attachment":[{"href":"https:\/\/reporteoficial.net\/index.php\/wp-json\/wp\/v2\/media?parent=4440"}],"wp:term":[{"taxonomy":"category","embeddable":true,"href":"https:\/\/reporteoficial.net\/index.php\/wp-json\/wp\/v2\/categories?post=4440"},{"taxonomy":"post_tag","embeddable":true,"href":"https:\/\/reporteoficial.net\/index.php\/wp-json\/wp\/v2\/tags?post=4440"}],"curies":[{"name":"wp","href":"https:\/\/api.w.org\/{rel}","templated":true}]}}