{"id":4389,"date":"2024-06-11T10:08:22","date_gmt":"2024-06-11T14:08:22","guid":{"rendered":"https:\/\/reporteoficial.net\/?p=4389"},"modified":"2024-06-11T10:08:22","modified_gmt":"2024-06-11T14:08:22","slug":"la-escuela-republica-del-japon-celebra-su-25o-aniversario-con-feria-en-honor-al-lic-willy-gonzales","status":"publish","type":"post","link":"https:\/\/reporteoficial.net\/index.php\/2024\/06\/11\/la-escuela-republica-del-japon-celebra-su-25o-aniversario-con-feria-en-honor-al-lic-willy-gonzales\/","title":{"rendered":"La Escuela Rep\u00fablica del Jap\u00f3n celebra su 25\u00ba Aniversario con feria en honor al Lic. Willy Gonzales"},"content":{"rendered":"\n<p>Santo Domingo Este. &#8211; La Escuela Rep\u00fablica del Jap\u00f3n celebra con gran j\u00fabilo su 25\u00ba aniversario, destacando una historia de dedicaci\u00f3n y esfuerzo comunitario. Para esta conmemoraci\u00f3n, se realiz\u00f3 una feria en honor al Lic. Willy Gonzales, uno de los principales impulsores de la creaci\u00f3n de esta instituci\u00f3n educativa. El evento se llev\u00f3 a cabo en Villa Liberaci\u00f3n, Santo Domingo Este, y fue un emotivo homenaje al Lic. Gonzales, quien recibi\u00f3 una placa de reconocimiento por su invaluable contribuci\u00f3n.<\/p>\n\n\n\n<figure class=\"wp-block-image size-large\"><img fetchpriority=\"high\" decoding=\"async\" width=\"1024\" height=\"769\" src=\"https:\/\/reporteoficial.net\/wp-content\/uploads\/2024\/06\/Unknown-5-6-1024x769.jpeg\" alt=\"\" class=\"wp-image-4390\" srcset=\"https:\/\/reporteoficial.net\/wp-content\/uploads\/2024\/06\/Unknown-5-6-1024x769.jpeg 1024w, https:\/\/reporteoficial.net\/wp-content\/uploads\/2024\/06\/Unknown-5-6-300x225.jpeg 300w, https:\/\/reporteoficial.net\/wp-content\/uploads\/2024\/06\/Unknown-5-6-200x150.jpeg 200w, https:\/\/reporteoficial.net\/wp-content\/uploads\/2024\/06\/Unknown-5-6-768x576.jpeg 768w, https:\/\/reporteoficial.net\/wp-content\/uploads\/2024\/06\/Unknown-5-6-1536x1153.jpeg 1536w, https:\/\/reporteoficial.net\/wp-content\/uploads\/2024\/06\/Unknown-5-6-480x360.jpeg 480w, https:\/\/reporteoficial.net\/wp-content\/uploads\/2024\/06\/Unknown-5-6.jpeg 1600w\" sizes=\"(max-width: 1024px) 100vw, 1024px\" \/><\/figure>\n\n\n\n<p><br>Con l\u00e1grimas en los ojos, el Lic. Gonzales record\u00f3 el devastador hurac\u00e1n George, que oblig\u00f3 a desalojar a varios sectores de Santo Domingo. Muchas familias fueron reubicadas en lo que hoy se conoce como El Perla, y m\u00e1s de 1500 ni\u00f1os se quedaron sin un lugar donde estudiar.<br>En ese momento de necesidad, el Lic. Gonzales y su entonces novia, hoy su esposa, tomaron la valiente decisi\u00f3n de empe\u00f1ar su anillo de compromiso para comprar pizarras y tizas, asegurando as\u00ed que los ni\u00f1os pudieran continuar con su educaci\u00f3n. Relat\u00f3 c\u00f3mo aquellos 1500 ni\u00f1os se sentaban en latas, y c\u00f3mo, con la ayuda de la comunidad, organiz\u00f3 grupos de estudio mientras esperaban el apoyo oficial. Con el tiempo, las autoridades construyeron dos m\u00f3dulos, lo que hoy es la Escuela Rep\u00fablica del Jap\u00f3n.<\/p>\n\n\n\n<p>La feria cont\u00f3 con una exhibici\u00f3n de los trabajos realizados por los estudiantes durante el a\u00f1o escolar. Adem\u00e1s, los ni\u00f1os declamaron poes\u00edas, presentaron obras de teatro y se ley\u00f3 la biograf\u00eda del Lic. Gonzales, resaltando su rol como l\u00edder y activista social.<\/p>\n\n\n\n<p>En el evento tambi\u00e9n estuvieron presentes personalidades importantes, como el Tte. Coronel Le\u00f3n Silvestre Bibarao Herrera, zonal de Villa Liberaci\u00f3n, y el Comandante del Departamento, Tte. Coronel Pujols de la Cruz, quienes expresaron su admiraci\u00f3n por el compromiso y la dedicaci\u00f3n del Lic. Gonzales a la educaci\u00f3n y el bienestar de la comunidad.<\/p>\n\n\n\n<p>El Lic. Willy Gonzales expres\u00f3 su gratitud y orgullo por ver cu\u00e1nto ha crecido la escuela y el impacto positivo que ha tenido en la comunidad. Este 25\u00ba aniversario no solo celebra la fundaci\u00f3n de la escuela, sino tambi\u00e9n la resiliencia y el esp\u00edritu colaborativo que la hicieron posible.<\/p>\n","protected":false},"excerpt":{"rendered":"<p>Santo Domingo Este. &#8211; La Escuela Rep\u00fablica del Jap\u00f3n celebra con gran j\u00fabilo su 25\u00ba aniversario, destacando una historia de dedicaci\u00f3n y esfuerzo comunitario. Para esta conmemoraci\u00f3n, se realiz\u00f3 una feria en honor al Lic. Willy Gonzales, uno de los principales impulsores de la creaci\u00f3n de esta instituci\u00f3n educativa. El evento se llev\u00f3 a cabo en Villa Liberaci\u00f3n, Santo Domingo Este, y fue un emotivo homenaje al Lic. Gonzales, quien recibi\u00f3 una placa de reconocimiento por su invaluable contribuci\u00f3n. Con l\u00e1grimas en los ojos, el Lic. Gonzales record\u00f3 el devastador hurac\u00e1n George, que oblig\u00f3 a desalojar a varios sectores de Santo Domingo. Muchas familias fueron reubicadas en lo que hoy se conoce como El Perla, y m\u00e1s de 1500 ni\u00f1os se quedaron sin un lugar donde estudiar.En ese momento de necesidad, el Lic. Gonzales y su entonces novia, hoy su esposa, tomaron la valiente decisi\u00f3n de empe\u00f1ar su anillo de compromiso para comprar pizarras y tizas, asegurando as\u00ed que los ni\u00f1os pudieran continuar con su educaci\u00f3n. Relat\u00f3 c\u00f3mo aquellos 1500 ni\u00f1os se sentaban en latas, y c\u00f3mo, con la ayuda de la comunidad, organiz\u00f3 grupos de estudio mientras esperaban el apoyo oficial. Con el tiempo, las autoridades construyeron dos m\u00f3dulos, &hellip;<\/p>\n","protected":false},"author":1,"featured_media":4391,"comment_status":"open","ping_status":"open","sticky":false,"template":"","format":"standard","meta":{"footnotes":""},"categories":[1],"tags":[120,100],"class_list":["post-4389","post","type-post","status-publish","format-standard","has-post-thumbnail","hentry","category-noticias","tag-educacion","tag-noticias"],"acf":[],"_links":{"self":[{"href":"https:\/\/reporteoficial.net\/index.php\/wp-json\/wp\/v2\/posts\/4389","targetHints":{"allow":["GET"]}}],"collection":[{"href":"https:\/\/reporteoficial.net\/index.php\/wp-json\/wp\/v2\/posts"}],"about":[{"href":"https:\/\/reporteoficial.net\/index.php\/wp-json\/wp\/v2\/types\/post"}],"author":[{"embeddable":true,"href":"https:\/\/reporteoficial.net\/index.php\/wp-json\/wp\/v2\/users\/1"}],"replies":[{"embeddable":true,"href":"https:\/\/reporteoficial.net\/index.php\/wp-json\/wp\/v2\/comments?post=4389"}],"version-history":[{"count":1,"href":"https:\/\/reporteoficial.net\/index.php\/wp-json\/wp\/v2\/posts\/4389\/revisions"}],"predecessor-version":[{"id":4392,"href":"https:\/\/reporteoficial.net\/index.php\/wp-json\/wp\/v2\/posts\/4389\/revisions\/4392"}],"wp:featuredmedia":[{"embeddable":true,"href":"https:\/\/reporteoficial.net\/index.php\/wp-json\/wp\/v2\/media\/4391"}],"wp:attachment":[{"href":"https:\/\/reporteoficial.net\/index.php\/wp-json\/wp\/v2\/media?parent=4389"}],"wp:term":[{"taxonomy":"category","embeddable":true,"href":"https:\/\/reporteoficial.net\/index.php\/wp-json\/wp\/v2\/categories?post=4389"},{"taxonomy":"post_tag","embeddable":true,"href":"https:\/\/reporteoficial.net\/index.php\/wp-json\/wp\/v2\/tags?post=4389"}],"curies":[{"name":"wp","href":"https:\/\/api.w.org\/{rel}","templated":true}]}}