{"id":4154,"date":"2024-05-28T15:09:02","date_gmt":"2024-05-28T19:09:02","guid":{"rendered":"https:\/\/reporteoficial.net\/?p=4154"},"modified":"2024-05-28T15:09:03","modified_gmt":"2024-05-28T19:09:03","slug":"la-casita-realiza-taller-por-el-mes-de-las-madres","status":"publish","type":"post","link":"https:\/\/reporteoficial.net\/index.php\/2024\/05\/28\/la-casita-realiza-taller-por-el-mes-de-las-madres\/","title":{"rendered":"La Casita realiza taller por el mes de las Madres"},"content":{"rendered":"\n<p>Santiago de los Caballeros. -Jueves 23 de mayo 2024.- En honor al amor, la creatividad y la celebraci\u00f3n del mes de las Madres, Tienda La Casita realiz\u00f3 el taller \u00abPinta tu Bandeja de Caf\u00e9\u00bb. Este evento tan especial fue impartido por la talentosa artista Patricia Acosta, quien gui\u00f3 a 40 participantes en la transformaci\u00f3n de simples bandejas de caf\u00e9 en obras de arte llenas de vida y color.<\/p>\n\n\n\n<p>El taller \u00abPinta tu Bandeja de Caf\u00e9\u00bb no solo fue una oportunidad para explorar la expresi\u00f3n art\u00edstica, sino tambi\u00e9n un momento de conexi\u00f3n y homenaje a la figura materna. Las participantes se sumergieron en un ambiente c\u00e1lido y acogedor, donde compartieron risas, historias y, sobre todo, su amor por el arte y la creatividad.<\/p>\n\n\n\n<figure class=\"wp-block-image size-large\"><img fetchpriority=\"high\" decoding=\"async\" width=\"1024\" height=\"682\" src=\"https:\/\/reporteoficial.net\/wp-content\/uploads\/2024\/05\/Unknown-56-1024x682.jpeg\" alt=\"\" class=\"wp-image-4156\" srcset=\"https:\/\/reporteoficial.net\/wp-content\/uploads\/2024\/05\/Unknown-56-1024x682.jpeg 1024w, https:\/\/reporteoficial.net\/wp-content\/uploads\/2024\/05\/Unknown-56-300x200.jpeg 300w, https:\/\/reporteoficial.net\/wp-content\/uploads\/2024\/05\/Unknown-56-200x133.jpeg 200w, https:\/\/reporteoficial.net\/wp-content\/uploads\/2024\/05\/Unknown-56-768x512.jpeg 768w, https:\/\/reporteoficial.net\/wp-content\/uploads\/2024\/05\/Unknown-56-480x320.jpeg 480w, https:\/\/reporteoficial.net\/wp-content\/uploads\/2024\/05\/Unknown-56.jpeg 1280w\" sizes=\"(max-width: 1024px) 100vw, 1024px\" \/><\/figure>\n\n\n\n<p>Bajo la experta direcci\u00f3n de la artista Patricia Acosta, cada participante dej\u00f3 volar su imaginaci\u00f3n y plasm\u00f3 su propio estilo en las bandejas de caf\u00e9. El tema central del taller fue la belleza de las flores de hortensias, y las participantes exploraron una amplia gama de tonalidades para dar vida a estas delicadas y encantadoras flores.<\/p>\n\n\n\n<p>Desde tonos suaves y delicados hasta vibrantes y audaces, las bandejas de caf\u00e9 se convirtieron en lienzos \u00fanicos, reflejando la diversidad y la individualidad de cada participante. El resultado final fue una colecci\u00f3n impresionante de obras maestras que celebran la creatividad, la feminidad y, sobre todo, el amor maternal.<\/p>\n\n\n\n<p>\u00abNo sentimos realmente felices del resultado de este maravilloso taller\u00bb, coment\u00f3 Angelita de Blanco, fundadora de Tienda La Casita; \u00abFue una experiencia verdaderamente conmovedora ver c\u00f3mo estas mujeres canalizaron su creatividad y amor en cada pincelada. Queremos agradecer a Patricia Acosta por su inspiradora gu\u00eda y a todas las participantes por compartir este hermoso momento con nosotros\u00bb.<\/p>\n\n\n\n<p>Tienda La Casita se enorgullece de haber sido el anfitri\u00f3n de este taller \u00fanico y espera seguir ofreciendo experiencias enriquecedoras y significativas para sus clientes.<\/p>\n","protected":false},"excerpt":{"rendered":"<p>Un encuentro creativo y emotivo en Tienda La Casita a trav\u00e9s del Taller \u00abPinta tu Bandeja de Caf\u00e9\u00bb, por el mes de las Madres.<\/p>\n","protected":false},"author":1,"featured_media":4155,"comment_status":"open","ping_status":"open","sticky":false,"template":"","format":"standard","meta":{"footnotes":""},"categories":[139,4],"tags":[112,100],"class_list":["post-4154","post","type-post","status-publish","format-standard","has-post-thumbnail","hentry","category-arte","category-salud","tag-arte","tag-noticias"],"acf":[],"_links":{"self":[{"href":"https:\/\/reporteoficial.net\/index.php\/wp-json\/wp\/v2\/posts\/4154","targetHints":{"allow":["GET"]}}],"collection":[{"href":"https:\/\/reporteoficial.net\/index.php\/wp-json\/wp\/v2\/posts"}],"about":[{"href":"https:\/\/reporteoficial.net\/index.php\/wp-json\/wp\/v2\/types\/post"}],"author":[{"embeddable":true,"href":"https:\/\/reporteoficial.net\/index.php\/wp-json\/wp\/v2\/users\/1"}],"replies":[{"embeddable":true,"href":"https:\/\/reporteoficial.net\/index.php\/wp-json\/wp\/v2\/comments?post=4154"}],"version-history":[{"count":1,"href":"https:\/\/reporteoficial.net\/index.php\/wp-json\/wp\/v2\/posts\/4154\/revisions"}],"predecessor-version":[{"id":4157,"href":"https:\/\/reporteoficial.net\/index.php\/wp-json\/wp\/v2\/posts\/4154\/revisions\/4157"}],"wp:featuredmedia":[{"embeddable":true,"href":"https:\/\/reporteoficial.net\/index.php\/wp-json\/wp\/v2\/media\/4155"}],"wp:attachment":[{"href":"https:\/\/reporteoficial.net\/index.php\/wp-json\/wp\/v2\/media?parent=4154"}],"wp:term":[{"taxonomy":"category","embeddable":true,"href":"https:\/\/reporteoficial.net\/index.php\/wp-json\/wp\/v2\/categories?post=4154"},{"taxonomy":"post_tag","embeddable":true,"href":"https:\/\/reporteoficial.net\/index.php\/wp-json\/wp\/v2\/tags?post=4154"}],"curies":[{"name":"wp","href":"https:\/\/api.w.org\/{rel}","templated":true}]}}