{"id":4030,"date":"2024-05-23T17:46:56","date_gmt":"2024-05-23T21:46:56","guid":{"rendered":"https:\/\/reporteoficial.net\/?p=4030"},"modified":"2024-05-23T17:46:56","modified_gmt":"2024-05-23T21:46:56","slug":"efemerides-patrias-lamenta-el-deceso-del-meritisimo-academico-y-patriota-jesus-de-la-rosa","status":"publish","type":"post","link":"https:\/\/reporteoficial.net\/index.php\/2024\/05\/23\/efemerides-patrias-lamenta-el-deceso-del-meritisimo-academico-y-patriota-jesus-de-la-rosa\/","title":{"rendered":"Efem\u00e9rides Patrias lamenta el deceso del merit\u00edsimo acad\u00e9mico y patriota Jes\u00fas de la Rosa"},"content":{"rendered":"\n<p>Santo Domingo. El presidente de la Comisi\u00f3n Permanente de Efem\u00e9rides Patrias, lament\u00f3 el fallecimiento del profesor Jes\u00fas de la Rosa, al que ponder\u00f3 como un dominicano destacado que le sirvi\u00f3 al pa\u00eds desde diferentes instancias.<\/p>\n\n\n\n<p>Juan Pablo Uribe, dijo que las cualidades de acad\u00e9mico merit\u00edsimo y vicerrector de la Universidad Aut\u00f3noma de Santo Domingo, profesional competente y honesto servidor p\u00fablico, se conjugaban con la postura patri\u00f3tica de primera l\u00ednea asumida en momentos estelares por Jes\u00fas de la Rosa.<\/p>\n\n\n\n<p>Record\u00f3 que el extinto maestro fue oficial militar y comandante constitucionalista en la trinchera del honor de la revoluci\u00f3n democr\u00e1tica de abril de 1965.<\/p>\n\n\n\n<p>Es por eso, que Efem\u00e9rides Patrias honra la memoria del patriota Jes\u00fas de la Rosa.<\/p>\n","protected":false},"excerpt":{"rendered":"<p>Santo Domingo. El presidente de la Comisi\u00f3n Permanente de Efem\u00e9rides Patrias, lament\u00f3 el fallecimiento del profesor Jes\u00fas de la Rosa, al que ponder\u00f3 como un dominicano destacado que le sirvi\u00f3 al pa\u00eds desde diferentes instancias. Juan Pablo Uribe, dijo que las cualidades de acad\u00e9mico merit\u00edsimo y vicerrector de la Universidad Aut\u00f3noma de Santo Domingo, profesional competente y honesto servidor p\u00fablico, se conjugaban con la postura patri\u00f3tica de primera l\u00ednea asumida en momentos estelares por Jes\u00fas de la Rosa. Record\u00f3 que el extinto maestro fue oficial militar y comandante constitucionalista en la trinchera del honor de la revoluci\u00f3n democr\u00e1tica de abril de 1965. Es por eso, que Efem\u00e9rides Patrias honra la memoria del patriota Jes\u00fas de la Rosa.<\/p>\n","protected":false},"author":1,"featured_media":4031,"comment_status":"open","ping_status":"open","sticky":false,"template":"","format":"standard","meta":{"footnotes":""},"categories":[244,1],"tags":[177,283,100],"class_list":["post-4030","post","type-post","status-publish","format-standard","has-post-thumbnail","hentry","category-efemerides","category-noticias","tag-efemerides","tag-nota-luctuosa","tag-noticias"],"acf":[],"_links":{"self":[{"href":"https:\/\/reporteoficial.net\/index.php\/wp-json\/wp\/v2\/posts\/4030","targetHints":{"allow":["GET"]}}],"collection":[{"href":"https:\/\/reporteoficial.net\/index.php\/wp-json\/wp\/v2\/posts"}],"about":[{"href":"https:\/\/reporteoficial.net\/index.php\/wp-json\/wp\/v2\/types\/post"}],"author":[{"embeddable":true,"href":"https:\/\/reporteoficial.net\/index.php\/wp-json\/wp\/v2\/users\/1"}],"replies":[{"embeddable":true,"href":"https:\/\/reporteoficial.net\/index.php\/wp-json\/wp\/v2\/comments?post=4030"}],"version-history":[{"count":1,"href":"https:\/\/reporteoficial.net\/index.php\/wp-json\/wp\/v2\/posts\/4030\/revisions"}],"predecessor-version":[{"id":4032,"href":"https:\/\/reporteoficial.net\/index.php\/wp-json\/wp\/v2\/posts\/4030\/revisions\/4032"}],"wp:featuredmedia":[{"embeddable":true,"href":"https:\/\/reporteoficial.net\/index.php\/wp-json\/wp\/v2\/media\/4031"}],"wp:attachment":[{"href":"https:\/\/reporteoficial.net\/index.php\/wp-json\/wp\/v2\/media?parent=4030"}],"wp:term":[{"taxonomy":"category","embeddable":true,"href":"https:\/\/reporteoficial.net\/index.php\/wp-json\/wp\/v2\/categories?post=4030"},{"taxonomy":"post_tag","embeddable":true,"href":"https:\/\/reporteoficial.net\/index.php\/wp-json\/wp\/v2\/tags?post=4030"}],"curies":[{"name":"wp","href":"https:\/\/api.w.org\/{rel}","templated":true}]}}