{"id":3935,"date":"2024-05-22T12:39:32","date_gmt":"2024-05-22T16:39:32","guid":{"rendered":"https:\/\/reporteoficial.net\/?p=3935"},"modified":"2024-05-22T12:39:32","modified_gmt":"2024-05-22T16:39:32","slug":"la-reeleccion-de-luis-abinader-un-camino-continuo-hacia-el-cambio","status":"publish","type":"post","link":"https:\/\/reporteoficial.net\/index.php\/2024\/05\/22\/la-reeleccion-de-luis-abinader-un-camino-continuo-hacia-el-cambio\/","title":{"rendered":"La Reelecci\u00f3n de Luis Abinader, un camino contin\u00fao hacia el cambio."},"content":{"rendered":"\n<p>Por: Jen S\u00e1nchez<\/p>\n\n\n\n<p>El presidente Luis Abinader ha logrado nuevamente la victoria al ganar las elecciones del pasado 19 de mayo, confirmando as\u00ed las predicciones de las encuestas y demostrando su fuerte liderazgo tanto a nivel nacional como con otros l\u00edderes latinoamericanos. Abinader, quien en su primera campa\u00f1a promovi\u00f3 su eslogan \u00abel cambio va\u00bb, ha reafirmado su compromiso con las reformas y mejoras implementadas durante su primer mandato (2020-2024), a pesar de los m\u00faltiples desaf\u00edos enfrentados, como la pandemia y una econom\u00eda deteriorada por la gesti\u00f3n anterior.<\/p>\n\n\n\n<p>Durante su primer per\u00edodo, Abinader se enfoc\u00f3 en la estabilizaci\u00f3n econ\u00f3mica, atrayendo m\u00e1s turistas y reformando instituciones clave. Logr\u00f3 una considerable recuperaci\u00f3n econ\u00f3mica y un incremento r\u00e9cord en el turismo junto al ministro David Collado. Adem\u00e1s, cumpli\u00f3 con su promesa de aumentar los salarios de la polic\u00eda y ampliar la cobertura del seguro de salud Senasa, beneficiando a m\u00e1s de un mill\u00f3n de dominicanos con un seguro subsidiado y cobertura completa. Estas acciones para este segunda campa\u00f1a reforzaron su lema \u00abel cambio sigue\u00bb, destacando su capacidad para cumplir con sus promesas y generar resultados tangibles.<\/p>\n\n\n\n<p>En el \u00e1mbito internacional, Abinader es uno de los l\u00edderes m\u00e1s respetados en Latinoam\u00e9rica, conocido por su lucha contra la corrupci\u00f3n y su intenci\u00f3n de dejar un legado significativo en la Rep\u00fablica Dominicana. Para el nuevo per\u00edodo 2024-2028, planea culminar la reforma policial e introducir nuevas reformas, aquellas que considera necesarias para el crecimiento y desarrollo de una naci\u00f3n y continuar con el compromiso de construir un pa\u00eds diferente para concretizar y materializar el cambio.<\/p>\n\n\n\n<p>Ahora bien, entiendo que en esta nueva etapa, el presidente debe considerar diversos factores econ\u00f3micos, pol\u00edticos y sociales para que un pa\u00eds pueda vivir lo m\u00e1s c\u00f3modo posible en t\u00e9rminos econ\u00f3micos y sentirse satisfecho con este nuevo mandato, como por ejemplo en los econ\u00f3micos:<\/p>\n\n\n\n<ol class=\"wp-block-list\">\n<li>Mantener la estabilidad econ\u00f3mica, en este caso, la inflaci\u00f3n controlada, moderar los altos costos de las viviendas tanto para renta como para compra, baja tasa de desempleo y un crecimiento econ\u00f3mico sostenido.<\/li>\n\n\n\n<li>Necesitamos contar con una diversificaci\u00f3n econ\u00f3mica, es decir, no s\u00f3lo depender del s\u00e9ctor turismo, sino tambi\u00e9n hacer crecer a otros sectores para reducir vulnerabilidades.<\/li>\n\n\n\n<li>En cuanto a infraestructuras, hemos logrado muchas cosas, pero tambi\u00e9n seguimos fallando en otras importantes. Necesitamos buenas carreteras, un sistema de transporte menos agobiante y m\u00e1s eficaz, m\u00e1s acceso a internet, energ\u00eda el\u00e9ctrica y agua potable.<\/li>\n\n\n\n<li>Capacitaci\u00f3n y educaci\u00f3n: No necesitamos m\u00e1s planteles escolares sino hay una educaci\u00f3n de calidad que prepare a la poblaci\u00f3n para los trabajos del futuro. Todav\u00eda tenemos grandes deficiencias con los profesores, no quiero utilizar el termino maestro porque implica una vocaci\u00f3n adicional que ya casi est\u00e1 completamente extinguida, pero ser\u00eda bueno convertir nuevamente a los profesores en maestros.<\/li>\n\n\n\n<li>Salud p\u00fablica: todav\u00eda hay personas que mueren en las emergencias de las cl\u00ednicas por un tema dd seguro m\u00e9dico o por falta de un dep\u00f3sito que NADIE tiene en su bolsillo en ese momento. Entonces necesitamos un sistema de salud accesible y eficiente que cubra las necesidades de la poblaci\u00f3n y que el restablecimiento de salud de una persona sea primero y lo m\u00e1s importante antes de pensar en la parte econ\u00f3mica. Salvar la vida de un paciente debe ser primordial ante cualquier otra cosa que requiera la cl\u00ednica u hospital.<\/li>\n\n\n\n<li>Seguridad social: sistema de pensiones decentes y dignas para envejecer y ayudas sociales que protejan a los m\u00e1s vulnerables.<\/li>\n<\/ol>\n\n\n\n<p>Adem\u00e1s de los factores econ\u00f3micos, es esencial mejorar varios aspectos sociales:<\/p>\n\n\n\n<ol class=\"wp-block-list\">\n<li>Calidad de Vida: Acceso a viviendas dignas y seguras, seguridad ciudadana y un entorno limpio y saludable son imprescindibles para el bienestar de la poblaci\u00f3n.<\/li>\n\n\n\n<li>Cohesi\u00f3n Social e Inclusi\u00f3n: Fomentar la equidad y mejores salarios es vital para reducir la desigualdad y aumentar la satisfacci\u00f3n ciudadana.<\/li>\n\n\n\n<li>Fomento de la Identidad, Arte y Cultura: A trav\u00e9s de leyes como la de m\u00fasica, mecenazgo y el mantener la ley de cine, la creaci\u00f3n de departamentos de cultura en todas las ciudades, se puede fortalecer la identidad y cultura dominicana. La educaci\u00f3n art\u00edstica en las escuelas tambi\u00e9n es crucial.<\/li>\n<\/ol>\n\n\n\n<p>Por \u00faltimo, si hablamos de factores pol\u00edticos necesariamente tenemos que recalcar la necesidad de:<\/p>\n\n\n\n<ol class=\"wp-block-list\">\n<li>De un gobierno eficiente y transparente, instituciones fuertes y cero corrupci\u00f3n.<\/li>\n\n\n\n<li>Garantizar un estado de derecho justo y que garantice los derechos de todos los ciudadanos, manteniendo un sistema judicial complemente independiente.<\/li>\n\n\n\n<li>Pol\u00edticas p\u00fablicas verdaremente efectivas, que promuevan el bienestar social y econ\u00f3mico.<\/li>\n<\/ol>\n\n\n\n<p>La combinaci\u00f3n de estos factores puede contribuir significativamente a que la Rep\u00fablica Dominicana sea econ\u00f3micamente holgada y que la ciudadan\u00eda se sienta orgullosa de un presidente como Luis Abinader que no pretende postularse m\u00e1s para la presedencia de la Rep\u00fablica.<\/p>\n\n\n\n<p>Tambi\u00e9n debemos de reconocer que Luis Abinader ha mantenido su liderazgo y credibilidad con una visi\u00f3n clara y coherente para el pa\u00eds y ha sido percibido como un l\u00edder justo, honesto y \u00e9tico.<\/p>\n\n\n\n<p>En esta nueva oportunidad, Abinader debe casarse con la gloria y continuar realizando un verdadero cambio en la Rep\u00fablica Dominicana, rescatando los valores que hemos olvidados, pero que han caracterizado siempre a los ciudadanos dominicanos y volviendo a adecentar el pa\u00eds para un futuro pr\u00f3spero y equitativo.<\/p>\n","protected":false},"excerpt":{"rendered":"<p>Por: Jen S\u00e1nchez El presidente Luis Abinader ha logrado nuevamente la victoria al ganar las elecciones del pasado 19 de mayo, confirmando as\u00ed las predicciones de las encuestas y demostrando su fuerte liderazgo tanto a nivel nacional como con otros l\u00edderes latinoamericanos. Abinader, quien en su primera campa\u00f1a promovi\u00f3 su eslogan \u00abel cambio va\u00bb, ha reafirmado su compromiso con las reformas y mejoras implementadas durante su primer mandato (2020-2024), a pesar de los m\u00faltiples desaf\u00edos enfrentados, como la pandemia y una econom\u00eda deteriorada por la gesti\u00f3n anterior. Durante su primer per\u00edodo, Abinader se enfoc\u00f3 en la estabilizaci\u00f3n econ\u00f3mica, atrayendo m\u00e1s turistas y reformando instituciones clave. Logr\u00f3 una considerable recuperaci\u00f3n econ\u00f3mica y un incremento r\u00e9cord en el turismo junto al ministro David Collado. Adem\u00e1s, cumpli\u00f3 con su promesa de aumentar los salarios de la polic\u00eda y ampliar la cobertura del seguro de salud Senasa, beneficiando a m\u00e1s de un mill\u00f3n de dominicanos con un seguro subsidiado y cobertura completa. Estas acciones para este segunda campa\u00f1a reforzaron su lema \u00abel cambio sigue\u00bb, destacando su capacidad para cumplir con sus promesas y generar resultados tangibles. En el \u00e1mbito internacional, Abinader es uno de los l\u00edderes m\u00e1s respetados en Latinoam\u00e9rica, conocido por su lucha &hellip;<\/p>\n","protected":false},"author":1,"featured_media":3936,"comment_status":"open","ping_status":"open","sticky":false,"template":"","format":"standard","meta":{"footnotes":""},"categories":[1,140],"tags":[100,269,144],"class_list":["post-3935","post","type-post","status-publish","format-standard","has-post-thumbnail","hentry","category-noticias","category-politica","tag-noticias","tag-opinion","tag-politica-2"],"acf":[],"_links":{"self":[{"href":"https:\/\/reporteoficial.net\/index.php\/wp-json\/wp\/v2\/posts\/3935","targetHints":{"allow":["GET"]}}],"collection":[{"href":"https:\/\/reporteoficial.net\/index.php\/wp-json\/wp\/v2\/posts"}],"about":[{"href":"https:\/\/reporteoficial.net\/index.php\/wp-json\/wp\/v2\/types\/post"}],"author":[{"embeddable":true,"href":"https:\/\/reporteoficial.net\/index.php\/wp-json\/wp\/v2\/users\/1"}],"replies":[{"embeddable":true,"href":"https:\/\/reporteoficial.net\/index.php\/wp-json\/wp\/v2\/comments?post=3935"}],"version-history":[{"count":1,"href":"https:\/\/reporteoficial.net\/index.php\/wp-json\/wp\/v2\/posts\/3935\/revisions"}],"predecessor-version":[{"id":3937,"href":"https:\/\/reporteoficial.net\/index.php\/wp-json\/wp\/v2\/posts\/3935\/revisions\/3937"}],"wp:featuredmedia":[{"embeddable":true,"href":"https:\/\/reporteoficial.net\/index.php\/wp-json\/wp\/v2\/media\/3936"}],"wp:attachment":[{"href":"https:\/\/reporteoficial.net\/index.php\/wp-json\/wp\/v2\/media?parent=3935"}],"wp:term":[{"taxonomy":"category","embeddable":true,"href":"https:\/\/reporteoficial.net\/index.php\/wp-json\/wp\/v2\/categories?post=3935"},{"taxonomy":"post_tag","embeddable":true,"href":"https:\/\/reporteoficial.net\/index.php\/wp-json\/wp\/v2\/tags?post=3935"}],"curies":[{"name":"wp","href":"https:\/\/api.w.org\/{rel}","templated":true}]}}