{"id":3928,"date":"2024-05-22T12:36:44","date_gmt":"2024-05-22T16:36:44","guid":{"rendered":"https:\/\/reporteoficial.net\/?p=3928"},"modified":"2024-05-22T12:36:47","modified_gmt":"2024-05-22T16:36:47","slug":"guadalupe-madre-de-la-humanidad-llegaraa-los-cines-de-republica-dominica-el-23-de-mayo-2024","status":"publish","type":"post","link":"https:\/\/reporteoficial.net\/index.php\/2024\/05\/22\/guadalupe-madre-de-la-humanidad-llegaraa-los-cines-de-republica-dominica-el-23-de-mayo-2024\/","title":{"rendered":"\u00abGuadalupe: Madre de la Humanidad\u00bb llegar\u00e1a los cines de Rep\u00fablica Dominica el 23 de mayo 2024"},"content":{"rendered":"\n<p>Goya Producciones y Televida \u201cEl Canal Cat\u00f3lico de la Familia\u201d anuncia fecha de estreno, p\u00f3ster y tr\u00e1iler de \u201cGuadalupe: Madre de la Humanidad\u201d, que se exhibir\u00e1 en Novo Centro de Caribbean Cinema desde el 23 de mayo.<\/p>\n\n\n\n<p>La pel\u00edcula, dirigida por Andr\u00e9s Garrig\u00f3, aspira a desvelar los m\u00faltiples aspectos de las apariciones de la Virgen de Guadalupe y c\u00f3mo act\u00faa hoy en la vida de muchas personas.<\/p>\n\n\n\n<p>El filme cuenta con estupendas recreaciones de las apariciones dirigidas por Pablo Moreno.<\/p>\n\n\n\n<p>VEA EL TR\u00c1ILER AQU\u00cd https:\/\/youtu.be\/99k9LwAmy08?si=Qq9eMvZFHJluMQgE<\/p>\n\n\n\n<p>Canci\u00f3n oficial, \u201cAcaso No Estoy Yo Aqu\u00ed\u201d (Versi\u00f3n Mariachi) | Athenas &#8211; Virgen de Guadalupe:<br>https:\/\/youtu.be\/47yTg0Pl1-k?si=BfWOfgDAawZu0Ddv<\/p>\n\n\n\n<figure class=\"wp-block-image size-full\"><img fetchpriority=\"high\" decoding=\"async\" width=\"828\" height=\"1280\" src=\"https:\/\/reporteoficial.net\/wp-content\/uploads\/2024\/05\/Unknown-4-14.jpeg\" alt=\"\" class=\"wp-image-3930\" srcset=\"https:\/\/reporteoficial.net\/wp-content\/uploads\/2024\/05\/Unknown-4-14.jpeg 828w, https:\/\/reporteoficial.net\/wp-content\/uploads\/2024\/05\/Unknown-4-14-300x464.jpeg 300w, https:\/\/reporteoficial.net\/wp-content\/uploads\/2024\/05\/Unknown-4-14-200x309.jpeg 200w, https:\/\/reporteoficial.net\/wp-content\/uploads\/2024\/05\/Unknown-4-14-768x1187.jpeg 768w, https:\/\/reporteoficial.net\/wp-content\/uploads\/2024\/05\/Unknown-4-14-480x742.jpeg 480w\" sizes=\"(max-width: 828px) 100vw, 828px\" \/><\/figure>\n\n\n\n<p>Santo Domingo. &#8211; Goya Producciones y Televida \u201cEl Canal Cat\u00f3lico de la familia\u201d, se complacen en anunciar el lanzamiento del emocionante tr\u00e1iler y la fecha de estreno de \u00abGuadalupe: Madre de la Humanidad\u00bb, una pel\u00edcula \u00fanica que fusiona elementos documentales con una cautivadora parte de ficci\u00f3n que recrea las Apariciones de la Virgen en 1531.<\/p>\n\n\n\n<p>Esta iniciativa de Goya Producciones desea contribuir a la preparaci\u00f3n del 5\u00ba centenario de las apariciones de nuestra Se\u00f1ora de Guadalupe (2031), tambi\u00e9n Televida canal 41, en el mes de las madres dominicanas y en el que celebramos la solemnidad de \u201cMar\u00eda Madre de Dios\u201d nos presenta esta pel\u00edcula con el fin de fomentar el amor a las madres y cuenta con la colaboraci\u00f3n de la Arquidi\u00f3cesis de Santo Domingo.<\/p>\n\n\n\n<p>\u201cCon este audiovisual nos proponemos metas muy altas: nada menos que recrear en los corazones de las personas de hoy el maravilloso efecto que tuvieron las apariciones de la Virgen de Guadalupe en el M\u00e9xico de 1531\u201d, afirma su director, Andr\u00e9s Garrig\u00f3.<\/p>\n\n\n\n<p>La pel\u00edcula, filmada en M\u00e9xico, Espa\u00f1a, Estados Unidos y Alemania, incluye una parte documental con impresionantes testimonios, y una recreaci\u00f3n en ficci\u00f3n del relato original de las cinco apariciones de la Virgen en Guadalupe dirigidas por el cineasta espa\u00f1ol Pablo Moreno.<\/p>\n\n\n\n<p>En el coraz\u00f3n de esta producci\u00f3n destacan actores mexicanos devotos de la Virgen de Guadalupe. La actriz Karyme Lozano, enamorada de la Virgen, cruz\u00f3 el Atl\u00e1ntico para participar en esta obra \u00fanica.<\/p>\n\n\n\n<p>Sus reflexiones sobre el mensaje central de la Virgen destacan la importancia de la familia y la vida en estos tiempos ca\u00f3ticos.<\/p>\n\n\n\n<p>La actriz encargada de personificar a la Virgen de Guadalupe, Ang\u00e9lica Chong, comparte su emoci\u00f3n de ser elegida para el papel y la conexi\u00f3n especial con su madre. \u201cPrep\u00e1rate mucho, prep\u00e1rate muy bien. Y encomi\u00e9ndate a la Virgen en todo momento\u201d, le aconsej\u00f3 su madre, reflejando la esencia de la Virgen a Juan Diego: \u00abhaz de tu parte, pero yo har\u00e9 el resto\u00bb.<\/p>\n\n\n\n<p>El actor que da vida al ind\u00edgena Juan Diego, Mario Alberto Hern\u00e1ndez, reflexiona sobre el personaje como un \u00absuperh\u00e9roe de la vida real\u00bb. Destaca la paciencia, humildad y fe que caracterizan a Juan Diego, consider\u00e1ndolo un modelo a seguir.<\/p>\n\n\n\n<p>En palabras de Mario Alberto, \u201cla imagen de la Virgen de Guadalupe simboliza la fusi\u00f3n de dos culturas. La pel\u00edcula busca explorar y honrar esta conexi\u00f3n \u00fanica y profunda\u201d.<\/p>\n\n\n\n<p>El tr\u00e1iler oficial de la pel\u00edcula \u00abGuadalupe: Madre de la Humanidad\u00bb ya est\u00e1 disponible, ofreciendo un vistazo emocionante a esta producci\u00f3n \u00fanica.<\/p>\n\n\n\n<p>La fecha de estreno ser\u00e1 el 23 de mayo de 2024 en Rep\u00fablica Dominicana en Novo Centro de Caribbean Cinema, prometiendo un evento cinematogr\u00e1fico que capturar\u00e1 los corazones y las mentes de audiencias de todo el mundo.<\/p>\n","protected":false},"excerpt":{"rendered":"<p>Goya Producciones y Televida \u201cEl Canal Cat\u00f3lico de la Familia\u201d anuncia fecha de estreno, p\u00f3ster y tr\u00e1iler de \u201cGuadalupe: Madre de la Humanidad\u201d, que se exhibir\u00e1 en Novo Centro de Caribbean Cinema desde el 23 de mayo. La pel\u00edcula, dirigida por Andr\u00e9s Garrig\u00f3, aspira a desvelar los m\u00faltiples aspectos de las apariciones de la Virgen de Guadalupe y c\u00f3mo act\u00faa hoy en la vida de muchas personas. El filme cuenta con estupendas recreaciones de las apariciones dirigidas por Pablo Moreno. VEA EL TR\u00c1ILER AQU\u00cd https:\/\/youtu.be\/99k9LwAmy08?si=Qq9eMvZFHJluMQgE Canci\u00f3n oficial, \u201cAcaso No Estoy Yo Aqu\u00ed\u201d (Versi\u00f3n Mariachi) | Athenas &#8211; Virgen de Guadalupe:https:\/\/youtu.be\/47yTg0Pl1-k?si=BfWOfgDAawZu0Ddv Santo Domingo. &#8211; Goya Producciones y Televida \u201cEl Canal Cat\u00f3lico de la familia\u201d, se complacen en anunciar el lanzamiento del emocionante tr\u00e1iler y la fecha de estreno de \u00abGuadalupe: Madre de la Humanidad\u00bb, una pel\u00edcula \u00fanica que fusiona elementos documentales con una cautivadora parte de ficci\u00f3n que recrea las Apariciones de la Virgen en 1531. Esta iniciativa de Goya Producciones desea contribuir a la preparaci\u00f3n del 5\u00ba centenario de las apariciones de nuestra Se\u00f1ora de Guadalupe (2031), tambi\u00e9n Televida canal 41, en el mes de las madres dominicanas y en el que celebramos la solemnidad de \u201cMar\u00eda Madre de Dios\u201d &hellip;<\/p>\n","protected":false},"author":1,"featured_media":3929,"comment_status":"open","ping_status":"open","sticky":false,"template":"","format":"standard","meta":{"footnotes":""},"categories":[139],"tags":[112,126,100],"class_list":["post-3928","post","type-post","status-publish","format-standard","has-post-thumbnail","hentry","category-arte","tag-arte","tag-cine","tag-noticias"],"acf":[],"_links":{"self":[{"href":"https:\/\/reporteoficial.net\/index.php\/wp-json\/wp\/v2\/posts\/3928","targetHints":{"allow":["GET"]}}],"collection":[{"href":"https:\/\/reporteoficial.net\/index.php\/wp-json\/wp\/v2\/posts"}],"about":[{"href":"https:\/\/reporteoficial.net\/index.php\/wp-json\/wp\/v2\/types\/post"}],"author":[{"embeddable":true,"href":"https:\/\/reporteoficial.net\/index.php\/wp-json\/wp\/v2\/users\/1"}],"replies":[{"embeddable":true,"href":"https:\/\/reporteoficial.net\/index.php\/wp-json\/wp\/v2\/comments?post=3928"}],"version-history":[{"count":1,"href":"https:\/\/reporteoficial.net\/index.php\/wp-json\/wp\/v2\/posts\/3928\/revisions"}],"predecessor-version":[{"id":3931,"href":"https:\/\/reporteoficial.net\/index.php\/wp-json\/wp\/v2\/posts\/3928\/revisions\/3931"}],"wp:featuredmedia":[{"embeddable":true,"href":"https:\/\/reporteoficial.net\/index.php\/wp-json\/wp\/v2\/media\/3929"}],"wp:attachment":[{"href":"https:\/\/reporteoficial.net\/index.php\/wp-json\/wp\/v2\/media?parent=3928"}],"wp:term":[{"taxonomy":"category","embeddable":true,"href":"https:\/\/reporteoficial.net\/index.php\/wp-json\/wp\/v2\/categories?post=3928"},{"taxonomy":"post_tag","embeddable":true,"href":"https:\/\/reporteoficial.net\/index.php\/wp-json\/wp\/v2\/tags?post=3928"}],"curies":[{"name":"wp","href":"https:\/\/api.w.org\/{rel}","templated":true}]}}