{"id":3893,"date":"2024-05-17T17:58:51","date_gmt":"2024-05-17T21:58:51","guid":{"rendered":"https:\/\/reporteoficial.net\/?p=3893"},"modified":"2024-05-17T17:58:52","modified_gmt":"2024-05-17T21:58:52","slug":"se-levanta-la-iglesia-es-el-primer-sencillo-de-givanna-cuevas-lanzado-el-16-de-mayo-de-2024","status":"publish","type":"post","link":"https:\/\/reporteoficial.net\/index.php\/2024\/05\/17\/se-levanta-la-iglesia-es-el-primer-sencillo-de-givanna-cuevas-lanzado-el-16-de-mayo-de-2024\/","title":{"rendered":"\u201cSe levanta la iglesia\u201d es el primer sencillo de Givanna Cuevas, lanzado el 16 de mayo de 2024."},"content":{"rendered":"\n<p>Givanna Cuevas es una joven cristiana nacida en la Rep\u00fablica Dominicana, la mayor de dos hermanas, formada en un hogar cristiano.<\/p>\n\n\n\n<p>Educadora de profesi\u00f3n, madre, esposa, l\u00edder de adolescentes y l\u00edder de alabanza en su iglesia local, que actualmente empieza su carrera musical con este primer sencillo. El mismo es un llamado a la iglesia a tomar las armas espirituales resguardadas en Efesios 6:10 para poder luchar eficazmente en el bombardeo constante f\u00edsico y espiritual en que se encuentra el mundo provocando as\u00ed un impacto real y constante desde los distintos lugares de influencia que tiene la iglesia de manera grupal e individual.<\/p>\n\n\n\n<figure class=\"wp-block-image size-full\"><img fetchpriority=\"high\" decoding=\"async\" width=\"853\" height=\"1280\" src=\"https:\/\/reporteoficial.net\/wp-content\/uploads\/2024\/05\/Unknown-40.jpeg\" alt=\"\" class=\"wp-image-3895\" srcset=\"https:\/\/reporteoficial.net\/wp-content\/uploads\/2024\/05\/Unknown-40.jpeg 853w, https:\/\/reporteoficial.net\/wp-content\/uploads\/2024\/05\/Unknown-40-300x450.jpeg 300w, https:\/\/reporteoficial.net\/wp-content\/uploads\/2024\/05\/Unknown-40-200x300.jpeg 200w, https:\/\/reporteoficial.net\/wp-content\/uploads\/2024\/05\/Unknown-40-768x1152.jpeg 768w, https:\/\/reporteoficial.net\/wp-content\/uploads\/2024\/05\/Unknown-40-480x720.jpeg 480w\" sizes=\"(max-width: 853px) 100vw, 853px\" \/><\/figure>\n\n\n\n<p>Givanna luego de haber sido sanada de hidrocefalia y luego de muchos a\u00f1os recibiendo palabras prof\u00e9ticas ha asumido su llamado a trav\u00e9s de la alabanza y adoraci\u00f3n, entendiendo a trav\u00e9s del esp\u00edritu santo que este es el tiempo del cumplimiento del prop\u00f3sito para el cual fue llamada<\/p>\n","protected":false},"excerpt":{"rendered":"<p>Givanna Cuevas es una joven cristiana nacida en la Rep\u00fablica Dominicana, la mayor de dos hermanas, formada en un hogar cristiano. Educadora de profesi\u00f3n, madre, esposa, l\u00edder de adolescentes y l\u00edder de alabanza en su iglesia local, que actualmente empieza su carrera musical con este primer sencillo. El mismo es un llamado a la iglesia a tomar las armas espirituales resguardadas en Efesios 6:10 para poder luchar eficazmente en el bombardeo constante f\u00edsico y espiritual en que se encuentra el mundo provocando as\u00ed un impacto real y constante desde los distintos lugares de influencia que tiene la iglesia de manera grupal e individual. Givanna luego de haber sido sanada de hidrocefalia y luego de muchos a\u00f1os recibiendo palabras prof\u00e9ticas ha asumido su llamado a trav\u00e9s de la alabanza y adoraci\u00f3n, entendiendo a trav\u00e9s del esp\u00edritu santo que este es el tiempo del cumplimiento del prop\u00f3sito para el cual fue llamada<\/p>\n","protected":false},"author":1,"featured_media":3894,"comment_status":"open","ping_status":"open","sticky":false,"template":"","format":"standard","meta":{"footnotes":""},"categories":[139,1],"tags":[112,100,216],"class_list":["post-3893","post","type-post","status-publish","format-standard","has-post-thumbnail","hentry","category-arte","category-noticias","tag-arte","tag-noticias","tag-religion"],"acf":[],"_links":{"self":[{"href":"https:\/\/reporteoficial.net\/index.php\/wp-json\/wp\/v2\/posts\/3893","targetHints":{"allow":["GET"]}}],"collection":[{"href":"https:\/\/reporteoficial.net\/index.php\/wp-json\/wp\/v2\/posts"}],"about":[{"href":"https:\/\/reporteoficial.net\/index.php\/wp-json\/wp\/v2\/types\/post"}],"author":[{"embeddable":true,"href":"https:\/\/reporteoficial.net\/index.php\/wp-json\/wp\/v2\/users\/1"}],"replies":[{"embeddable":true,"href":"https:\/\/reporteoficial.net\/index.php\/wp-json\/wp\/v2\/comments?post=3893"}],"version-history":[{"count":1,"href":"https:\/\/reporteoficial.net\/index.php\/wp-json\/wp\/v2\/posts\/3893\/revisions"}],"predecessor-version":[{"id":3896,"href":"https:\/\/reporteoficial.net\/index.php\/wp-json\/wp\/v2\/posts\/3893\/revisions\/3896"}],"wp:featuredmedia":[{"embeddable":true,"href":"https:\/\/reporteoficial.net\/index.php\/wp-json\/wp\/v2\/media\/3894"}],"wp:attachment":[{"href":"https:\/\/reporteoficial.net\/index.php\/wp-json\/wp\/v2\/media?parent=3893"}],"wp:term":[{"taxonomy":"category","embeddable":true,"href":"https:\/\/reporteoficial.net\/index.php\/wp-json\/wp\/v2\/categories?post=3893"},{"taxonomy":"post_tag","embeddable":true,"href":"https:\/\/reporteoficial.net\/index.php\/wp-json\/wp\/v2\/tags?post=3893"}],"curies":[{"name":"wp","href":"https:\/\/api.w.org\/{rel}","templated":true}]}}