{"id":3560,"date":"2024-05-07T19:37:34","date_gmt":"2024-05-07T23:37:34","guid":{"rendered":"https:\/\/reporteoficial.net\/?p=3560"},"modified":"2024-05-07T19:37:34","modified_gmt":"2024-05-07T23:37:34","slug":"dra-tammy-toribio-presento-conferencia-abordaje-de-la-medicina-estetica-en-los-pacientes-oncologicos","status":"publish","type":"post","link":"https:\/\/reporteoficial.net\/index.php\/2024\/05\/07\/dra-tammy-toribio-presento-conferencia-abordaje-de-la-medicina-estetica-en-los-pacientes-oncologicos\/","title":{"rendered":"Dra. Tammy Toribio presento conferencia \u201cAbordaje de la Medicina Est\u00e9tica en los Pacientes Oncol\u00f3gicos\u201d"},"content":{"rendered":"\n<p><\/p>\n\n\n\n<p>Santo Domingo- La Doctora en medicina, especialista en Medicina Est\u00e9tica y Antienvejecimiento, Nutri\u00f3loga Cl\u00ednica y comunicadora Tammy Toribio, egresada del Instituto Tecnol\u00f3gico de Santo Domingo INTEC y la Universidad Complutense de Madrid estuvo como ponente, en el segundo congreso de la sociedad de Medicina Est\u00e9tica Dominicana (Somed)el pasado viernes 3 de mayo en el centro de convenciones del Hotel Live Aqua Punta Cana.<\/p>\n\n\n\n<p>Toribio present\u00f3 de manera magistral la conferencia \u201cAbordaje de la Medicina Est\u00e9tica en los Pacientes Oncol\u00f3gicos\u201d en donde resalt\u00f3 el valor agregado a la salud emocional de las\/los pacientes con C\u00e1ncer cuando reciben un soporte especializado que les ayude a calmar los efectos secundarios que se presenta a nivel dermatol\u00f3gico por las terapias para luchar con esta cat\u00e1strofica enfermedad.<\/p>\n\n\n\n<figure class=\"wp-block-image size-large\"><img fetchpriority=\"high\" decoding=\"async\" width=\"1024\" height=\"1280\" src=\"https:\/\/reporteoficial.net\/wp-content\/uploads\/2024\/05\/Unknown-18-1024x1280.jpeg\" alt=\"\" class=\"wp-image-3562\" srcset=\"https:\/\/reporteoficial.net\/wp-content\/uploads\/2024\/05\/Unknown-18-1024x1280.jpeg 1024w, https:\/\/reporteoficial.net\/wp-content\/uploads\/2024\/05\/Unknown-18-300x375.jpeg 300w, https:\/\/reporteoficial.net\/wp-content\/uploads\/2024\/05\/Unknown-18-200x250.jpeg 200w, https:\/\/reporteoficial.net\/wp-content\/uploads\/2024\/05\/Unknown-18-768x960.jpeg 768w, https:\/\/reporteoficial.net\/wp-content\/uploads\/2024\/05\/Unknown-18-1229x1536.jpeg 1229w, https:\/\/reporteoficial.net\/wp-content\/uploads\/2024\/05\/Unknown-18-480x600.jpeg 480w, https:\/\/reporteoficial.net\/wp-content\/uploads\/2024\/05\/Unknown-18.jpeg 1280w\" sizes=\"(max-width: 1024px) 100vw, 1024px\" \/><\/figure>\n\n\n\n<p>La doctora destac\u00f3 que: \u201cEl cancer es una patolog\u00eda que, m\u00e1s all\u00e1 de la sintomatolog\u00eda propia que produce, afecta a todos los \u00e1mbitos de la persona. En particular, genera una serie de cambios f\u00edsicos en los pacientes, los cuales sumados a efectos secundarios resultantes de los tratamientos -fuertemente agresivos- a los que se somete, impactan negativamente en el aspecto f\u00edsico del mismo.\u201d<\/p>\n\n\n\n<p>\u201cLos dermat\u00f3logos y m\u00e9dicos est\u00e9ticos podemos apoyar al paciente en mejorar la calidad de la piel y sus s\u00edntomas m\u00e1s comunes como irritaci\u00f3n, prurito, piel seca, ulceraciones que se pueden presentar durante el proceso de las quimioterapia y radioterapia.<br>Es importante destacar que nosotros estamos trabajando en disminuir el malestar con cremas y lociones t\u00f3picas de los efectos secundarios que se presenta en la piel, sin embargo no tiene un objetivo curativo sino paliativo y siempre debe estar autorizado por el onc\u00f3logo de cabecera.\u201d<\/p>\n\n\n\n<p>Este congreso ha sido un antes y despu\u00e9s en la historia de la Medicina Est\u00e9tica en Rep\u00fablica Dominicana y cont\u00f3 con la presencia de m\u00e1s de 100 profesionales de la medicina especialistas en dermatolog\u00eda, Medicina Est\u00e9tica, cirug\u00eda pl\u00e1stica y \u00e1reas afines; contando con la visita y exposici\u00f3n de m\u00e9dicos de Brasil, M\u00e9xico, Espa\u00f1a y otros pa\u00edses de latinoam\u00e9rica y el mundo.<\/p>\n\n\n\n<p>Actualmente la doctora se encuentra ejerciendo en su centro Emporio De Belleza Clinic, Ensanche Luper\u00f3n.<\/p>\n","protected":false},"excerpt":{"rendered":"<p>La prestigiosa y afamada Dra. Toribio realiz\u00f3 su ponencia en el segundo congreso de la sociedad de Medicina Est\u00e9tica Dominicana, SOMED.<\/p>\n","protected":false},"author":1,"featured_media":3561,"comment_status":"open","ping_status":"open","sticky":false,"template":"","format":"standard","meta":{"footnotes":""},"categories":[17,4],"tags":[128,194,100,21],"class_list":["post-3560","post","type-post","status-publish","format-standard","has-post-thumbnail","hentry","category-moda-y-belleza","category-salud","tag-belleza","tag-medicina","tag-noticias","tag-salud"],"acf":[],"_links":{"self":[{"href":"https:\/\/reporteoficial.net\/index.php\/wp-json\/wp\/v2\/posts\/3560","targetHints":{"allow":["GET"]}}],"collection":[{"href":"https:\/\/reporteoficial.net\/index.php\/wp-json\/wp\/v2\/posts"}],"about":[{"href":"https:\/\/reporteoficial.net\/index.php\/wp-json\/wp\/v2\/types\/post"}],"author":[{"embeddable":true,"href":"https:\/\/reporteoficial.net\/index.php\/wp-json\/wp\/v2\/users\/1"}],"replies":[{"embeddable":true,"href":"https:\/\/reporteoficial.net\/index.php\/wp-json\/wp\/v2\/comments?post=3560"}],"version-history":[{"count":1,"href":"https:\/\/reporteoficial.net\/index.php\/wp-json\/wp\/v2\/posts\/3560\/revisions"}],"predecessor-version":[{"id":3563,"href":"https:\/\/reporteoficial.net\/index.php\/wp-json\/wp\/v2\/posts\/3560\/revisions\/3563"}],"wp:featuredmedia":[{"embeddable":true,"href":"https:\/\/reporteoficial.net\/index.php\/wp-json\/wp\/v2\/media\/3561"}],"wp:attachment":[{"href":"https:\/\/reporteoficial.net\/index.php\/wp-json\/wp\/v2\/media?parent=3560"}],"wp:term":[{"taxonomy":"category","embeddable":true,"href":"https:\/\/reporteoficial.net\/index.php\/wp-json\/wp\/v2\/categories?post=3560"},{"taxonomy":"post_tag","embeddable":true,"href":"https:\/\/reporteoficial.net\/index.php\/wp-json\/wp\/v2\/tags?post=3560"}],"curies":[{"name":"wp","href":"https:\/\/api.w.org\/{rel}","templated":true}]}}