{"id":3450,"date":"2024-05-05T11:53:36","date_gmt":"2024-05-05T15:53:36","guid":{"rendered":"https:\/\/reporteoficial.net\/?p=3450"},"modified":"2024-05-05T11:53:37","modified_gmt":"2024-05-05T15:53:37","slug":"gonzalez-se-compromete-con-desarrollo-integral-de-monte-plata-asegura-devolvera-favor-del-voto-con-gestion-efectiva","status":"publish","type":"post","link":"https:\/\/reporteoficial.net\/index.php\/2024\/05\/05\/gonzalez-se-compromete-con-desarrollo-integral-de-monte-plata-asegura-devolvera-favor-del-voto-con-gestion-efectiva\/","title":{"rendered":"Gonz\u00e1lez se compromete con desarrollo integral de Monte Plata; asegura devolver\u00e1 favor del voto con gesti\u00f3n efectiva"},"content":{"rendered":"\n\n\n<p>Santo Domingo, 2 de mayo de 2024.- El candidato a senador por el Partido de la Liberaci\u00f3n Dominicana (PLD) en Monte Plata, Rafael Gonz\u00e1lez, reafirm\u00f3 su compromiso con el desarrollo y el bienestar de la provincia, destacando diversas propuestas para impulsar el progreso de la regi\u00f3n.<\/p>\n\n\n\n<p>Gonz\u00e1lez enfatiz\u00f3 la necesidad de contar con un representante comprometido con el territorio, describiendo a Monte Plata como un lugar que requiere un \u00abdoliente\u00bb que trabaje incansablemente por su crecimiento y desarrollo.<\/p>\n\n\n\n<p>Al ser entrevistado en el programa \u201cContra Viento y Marea\u201d del canal Super 7, el candidato pelede\u00edsta resalt\u00f3 que uno de los pilares de su propuesta es el impulso al desarrollo ecotur\u00edstico de Monte Plata para aprovechar los recursos naturales de la provincia y as\u00ed beneficiar tanto la econom\u00eda local como al medio ambiente.<\/p>\n\n\n\n<p>\u201cNosotros queremos darnos fuertes en la gesti\u00f3n para que la provincia de Monte Plata se desarrolle. El senador les devuelve a las comunidades el esfuerzo y el favor del voto haciendo gesti\u00f3n\u201d, destac\u00f3.<\/p>\n\n\n\n<p>Adem\u00e1s, el candidato manifest\u00f3 un fiel compromiso con fomentar el deporte entre los j\u00f3venes monteplate\u00f1os, con la creaci\u00f3n de mecanismos de mantenimiento en la estructura deportiva y el incentivo a la pr\u00e1ctica.<\/p>\n\n\n\n<p>Asimismo, anunci\u00f3 su intenci\u00f3n de apoyar a los productores agr\u00edcolas de la regi\u00f3n, buscando mercados para sus productos, gestionando financiamiento y brindando asesoramiento.<\/p>\n\n\n\n<p>En el \u00e1mbito medioambiental, Gonz\u00e1lez propuso la implementaci\u00f3n de un plan piloto de reciclaje en Monte Plata, con el objetivo de eliminar los vertederos a cielo abierto y establecer vertederos sanitarios. Adem\u00e1s, se comprometi\u00f3 a gestionar la creaci\u00f3n de un sistema de drenaje pluvial para la provincia, buscando el financiamiento necesario para su realizaci\u00f3n.<\/p>\n\n\n\n<p>El candidato concluy\u00f3 enfatizando su firme compromiso con Monte Plata y su determinaci\u00f3n para trabajar en conjunto con la comunidad en busca del progreso y el bienestar de todos sus habitantes.<\/p>\n","protected":false},"excerpt":{"rendered":"<p>Santo Domingo, 2 de mayo de 2024.- El candidato a senador por el Partido de la Liberaci\u00f3n Dominicana (PLD) en Monte Plata, Rafael Gonz\u00e1lez, reafirm\u00f3 su compromiso con el desarrollo y el bienestar de la provincia, destacando diversas propuestas para impulsar el progreso de la regi\u00f3n. Gonz\u00e1lez enfatiz\u00f3 la necesidad de contar con un representante comprometido con el territorio, describiendo a Monte Plata como un lugar que requiere un \u00abdoliente\u00bb que trabaje incansablemente por su crecimiento y desarrollo. Al ser entrevistado en el programa \u201cContra Viento y Marea\u201d del canal Super 7, el candidato pelede\u00edsta resalt\u00f3 que uno de los pilares de su propuesta es el impulso al desarrollo ecotur\u00edstico de Monte Plata para aprovechar los recursos naturales de la provincia y as\u00ed beneficiar tanto la econom\u00eda local como al medio ambiente. \u201cNosotros queremos darnos fuertes en la gesti\u00f3n para que la provincia de Monte Plata se desarrolle. El senador les devuelve a las comunidades el esfuerzo y el favor del voto haciendo gesti\u00f3n\u201d, destac\u00f3. Adem\u00e1s, el candidato manifest\u00f3 un fiel compromiso con fomentar el deporte entre los j\u00f3venes monteplate\u00f1os, con la creaci\u00f3n de mecanismos de mantenimiento en la estructura deportiva y el incentivo a la pr\u00e1ctica. Asimismo, anunci\u00f3 su &hellip;<\/p>\n","protected":false},"author":1,"featured_media":3453,"comment_status":"open","ping_status":"open","sticky":false,"template":"","format":"standard","meta":{"footnotes":""},"categories":[1,140],"tags":[100,125,144],"class_list":["post-3450","post","type-post","status-publish","format-standard","has-post-thumbnail","hentry","category-noticias","category-politica","tag-noticias","tag-politica","tag-politica-2"],"acf":[],"_links":{"self":[{"href":"https:\/\/reporteoficial.net\/index.php\/wp-json\/wp\/v2\/posts\/3450","targetHints":{"allow":["GET"]}}],"collection":[{"href":"https:\/\/reporteoficial.net\/index.php\/wp-json\/wp\/v2\/posts"}],"about":[{"href":"https:\/\/reporteoficial.net\/index.php\/wp-json\/wp\/v2\/types\/post"}],"author":[{"embeddable":true,"href":"https:\/\/reporteoficial.net\/index.php\/wp-json\/wp\/v2\/users\/1"}],"replies":[{"embeddable":true,"href":"https:\/\/reporteoficial.net\/index.php\/wp-json\/wp\/v2\/comments?post=3450"}],"version-history":[{"count":1,"href":"https:\/\/reporteoficial.net\/index.php\/wp-json\/wp\/v2\/posts\/3450\/revisions"}],"predecessor-version":[{"id":3454,"href":"https:\/\/reporteoficial.net\/index.php\/wp-json\/wp\/v2\/posts\/3450\/revisions\/3454"}],"wp:featuredmedia":[{"embeddable":true,"href":"https:\/\/reporteoficial.net\/index.php\/wp-json\/wp\/v2\/media\/3453"}],"wp:attachment":[{"href":"https:\/\/reporteoficial.net\/index.php\/wp-json\/wp\/v2\/media?parent=3450"}],"wp:term":[{"taxonomy":"category","embeddable":true,"href":"https:\/\/reporteoficial.net\/index.php\/wp-json\/wp\/v2\/categories?post=3450"},{"taxonomy":"post_tag","embeddable":true,"href":"https:\/\/reporteoficial.net\/index.php\/wp-json\/wp\/v2\/tags?post=3450"}],"curies":[{"name":"wp","href":"https:\/\/api.w.org\/{rel}","templated":true}]}}