{"id":3438,"date":"2024-05-05T10:57:08","date_gmt":"2024-05-05T14:57:08","guid":{"rendered":"https:\/\/reporteoficial.net\/?p=3438"},"modified":"2024-05-05T10:57:09","modified_gmt":"2024-05-05T14:57:09","slug":"cantante-y-compositor-venezolano-gaphriel-presenta-en-una-playa-de-errede","status":"publish","type":"post","link":"https:\/\/reporteoficial.net\/index.php\/2024\/05\/05\/cantante-y-compositor-venezolano-gaphriel-presenta-en-una-playa-de-errede\/","title":{"rendered":"Cantante y compositor venezolano Gaphriel presenta en una Playa de \u00abERRED\u00c9\u00bb"},"content":{"rendered":"\n<p>Santo Domingo, RD.<\/p>\n\n\n\n<p>Gaphriel, cantante y compositor venezolano, radicado en Rep\u00fablica Dominicana, nos trae su primer single de un nuevo proyecto discogr\u00e1fico en el que se encuentra trabajando actualmente.Tras el lanzamiento de \u201cQUISIERA\u201d Y \u201cTESORO\u201d junto a Victor Drija, llega la primera propuesta mel\u00f3dica del 2024 de GAPHRIEL.<\/p>\n\n\n\n<p>El nuevo sencillo de GAPHRIEL, \u00abERRED\u00c9\u00bb, es una Explosi\u00f3n de Ritmos caribe\u00f1os y Pop urbano. Con una vibrante combinaci\u00f3n de guitarras, ukelele y bajo, la canci\u00f3n evoca la calidez del verano y las playas. Escrita por GAPHRIEL y producida en Colombia por Ja\u00edr Lat\u00edn, la canci\u00f3n captura la esencia de un amor de verano que se reaviva tras la separaci\u00f3n. El t\u00edtulo, un homenaje a Rep\u00fablica Dominicana, refleja la atm\u00f3sfera y la inspiraci\u00f3n del video musical realizado por Marcos Salcedo de 27 PROFILMS y grabado las impresionantes y hermosas playas que rodean nuestra amada Rep\u00fablica Dominicana.<\/p>\n\n\n\n<p>Una canci\u00f3n para reconciliarse con el amor, y recordar esas experiencias que nos sacan sonrisas de inmediato, como por ejemplo ese primer beso que diste o la satisfacci\u00f3n y la belleza de las cosas sencillas, y c\u00f3mo el paso del tiempo y las cosas normales que hacemos se convierten en recuerdos especiales y en las partes m\u00e1s importantes de nuestra vida.<\/p>\n\n\n\n<p>GAPHRIEL ha desarrollado su carrera musical en el pa\u00eds, destac\u00e1ndose por sus participaciones en festivales y conciertos, donde se deja influenciar por todas las tendencias tropicales del caribe.<\/p>\n\n\n\n<figure class=\"wp-block-image size-full\"><img fetchpriority=\"high\" decoding=\"async\" width=\"819\" height=\"1024\" src=\"https:\/\/reporteoficial.net\/wp-content\/uploads\/2024\/05\/Unknown-10-2.jpeg\" alt=\"\" class=\"wp-image-3440\" srcset=\"https:\/\/reporteoficial.net\/wp-content\/uploads\/2024\/05\/Unknown-10-2.jpeg 819w, https:\/\/reporteoficial.net\/wp-content\/uploads\/2024\/05\/Unknown-10-2-300x375.jpeg 300w, https:\/\/reporteoficial.net\/wp-content\/uploads\/2024\/05\/Unknown-10-2-200x250.jpeg 200w, https:\/\/reporteoficial.net\/wp-content\/uploads\/2024\/05\/Unknown-10-2-768x960.jpeg 768w, https:\/\/reporteoficial.net\/wp-content\/uploads\/2024\/05\/Unknown-10-2-480x600.jpeg 480w\" sizes=\"(max-width: 819px) 100vw, 819px\" \/><\/figure>\n\n\n\n<p>ERRED\u00c9 ya est\u00e1 disponible en todas las plataformas musicales digitales como tambi\u00e9n el video que te invitamos a reproducir y compartir.<\/p>\n","protected":false},"excerpt":{"rendered":"<p>Santo Domingo, RD. Gaphriel, cantante y compositor venezolano, radicado en Rep\u00fablica Dominicana, nos trae su primer single de un nuevo proyecto discogr\u00e1fico en el que se encuentra trabajando actualmente.Tras el lanzamiento de \u201cQUISIERA\u201d Y \u201cTESORO\u201d junto a Victor Drija, llega la primera propuesta mel\u00f3dica del 2024 de GAPHRIEL. El nuevo sencillo de GAPHRIEL, \u00abERRED\u00c9\u00bb, es una Explosi\u00f3n de Ritmos caribe\u00f1os y Pop urbano. Con una vibrante combinaci\u00f3n de guitarras, ukelele y bajo, la canci\u00f3n evoca la calidez del verano y las playas. Escrita por GAPHRIEL y producida en Colombia por Ja\u00edr Lat\u00edn, la canci\u00f3n captura la esencia de un amor de verano que se reaviva tras la separaci\u00f3n. El t\u00edtulo, un homenaje a Rep\u00fablica Dominicana, refleja la atm\u00f3sfera y la inspiraci\u00f3n del video musical realizado por Marcos Salcedo de 27 PROFILMS y grabado las impresionantes y hermosas playas que rodean nuestra amada Rep\u00fablica Dominicana. Una canci\u00f3n para reconciliarse con el amor, y recordar esas experiencias que nos sacan sonrisas de inmediato, como por ejemplo ese primer beso que diste o la satisfacci\u00f3n y la belleza de las cosas sencillas, y c\u00f3mo el paso del tiempo y las cosas normales que hacemos se convierten en recuerdos especiales y en las partes &hellip;<\/p>\n","protected":false},"author":1,"featured_media":3439,"comment_status":"open","ping_status":"open","sticky":false,"template":"","format":"standard","meta":{"footnotes":""},"categories":[139,18],"tags":[112,86,101,70,100],"class_list":["post-3438","post","type-post","status-publish","format-standard","has-post-thumbnail","hentry","category-arte","category-farandula","tag-arte","tag-cantante","tag-farandula","tag-musica","tag-noticias"],"acf":[],"_links":{"self":[{"href":"https:\/\/reporteoficial.net\/index.php\/wp-json\/wp\/v2\/posts\/3438","targetHints":{"allow":["GET"]}}],"collection":[{"href":"https:\/\/reporteoficial.net\/index.php\/wp-json\/wp\/v2\/posts"}],"about":[{"href":"https:\/\/reporteoficial.net\/index.php\/wp-json\/wp\/v2\/types\/post"}],"author":[{"embeddable":true,"href":"https:\/\/reporteoficial.net\/index.php\/wp-json\/wp\/v2\/users\/1"}],"replies":[{"embeddable":true,"href":"https:\/\/reporteoficial.net\/index.php\/wp-json\/wp\/v2\/comments?post=3438"}],"version-history":[{"count":1,"href":"https:\/\/reporteoficial.net\/index.php\/wp-json\/wp\/v2\/posts\/3438\/revisions"}],"predecessor-version":[{"id":3441,"href":"https:\/\/reporteoficial.net\/index.php\/wp-json\/wp\/v2\/posts\/3438\/revisions\/3441"}],"wp:featuredmedia":[{"embeddable":true,"href":"https:\/\/reporteoficial.net\/index.php\/wp-json\/wp\/v2\/media\/3439"}],"wp:attachment":[{"href":"https:\/\/reporteoficial.net\/index.php\/wp-json\/wp\/v2\/media?parent=3438"}],"wp:term":[{"taxonomy":"category","embeddable":true,"href":"https:\/\/reporteoficial.net\/index.php\/wp-json\/wp\/v2\/categories?post=3438"},{"taxonomy":"post_tag","embeddable":true,"href":"https:\/\/reporteoficial.net\/index.php\/wp-json\/wp\/v2\/tags?post=3438"}],"curies":[{"name":"wp","href":"https:\/\/api.w.org\/{rel}","templated":true}]}}