{"id":3417,"date":"2024-05-05T10:43:54","date_gmt":"2024-05-05T14:43:54","guid":{"rendered":"https:\/\/reporteoficial.net\/?p=3417"},"modified":"2024-05-05T10:43:56","modified_gmt":"2024-05-05T14:43:56","slug":"experiencia-de-francisca-jaquez-fortalece-boleta-del-prm-en-la-c3","status":"publish","type":"post","link":"https:\/\/reporteoficial.net\/index.php\/2024\/05\/05\/experiencia-de-francisca-jaquez-fortalece-boleta-del-prm-en-la-c3\/","title":{"rendered":"Experiencia de Francisca J\u00e1quez fortalece boleta del PRM en la C3"},"content":{"rendered":"\n<p>Francisca J\u00e1quez, dirigente dedicada al Partido Revolucionario Moderno, servidora p\u00fablica por convicci\u00f3n y elecci\u00f3n. Ha desempe\u00f1ado varias funciones institucionales dentro del PRD, entre ellas Directora de educaci\u00f3n electoral de la regi\u00f3n central 2 por veinticinco a\u00f1os y|||0 subsecretaria nacional del Partido Revolucionario Dominicano PRD.<br>Francisca es mujer, madre, hija, amiga, vecina, trabajadora incansable, inicio su carrera pol\u00edtica en el Partido Revolucionario Dominicano (PRD) con solo 14 a\u00f1os, al lado del Dr. Jos\u00e9 Francisco Pe\u00f1a Gomez.<br>Por petici\u00f3n de las m\u00e1s altas instancias del partido y con la anuencia del Presidente de la Rep\u00fablica, los cuales le han expresado la necesidad de que forme parte de la boleta de Diputados de la circunscripci\u00f3n #3. Ha decidido aceptar el reto, trabajar sin descanso por el triunfo de la reelecci\u00f3n del Presidente Luis Abinader y el del candidato a Senador Dr. Guillermo Moreno y aportar todos los votos necesarios para que el Partido Revolucionario Moderno obtenga la mayor cantidad de curules congresuales en la circunscripci\u00f3n #3 del Distrito Nacional.<br>En 1978 trabaj\u00f3 activamente para la campa\u00f1a que llev\u00f3 al gobierno al Presidente Antonio Guzm\u00e1n. De igual forma en el a\u00f1o 1982 para llevar al poder al Doctor Salvador Jorge Blanco, y en la campa\u00f1a de1986 para nuestro candidato Jacobo Majluta.<\/p>\n\n\n\n<figure class=\"wp-block-image size-large\"><img fetchpriority=\"high\" decoding=\"async\" width=\"1024\" height=\"1280\" src=\"https:\/\/reporteoficial.net\/wp-content\/uploads\/2024\/05\/Unknown-10-1-1024x1280.jpeg\" alt=\"\" class=\"wp-image-3419\" srcset=\"https:\/\/reporteoficial.net\/wp-content\/uploads\/2024\/05\/Unknown-10-1-1024x1280.jpeg 1024w, https:\/\/reporteoficial.net\/wp-content\/uploads\/2024\/05\/Unknown-10-1-300x375.jpeg 300w, https:\/\/reporteoficial.net\/wp-content\/uploads\/2024\/05\/Unknown-10-1-200x250.jpeg 200w, https:\/\/reporteoficial.net\/wp-content\/uploads\/2024\/05\/Unknown-10-1-768x960.jpeg 768w, https:\/\/reporteoficial.net\/wp-content\/uploads\/2024\/05\/Unknown-10-1-480x600.jpeg 480w, https:\/\/reporteoficial.net\/wp-content\/uploads\/2024\/05\/Unknown-10-1.jpeg 1110w\" sizes=\"(max-width: 1024px) 100vw, 1024px\" \/><\/figure>\n\n\n\n<p><br>Jaquez es una mujer de hechos, a lo largo de estos a\u00f1os ha desempe\u00f1ado diversos trabajos, en 1991 ingres\u00f3 al equipo de trabajo pol\u00edtico de la Dra. Milagros Ortiz Bosch, y posteriormente designada como coordinadora de la campa\u00f1a de la regi\u00f3n central 2 para su candidatura a Senadora, obteniendo un triunfo abrumador.<br>En el 1997 fue designada nuevamente Coordinadora de campa\u00f1a de la candidatura a Senadora, en la cual obtuvo un arrollador triunfo en el 1998.<br>En el 2000 fruto del trabajo pol\u00edtico que hizo y las capacidades t\u00e9cnicas la entonces vicepresidenta de la rep\u00fablica y secretaria de Estado de Educaci\u00f3n (hoy MINERD), la Dra. milagros Ortiz la designa subdirectora de Recursos Humanos y luego directora en funciones.<br>Paralelamente en el periodo 2003-2006 ejerci\u00f3 las funciones de directora de recursos humanos en la c\u00e1mara de diputados de manera honorifica.<br>Fue Regidora por primera vez en el 2002. Siendo reelecta, en el 2006, 2010, 2016 y en el 2020. En esta \u00faltima convenci\u00f3n interna del PRM del 2024 obtuvo nuevamente la nominaci\u00f3n a Regidora, y decidi\u00f3 voluntariamente ceder su candidatura para dar paso a la juventud de su partido.<br>As\u00ed mismo, Francisca es fundadora del Partido Revolucionario Moderno PRM, subsecretaria de asuntos municipales y vicepresidenta de ASODORE.<br>En su haber est\u00e1 el ser una servidora p\u00fablica y municipalista dedicada a su comunidad. Residiendo en su Sector-barrio Mejoramiento Social los \u00faltimos 50 a\u00f1os de vida. Cabe destacar que las puertas de su hogar siempre han estado y seguir\u00e1n abiertas para todos los mun\u00edcipes tanto de su circunscripci\u00f3n como del Distrito Nacional, sin importar bander\u00edas pol\u00edticas.<br>En estos 22 a\u00f1os de carrera legislativa municipal Jaquez ha participado en m\u00e1s de 100 comisiones. Presidi\u00f3 m\u00e1s de 30 incluyendo, una que por 14 a\u00f1os la llen\u00f3 de satisfacci\u00f3n que es la Comisi\u00f3n de presupuesto participativo, ya que en esta Comisi\u00f3n se coordina conjuntamente con los mun\u00edcipes como se distribuir\u00e1n los recursos y que proyectos se realizar\u00e1n en cada sector del Distrito Nacional.<\/p>\n","protected":false},"excerpt":{"rendered":"<p>Francisca J\u00e1quez, dirigente dedicada al Partido Revolucionario Moderno, servidora p\u00fablica por convicci\u00f3n y elecci\u00f3n. Ha desempe\u00f1ado varias funciones institucionales dentro del PRD, entre ellas Directora de educaci\u00f3n electoral de la regi\u00f3n central 2 por veinticinco a\u00f1os y|||0 subsecretaria nacional del Partido Revolucionario Dominicano PRD.Francisca es mujer, madre, hija, amiga, vecina, trabajadora incansable, inicio su carrera pol\u00edtica en el Partido Revolucionario Dominicano (PRD) con solo 14 a\u00f1os, al lado del Dr. Jos\u00e9 Francisco Pe\u00f1a Gomez.Por petici\u00f3n de las m\u00e1s altas instancias del partido y con la anuencia del Presidente de la Rep\u00fablica, los cuales le han expresado la necesidad de que forme parte de la boleta de Diputados de la circunscripci\u00f3n #3. Ha decidido aceptar el reto, trabajar sin descanso por el triunfo de la reelecci\u00f3n del Presidente Luis Abinader y el del candidato a Senador Dr. Guillermo Moreno y aportar todos los votos necesarios para que el Partido Revolucionario Moderno obtenga la mayor cantidad de curules congresuales en la circunscripci\u00f3n #3 del Distrito Nacional.En 1978 trabaj\u00f3 activamente para la campa\u00f1a que llev\u00f3 al gobierno al Presidente Antonio Guzm\u00e1n. De igual forma en el a\u00f1o 1982 para llevar al poder al Doctor Salvador Jorge Blanco, y en la campa\u00f1a de1986 para &hellip;<\/p>\n","protected":false},"author":1,"featured_media":3420,"comment_status":"open","ping_status":"open","sticky":false,"template":"","format":"standard","meta":{"footnotes":""},"categories":[1,140],"tags":[100,125,144],"class_list":["post-3417","post","type-post","status-publish","format-standard","has-post-thumbnail","hentry","category-noticias","category-politica","tag-noticias","tag-politica","tag-politica-2"],"acf":[],"_links":{"self":[{"href":"https:\/\/reporteoficial.net\/index.php\/wp-json\/wp\/v2\/posts\/3417","targetHints":{"allow":["GET"]}}],"collection":[{"href":"https:\/\/reporteoficial.net\/index.php\/wp-json\/wp\/v2\/posts"}],"about":[{"href":"https:\/\/reporteoficial.net\/index.php\/wp-json\/wp\/v2\/types\/post"}],"author":[{"embeddable":true,"href":"https:\/\/reporteoficial.net\/index.php\/wp-json\/wp\/v2\/users\/1"}],"replies":[{"embeddable":true,"href":"https:\/\/reporteoficial.net\/index.php\/wp-json\/wp\/v2\/comments?post=3417"}],"version-history":[{"count":1,"href":"https:\/\/reporteoficial.net\/index.php\/wp-json\/wp\/v2\/posts\/3417\/revisions"}],"predecessor-version":[{"id":3421,"href":"https:\/\/reporteoficial.net\/index.php\/wp-json\/wp\/v2\/posts\/3417\/revisions\/3421"}],"wp:featuredmedia":[{"embeddable":true,"href":"https:\/\/reporteoficial.net\/index.php\/wp-json\/wp\/v2\/media\/3420"}],"wp:attachment":[{"href":"https:\/\/reporteoficial.net\/index.php\/wp-json\/wp\/v2\/media?parent=3417"}],"wp:term":[{"taxonomy":"category","embeddable":true,"href":"https:\/\/reporteoficial.net\/index.php\/wp-json\/wp\/v2\/categories?post=3417"},{"taxonomy":"post_tag","embeddable":true,"href":"https:\/\/reporteoficial.net\/index.php\/wp-json\/wp\/v2\/tags?post=3417"}],"curies":[{"name":"wp","href":"https:\/\/api.w.org\/{rel}","templated":true}]}}