{"id":3413,"date":"2024-05-05T10:42:12","date_gmt":"2024-05-05T14:42:12","guid":{"rendered":"https:\/\/reporteoficial.net\/?p=3413"},"modified":"2024-05-05T10:42:13","modified_gmt":"2024-05-05T14:42:13","slug":"la-universidad-de-la-tercera-edad-ute-gradua-nuevos-profesionales-en-su-trigesima-segunda-graduacion-ordinaria","status":"publish","type":"post","link":"https:\/\/reporteoficial.net\/index.php\/2024\/05\/05\/la-universidad-de-la-tercera-edad-ute-gradua-nuevos-profesionales-en-su-trigesima-segunda-graduacion-ordinaria\/","title":{"rendered":"La Universidad de la Tercera Edad (UTE), grad\u00faa nuevos profesionales en su trig\u00e9sima segunda graduaci\u00f3n ordinaria"},"content":{"rendered":"\n<p><strong>Santo Domingo.-<\/strong> La Universidad UTE celebra su Trig\u00e9sima Segunda Graduaci\u00f3n Ordinaria, donde grad\u00faa a 207 nuevos profesionales en las diferentes \u00e1reas del saber, teniendo como oradora invitada a la reconocida artista dominicana Olga Lara, quien adem\u00e1s, es egresada Summa Cum Laude de esta Casa de Altos Estudios de la licenciatura en Psicolog\u00eda Menci\u00f3n Cl\u00ednica.&nbsp;<\/p>\n\n\n\n<p>Con este acto de graduaci\u00f3n, se incorporan nuevos profesionales en las \u00e1reas de Educaci\u00f3n, Dise\u00f1o, Psicolog\u00eda, Derecho, Contabilidad, Administraci\u00f3n de Empresas y Mercadeo, as\u00ed como en diferentes Maestr\u00edas y Especialidades.&nbsp;<\/p>\n\n\n\n<figure class=\"wp-block-image size-large\"><img fetchpriority=\"high\" decoding=\"async\" width=\"1024\" height=\"768\" src=\"https:\/\/reporteoficial.net\/wp-content\/uploads\/2024\/05\/Unknown-8-1024x768.jpeg\" alt=\"\" class=\"wp-image-3415\" srcset=\"https:\/\/reporteoficial.net\/wp-content\/uploads\/2024\/05\/Unknown-8-1024x768.jpeg 1024w, https:\/\/reporteoficial.net\/wp-content\/uploads\/2024\/05\/Unknown-8-300x225.jpeg 300w, https:\/\/reporteoficial.net\/wp-content\/uploads\/2024\/05\/Unknown-8-200x150.jpeg 200w, https:\/\/reporteoficial.net\/wp-content\/uploads\/2024\/05\/Unknown-8-768x576.jpeg 768w, https:\/\/reporteoficial.net\/wp-content\/uploads\/2024\/05\/Unknown-8-480x360.jpeg 480w, https:\/\/reporteoficial.net\/wp-content\/uploads\/2024\/05\/Unknown-8.jpeg 1280w\" sizes=\"(max-width: 1024px) 100vw, 1024px\" \/><\/figure>\n\n\n\n<p>En las palabras centrales del acto, la rectora Altagracia N\u00fa\u00f1ez Batista, afirm\u00f3 que la UTE desde su fundaci\u00f3n marc\u00f3 un&nbsp;hito en la historia de la Educaci\u00f3n Superior para personas adultas en Rep\u00fablica Dominicana:<\/p>\n\n\n\n<p><strong>\u00a8 Este sector poblacional estuvo muy marginado en los programas de formaci\u00f3n profesional en este nivel, raz\u00f3n por la cual, cuando se habla de la Educaci\u00f3n Superior Dominicana hay que referirse a un antes y un despu\u00e9s de la fundaci\u00f3n de la UTE, pues el Modelo Educativo Andrag\u00f3gico asumido por esta universidad, constituy\u00f3 un nuevo paradigma en el Sistema de Educaci\u00f3n Superior, ya que vino a romper esquemas tradicionales que marcaron un reconocimiento en la formaci\u00f3n profesional de las personas adultas\u00a8<\/strong><\/p>\n\n\n\n<p>Mientras que el graduando que pronunci\u00f3 las palabras de gracias a nombre de sus compa\u00f1eros, Franklyn Miguel Rosario Badias, Summa Cum Laude de la licenciatura en Mercadeo, llam\u00f3 a la comunidad UTEISTA a tener esperanza y optimismo, no bajar la guardia y continuar con la preparaci\u00f3n y la formaci\u00f3n para afrontar los retos del futuro con entereza y sabidur\u00eda:<\/p>\n\n\n\n<p><strong>\u00a8 Recordemos que la edad no es un obst\u00e1culo para el aprendizaje, sino una oportunidad para seguir creciendo y desarroll\u00e1ndonos como personas.\u00a8&nbsp;<\/strong><\/p>\n\n\n\n<p>La universidad UTE est\u00e1 celebrando sus 35 a\u00f1os de fundaci\u00f3n, tiempo durante el cual ha formado profesionales de calidad en la poblaci\u00f3n adulta dominicana.&nbsp;<\/p>\n","protected":false},"excerpt":{"rendered":"<p>Santo Domingo.- La Universidad UTE celebra su Trig\u00e9sima Segunda Graduaci\u00f3n Ordinaria, donde grad\u00faa a 207 nuevos profesionales en las diferentes \u00e1reas del saber, teniendo como oradora invitada a la reconocida artista dominicana Olga Lara, quien adem\u00e1s, es egresada Summa Cum Laude de esta Casa de Altos Estudios de la licenciatura en Psicolog\u00eda Menci\u00f3n Cl\u00ednica.&nbsp; Con este acto de graduaci\u00f3n, se incorporan nuevos profesionales en las \u00e1reas de Educaci\u00f3n, Dise\u00f1o, Psicolog\u00eda, Derecho, Contabilidad, Administraci\u00f3n de Empresas y Mercadeo, as\u00ed como en diferentes Maestr\u00edas y Especialidades.&nbsp; En las palabras centrales del acto, la rectora Altagracia N\u00fa\u00f1ez Batista, afirm\u00f3 que la UTE desde su fundaci\u00f3n marc\u00f3 un&nbsp;hito en la historia de la Educaci\u00f3n Superior para personas adultas en Rep\u00fablica Dominicana: \u00a8 Este sector poblacional estuvo muy marginado en los programas de formaci\u00f3n profesional en este nivel, raz\u00f3n por la cual, cuando se habla de la Educaci\u00f3n Superior Dominicana hay que referirse a un antes y un despu\u00e9s de la fundaci\u00f3n de la UTE, pues el Modelo Educativo Andrag\u00f3gico asumido por esta universidad, constituy\u00f3 un nuevo paradigma en el Sistema de Educaci\u00f3n Superior, ya que vino a romper esquemas tradicionales que marcaron un reconocimiento en la formaci\u00f3n profesional de las personas adultas\u00a8 Mientras que &hellip;<\/p>\n","protected":false},"author":1,"featured_media":3414,"comment_status":"open","ping_status":"open","sticky":false,"template":"","format":"standard","meta":{"footnotes":""},"categories":[1],"tags":[112,120,100],"class_list":["post-3413","post","type-post","status-publish","format-standard","has-post-thumbnail","hentry","category-noticias","tag-arte","tag-educacion","tag-noticias"],"acf":[],"_links":{"self":[{"href":"https:\/\/reporteoficial.net\/index.php\/wp-json\/wp\/v2\/posts\/3413","targetHints":{"allow":["GET"]}}],"collection":[{"href":"https:\/\/reporteoficial.net\/index.php\/wp-json\/wp\/v2\/posts"}],"about":[{"href":"https:\/\/reporteoficial.net\/index.php\/wp-json\/wp\/v2\/types\/post"}],"author":[{"embeddable":true,"href":"https:\/\/reporteoficial.net\/index.php\/wp-json\/wp\/v2\/users\/1"}],"replies":[{"embeddable":true,"href":"https:\/\/reporteoficial.net\/index.php\/wp-json\/wp\/v2\/comments?post=3413"}],"version-history":[{"count":1,"href":"https:\/\/reporteoficial.net\/index.php\/wp-json\/wp\/v2\/posts\/3413\/revisions"}],"predecessor-version":[{"id":3416,"href":"https:\/\/reporteoficial.net\/index.php\/wp-json\/wp\/v2\/posts\/3413\/revisions\/3416"}],"wp:featuredmedia":[{"embeddable":true,"href":"https:\/\/reporteoficial.net\/index.php\/wp-json\/wp\/v2\/media\/3414"}],"wp:attachment":[{"href":"https:\/\/reporteoficial.net\/index.php\/wp-json\/wp\/v2\/media?parent=3413"}],"wp:term":[{"taxonomy":"category","embeddable":true,"href":"https:\/\/reporteoficial.net\/index.php\/wp-json\/wp\/v2\/categories?post=3413"},{"taxonomy":"post_tag","embeddable":true,"href":"https:\/\/reporteoficial.net\/index.php\/wp-json\/wp\/v2\/tags?post=3413"}],"curies":[{"name":"wp","href":"https:\/\/api.w.org\/{rel}","templated":true}]}}