{"id":3133,"date":"2024-04-05T14:00:21","date_gmt":"2024-04-05T18:00:21","guid":{"rendered":"https:\/\/reporteoficial.net\/?p=3133"},"modified":"2024-04-05T14:00:21","modified_gmt":"2024-04-05T18:00:21","slug":"presidente-abinader-encabezara-actos-patrioticos-en-santiago","status":"publish","type":"post","link":"https:\/\/reporteoficial.net\/index.php\/2024\/04\/05\/presidente-abinader-encabezara-actos-patrioticos-en-santiago\/","title":{"rendered":"Presidente Abinader encabezar\u00e1 actos patri\u00f3ticos en Santiago"},"content":{"rendered":"\n<p>Santo Domingo.- Los actos conmemorativos del 180 aniversario de la Batalla del 30 de marzo de 1844, que reafirm\u00f3 la declaraci\u00f3n de Independencia del 27 de febrero, constituyendo la Rep\u00fablica Dominicana, se realizar\u00e1 este s\u00e1bado 6 de abril en la ciudad de Santiago y ser\u00e1n encabezados por el presidente Luis Abinader.<\/p>\n\n\n\n<p>La informaci\u00f3n fue ofrecida por el presidente de la Comisi\u00f3n Permanente de Efem\u00e9rides Patrias, Juan Pablo Uribe, quien record\u00f3 \u201cque el d\u00eda 30, era S\u00e1bado Santo y somos part\u00edcipes de las celebraciones cristianas que a su vez, sustentan los principios espirituales fundadores de la Rep\u00fablica Dominicana\u201d.<\/p>\n\n\n\n<p>Uribe declar\u00f3 que el momento hist\u00f3rico de nuestra naci\u00f3n, nos obliga a celebrar el hero\u00edsmo independentista de hace 180 a\u00f1os, actuando unidos en la reafirmaci\u00f3n de la soberan\u00eda, la integridad territorial, la autodeterminaci\u00f3n y la identidad que es la dominicanidad subrayando la frase en la ONU del presidente Luis Abinader, primer y principal vocero de la naci\u00f3n dominicana: \u201cNo hay, ni habr\u00e1, jam\u00e1s, una soluci\u00f3n dominicana a la crisis de Hait\u00ed\u201d.<\/p>\n\n\n\n<p>El programa celebratorio iniciar\u00e1 a las 8:00 de la ma\u00f1ana con la ceremonia c\u00edvico militar dominicanista, en el parque Imbert. Luego, a las 9:00 de la ma\u00f1ana, se realizar\u00e1 un Te Deum que ser\u00e1 oficiado por monse\u00f1or H\u00e9ctor Rafael Rodr\u00edguez, arzobispo de Santiago, en la Catedral Metropolitana Santiago Ap\u00f3stol. Mientras que a las 4:00 de la tarde se har\u00e1 el desfile patri\u00f3tico, militar, policial y estudiantil, en la explanada frontal del Monumento de Santiago.<\/p>\n","protected":false},"excerpt":{"rendered":"<p>Santo Domingo.- Los actos conmemorativos del 180 aniversario de la Batalla del 30 de marzo de 1844, que reafirm\u00f3 la declaraci\u00f3n de Independencia del 27 de febrero, constituyendo la Rep\u00fablica Dominicana, se realizar\u00e1 este s\u00e1bado 6 de abril en la ciudad de Santiago y ser\u00e1n encabezados por el presidente Luis Abinader. La informaci\u00f3n fue ofrecida por el presidente de la Comisi\u00f3n Permanente de Efem\u00e9rides Patrias, Juan Pablo Uribe, quien record\u00f3 \u201cque el d\u00eda 30, era S\u00e1bado Santo y somos part\u00edcipes de las celebraciones cristianas que a su vez, sustentan los principios espirituales fundadores de la Rep\u00fablica Dominicana\u201d. Uribe declar\u00f3 que el momento hist\u00f3rico de nuestra naci\u00f3n, nos obliga a celebrar el hero\u00edsmo independentista de hace 180 a\u00f1os, actuando unidos en la reafirmaci\u00f3n de la soberan\u00eda, la integridad territorial, la autodeterminaci\u00f3n y la identidad que es la dominicanidad subrayando la frase en la ONU del presidente Luis Abinader, primer y principal vocero de la naci\u00f3n dominicana: \u201cNo hay, ni habr\u00e1, jam\u00e1s, una soluci\u00f3n dominicana a la crisis de Hait\u00ed\u201d. El programa celebratorio iniciar\u00e1 a las 8:00 de la ma\u00f1ana con la ceremonia c\u00edvico militar dominicanista, en el parque Imbert. Luego, a las 9:00 de la ma\u00f1ana, se realizar\u00e1 un Te Deum &hellip;<\/p>\n","protected":false},"author":1,"featured_media":3134,"comment_status":"open","ping_status":"open","sticky":false,"template":"","format":"standard","meta":{"footnotes":""},"categories":[1],"tags":[100,220],"class_list":["post-3133","post","type-post","status-publish","format-standard","has-post-thumbnail","hentry","category-noticias","tag-noticias","tag-presidencia"],"acf":[],"_links":{"self":[{"href":"https:\/\/reporteoficial.net\/index.php\/wp-json\/wp\/v2\/posts\/3133","targetHints":{"allow":["GET"]}}],"collection":[{"href":"https:\/\/reporteoficial.net\/index.php\/wp-json\/wp\/v2\/posts"}],"about":[{"href":"https:\/\/reporteoficial.net\/index.php\/wp-json\/wp\/v2\/types\/post"}],"author":[{"embeddable":true,"href":"https:\/\/reporteoficial.net\/index.php\/wp-json\/wp\/v2\/users\/1"}],"replies":[{"embeddable":true,"href":"https:\/\/reporteoficial.net\/index.php\/wp-json\/wp\/v2\/comments?post=3133"}],"version-history":[{"count":1,"href":"https:\/\/reporteoficial.net\/index.php\/wp-json\/wp\/v2\/posts\/3133\/revisions"}],"predecessor-version":[{"id":3135,"href":"https:\/\/reporteoficial.net\/index.php\/wp-json\/wp\/v2\/posts\/3133\/revisions\/3135"}],"wp:featuredmedia":[{"embeddable":true,"href":"https:\/\/reporteoficial.net\/index.php\/wp-json\/wp\/v2\/media\/3134"}],"wp:attachment":[{"href":"https:\/\/reporteoficial.net\/index.php\/wp-json\/wp\/v2\/media?parent=3133"}],"wp:term":[{"taxonomy":"category","embeddable":true,"href":"https:\/\/reporteoficial.net\/index.php\/wp-json\/wp\/v2\/categories?post=3133"},{"taxonomy":"post_tag","embeddable":true,"href":"https:\/\/reporteoficial.net\/index.php\/wp-json\/wp\/v2\/tags?post=3133"}],"curies":[{"name":"wp","href":"https:\/\/api.w.org\/{rel}","templated":true}]}}