{"id":2853,"date":"2024-03-18T15:13:19","date_gmt":"2024-03-18T19:13:19","guid":{"rendered":"https:\/\/reporteoficial.net\/?p=2853"},"modified":"2024-03-18T15:13:20","modified_gmt":"2024-03-18T19:13:20","slug":"celebraran-segunda-edicion-del-congreso-mujer-obra-perfecta-de-dios-2024","status":"publish","type":"post","link":"https:\/\/reporteoficial.net\/index.php\/2024\/03\/18\/celebraran-segunda-edicion-del-congreso-mujer-obra-perfecta-de-dios-2024\/","title":{"rendered":"Celebrar\u00e1n segunda edici\u00f3n del \u201cCongreso Mujer, Obra Perfecta de Dios 2024\u201d"},"content":{"rendered":"\n<p>SANTO DOMINGO.- La cantante cristiana cat\u00f3lica Alba Pantale\u00f3n, junto a su ministerio se prepara para celebrar la segunda edici\u00f3n del congreso \u00abMujer, Obra Perfecta de Dios 2024\u201d.<\/p>\n\n\n\n<figure class=\"wp-block-image size-large\"><img fetchpriority=\"high\" decoding=\"async\" width=\"1024\" height=\"1024\" src=\"https:\/\/reporteoficial.net\/wp-content\/uploads\/2024\/03\/Unknown-1-7-1024x1024.jpeg\" alt=\"\" class=\"wp-image-2854\" srcset=\"https:\/\/reporteoficial.net\/wp-content\/uploads\/2024\/03\/Unknown-1-7-1024x1024.jpeg 1024w, https:\/\/reporteoficial.net\/wp-content\/uploads\/2024\/03\/Unknown-1-7-300x300.jpeg 300w, https:\/\/reporteoficial.net\/wp-content\/uploads\/2024\/03\/Unknown-1-7-200x200.jpeg 200w, https:\/\/reporteoficial.net\/wp-content\/uploads\/2024\/03\/Unknown-1-7-768x768.jpeg 768w, https:\/\/reporteoficial.net\/wp-content\/uploads\/2024\/03\/Unknown-1-7-30x30.jpeg 30w, https:\/\/reporteoficial.net\/wp-content\/uploads\/2024\/03\/Unknown-1-7-480x480.jpeg 480w, https:\/\/reporteoficial.net\/wp-content\/uploads\/2024\/03\/Unknown-1-7.jpeg 1440w\" sizes=\"(max-width: 1024px) 100vw, 1024px\" \/><\/figure>\n\n\n\n<p>El evento est\u00e1 programado para el 12 de mayo y se llevar\u00e1 a cabo en el Pabell\u00f3n de la Fama, ubicado en el Centro Ol\u00edmpico Juan Pablo Duarte desde las 08:00 de la ma\u00f1ana hasta las 06:00 de la tarde.<\/p>\n\n\n\n<p>El congreso tiene como prop\u00f3sito resaltar la excelencia en cada mujer, destacando la importancia de la oraci\u00f3n como herramienta para sanar las heridas que pueden impedir comprender su val\u00eda.<\/p>\n\n\n\n<p>La jornada que promete ser \u00fanica, contar\u00e1 con la participaci\u00f3n de artistas y conferencistas que usados por Dios, compartir\u00e1n su talento y abordar\u00e1n tem\u00e1ticas fundamentales para el desarrollo y crecimiento espiritual de cada mujer.<\/p>\n\n\n\n<p>Artistas Invitados:<\/p>\n\n\n\n<ul class=\"wp-block-list\">\n<li>Alba Pantale\u00f3n<\/li>\n\n\n\n<li>Joel Lantigua<\/li>\n\n\n\n<li>Alizber Zapata<\/li>\n\n\n\n<li>Ezequiel El Profeta<\/li>\n<\/ul>\n\n\n\n<p>Conferencistas:<\/p>\n\n\n\n<ul class=\"wp-block-list\">\n<li>Yeimy Portes<\/li>\n\n\n\n<li>Nerys Paulino<\/li>\n\n\n\n<li>Dra. Celia Florentino<\/li>\n<\/ul>\n\n\n\n<p>La participaci\u00f3n en este evento tiene un costo de RD$1,500 por persona e incluye almuerzo y kit del congreso.<\/p>\n\n\n\n<p>Edici\u00f3n 2023<\/p>\n\n\n\n<p>La primera edici\u00f3n del congreso de mujeres celebrado en mayo del a\u00f1o pasado en el mismo lugar, impact\u00f3 a m\u00e1s de ochocientas mujeres que vieron el congreso como una oportunidad para realzar su dignidad y sentirse cada vez m\u00e1s hijas de Dios.<\/p>\n","protected":false},"excerpt":{"rendered":"<p>Alba Pantale\u00f3n, creadora del congreso, busca brindar ayuda espiritual e interceder por cada una de las asistentes.<\/p>\n","protected":false},"author":1,"featured_media":2855,"comment_status":"open","ping_status":"open","sticky":false,"template":"","format":"standard","meta":{"footnotes":""},"categories":[1,4],"tags":[120,100,21],"class_list":["post-2853","post","type-post","status-publish","format-standard","has-post-thumbnail","hentry","category-noticias","category-salud","tag-educacion","tag-noticias","tag-salud"],"acf":[],"_links":{"self":[{"href":"https:\/\/reporteoficial.net\/index.php\/wp-json\/wp\/v2\/posts\/2853","targetHints":{"allow":["GET"]}}],"collection":[{"href":"https:\/\/reporteoficial.net\/index.php\/wp-json\/wp\/v2\/posts"}],"about":[{"href":"https:\/\/reporteoficial.net\/index.php\/wp-json\/wp\/v2\/types\/post"}],"author":[{"embeddable":true,"href":"https:\/\/reporteoficial.net\/index.php\/wp-json\/wp\/v2\/users\/1"}],"replies":[{"embeddable":true,"href":"https:\/\/reporteoficial.net\/index.php\/wp-json\/wp\/v2\/comments?post=2853"}],"version-history":[{"count":1,"href":"https:\/\/reporteoficial.net\/index.php\/wp-json\/wp\/v2\/posts\/2853\/revisions"}],"predecessor-version":[{"id":2856,"href":"https:\/\/reporteoficial.net\/index.php\/wp-json\/wp\/v2\/posts\/2853\/revisions\/2856"}],"wp:featuredmedia":[{"embeddable":true,"href":"https:\/\/reporteoficial.net\/index.php\/wp-json\/wp\/v2\/media\/2855"}],"wp:attachment":[{"href":"https:\/\/reporteoficial.net\/index.php\/wp-json\/wp\/v2\/media?parent=2853"}],"wp:term":[{"taxonomy":"category","embeddable":true,"href":"https:\/\/reporteoficial.net\/index.php\/wp-json\/wp\/v2\/categories?post=2853"},{"taxonomy":"post_tag","embeddable":true,"href":"https:\/\/reporteoficial.net\/index.php\/wp-json\/wp\/v2\/tags?post=2853"}],"curies":[{"name":"wp","href":"https:\/\/api.w.org\/{rel}","templated":true}]}}