{"id":2801,"date":"2024-03-17T09:56:47","date_gmt":"2024-03-17T13:56:47","guid":{"rendered":"https:\/\/reporteoficial.net\/?p=2801"},"modified":"2024-03-17T09:56:48","modified_gmt":"2024-03-17T13:56:48","slug":"dr-milagro-un-drama-de-historias-personales","status":"publish","type":"post","link":"https:\/\/reporteoficial.net\/index.php\/2024\/03\/17\/dr-milagro-un-drama-de-historias-personales\/","title":{"rendered":"Dr. Milagro: Un Drama de Historias Personales"},"content":{"rendered":"\n<p>\u00abAlmas de Guerreros: Llorando y Ri\u00e9ndonos Ante las Adversidades\u00bb<\/p>\n\n\n\n<p>Por . Mario Antonio Lara Valdez<\/p>\n\n\n\n<p>En el coraz\u00f3n de esta historia se encuentra el Dr. Ali Vefa, un recordatorio poderoso de la fuerza interior y la determinaci\u00f3n. Su declaraci\u00f3n, \u00abSoy autista, pero tambi\u00e9n soy un gran doctor que solo busca salvar vidas\u00bb, desaf\u00eda las percepciones limitadas y celebra la diversidad humana.<\/p>\n\n\n\n<figure class=\"wp-block-image size-full\"><img fetchpriority=\"high\" decoding=\"async\" width=\"720\" height=\"414\" src=\"https:\/\/reporteoficial.net\/wp-content\/uploads\/2024\/03\/Unknown-7-5.jpeg\" alt=\"\" class=\"wp-image-2806\" srcset=\"https:\/\/reporteoficial.net\/wp-content\/uploads\/2024\/03\/Unknown-7-5.jpeg 720w, https:\/\/reporteoficial.net\/wp-content\/uploads\/2024\/03\/Unknown-7-5-300x173.jpeg 300w, https:\/\/reporteoficial.net\/wp-content\/uploads\/2024\/03\/Unknown-7-5-200x115.jpeg 200w, https:\/\/reporteoficial.net\/wp-content\/uploads\/2024\/03\/Unknown-7-5-480x276.jpeg 480w\" sizes=\"(max-width: 720px) 100vw, 720px\" \/><\/figure>\n\n\n\n<p>En un segundo plano, el Dr. Ferman emerge como un equilibrio, mientras que el Dr. Adil destaca como el verdadero h\u00e9roe, asumiendo el papel de padre y madre para su hijo despreciado por sus progenitores debido a su condici\u00f3n asi como no comprendido por los demas .<\/p>\n\n\n\n<p>El viaje de estos personajes refleja los desaf\u00edos y bendiciones de dar vida a seres humanos con necesidades especiales, una experiencia marcada por l\u00e1grimas internas y plegarias silenciosas por la supervivencia y la aceptaci\u00f3n.<\/p>\n\n\n\n<p>A trav\u00e9s de encuentros en hogares de acogida y experiencias personales, nos vemos obligados a reflexionar sobre la importancia de la compasi\u00f3n y la empat\u00eda en nuestras vidas.<\/p>\n\n\n\n<p>Si bien el \u00e9xito profesional merece reconocimiento, el verdadero logro radica en convertirse en licenciados de empat\u00eda y maestros del amor al pr\u00f3jimo, dejando una marca perdurable en los corazones que anhelan paz interior.<\/p>\n\n\n\n<p>Desde la infancia hasta la vejez, atravesamos diferentes etapas marcadas por risas, l\u00e1grimas, traumas y, en \u00faltima instancia, amor y compa\u00f1\u00eda en la soledad.<\/p>\n\n\n\n<p>La paternidad se presenta como una oportunidad para formar a las futuras generaciones con amor y valores, prepar\u00e1ndolos para enfrentar el mundo con fuerza y \u200b\u200bdignidad.<\/p>\n\n\n\n<p>En un mundo que puede ser hostil, el legado de estos padres amorosos perdura, impregnando nuestras vidas con la fragancia del s\u00e1ndalo incluso en medio de las espadas que enfrentamos.<\/p>\n\n\n\n<p>Estas producciones logran despertar conciencia ciudadana sobre sobre dramas humanos y condiciones que deben ser expuestos para lograr empat\u00eda.<\/p>\n\n\n\n<p>Mario Antonio Lara Valdez<br>Activista social que busca crear conciencia ciudadana.<\/p>\n\n\n\n<figure class=\"wp-block-image size-full\"><img decoding=\"async\" width=\"719\" height=\"654\" src=\"https:\/\/reporteoficial.net\/wp-content\/uploads\/2024\/03\/Unknown-8-4.jpeg\" alt=\"\" class=\"wp-image-2805\" srcset=\"https:\/\/reporteoficial.net\/wp-content\/uploads\/2024\/03\/Unknown-8-4.jpeg 719w, https:\/\/reporteoficial.net\/wp-content\/uploads\/2024\/03\/Unknown-8-4-300x273.jpeg 300w, https:\/\/reporteoficial.net\/wp-content\/uploads\/2024\/03\/Unknown-8-4-200x182.jpeg 200w, https:\/\/reporteoficial.net\/wp-content\/uploads\/2024\/03\/Unknown-8-4-480x437.jpeg 480w\" sizes=\"(max-width: 719px) 100vw, 719px\" \/><\/figure>\n\n\n\n<p>Instagram<br>@Marioantonio.laravaldez<\/p>\n\n\n\n<p>Twitter X<br>@laravaldez27<\/p>\n","protected":false},"excerpt":{"rendered":"<p>\u00abAlmas de Guerreros: Llorando y Ri\u00e9ndonos Ante las Adversidades\u00bb Por . Mario Antonio Lara Valdez En el coraz\u00f3n de esta historia se encuentra el Dr. Ali Vefa, un recordatorio poderoso de la fuerza interior y la determinaci\u00f3n. Su declaraci\u00f3n, \u00abSoy autista, pero tambi\u00e9n soy un gran doctor que solo busca salvar vidas\u00bb, desaf\u00eda las percepciones limitadas y celebra la diversidad humana. En un segundo plano, el Dr. Ferman emerge como un equilibrio, mientras que el Dr. Adil destaca como el verdadero h\u00e9roe, asumiendo el papel de padre y madre para su hijo despreciado por sus progenitores debido a su condici\u00f3n asi como no comprendido por los demas . El viaje de estos personajes refleja los desaf\u00edos y bendiciones de dar vida a seres humanos con necesidades especiales, una experiencia marcada por l\u00e1grimas internas y plegarias silenciosas por la supervivencia y la aceptaci\u00f3n. A trav\u00e9s de encuentros en hogares de acogida y experiencias personales, nos vemos obligados a reflexionar sobre la importancia de la compasi\u00f3n y la empat\u00eda en nuestras vidas. Si bien el \u00e9xito profesional merece reconocimiento, el verdadero logro radica en convertirse en licenciados de empat\u00eda y maestros del amor al pr\u00f3jimo, dejando una marca perdurable en los corazones &hellip;<\/p>\n","protected":false},"author":1,"featured_media":2804,"comment_status":"open","ping_status":"open","sticky":false,"template":"","format":"standard","meta":{"footnotes":""},"categories":[139,18],"tags":[112,126,101,100],"class_list":["post-2801","post","type-post","status-publish","format-standard","has-post-thumbnail","hentry","category-arte","category-farandula","tag-arte","tag-cine","tag-farandula","tag-noticias"],"acf":[],"_links":{"self":[{"href":"https:\/\/reporteoficial.net\/index.php\/wp-json\/wp\/v2\/posts\/2801","targetHints":{"allow":["GET"]}}],"collection":[{"href":"https:\/\/reporteoficial.net\/index.php\/wp-json\/wp\/v2\/posts"}],"about":[{"href":"https:\/\/reporteoficial.net\/index.php\/wp-json\/wp\/v2\/types\/post"}],"author":[{"embeddable":true,"href":"https:\/\/reporteoficial.net\/index.php\/wp-json\/wp\/v2\/users\/1"}],"replies":[{"embeddable":true,"href":"https:\/\/reporteoficial.net\/index.php\/wp-json\/wp\/v2\/comments?post=2801"}],"version-history":[{"count":1,"href":"https:\/\/reporteoficial.net\/index.php\/wp-json\/wp\/v2\/posts\/2801\/revisions"}],"predecessor-version":[{"id":2807,"href":"https:\/\/reporteoficial.net\/index.php\/wp-json\/wp\/v2\/posts\/2801\/revisions\/2807"}],"wp:featuredmedia":[{"embeddable":true,"href":"https:\/\/reporteoficial.net\/index.php\/wp-json\/wp\/v2\/media\/2804"}],"wp:attachment":[{"href":"https:\/\/reporteoficial.net\/index.php\/wp-json\/wp\/v2\/media?parent=2801"}],"wp:term":[{"taxonomy":"category","embeddable":true,"href":"https:\/\/reporteoficial.net\/index.php\/wp-json\/wp\/v2\/categories?post=2801"},{"taxonomy":"post_tag","embeddable":true,"href":"https:\/\/reporteoficial.net\/index.php\/wp-json\/wp\/v2\/tags?post=2801"}],"curies":[{"name":"wp","href":"https:\/\/api.w.org\/{rel}","templated":true}]}}