{"id":2595,"date":"2024-02-27T17:54:05","date_gmt":"2024-02-27T21:54:05","guid":{"rendered":"https:\/\/reporteoficial.net\/?p=2595"},"modified":"2024-02-27T17:54:06","modified_gmt":"2024-02-27T21:54:06","slug":"ministerio-cristiano-apuesta-por-la-formacion-de-la-ninez-en-valores","status":"publish","type":"post","link":"https:\/\/reporteoficial.net\/index.php\/2024\/02\/27\/ministerio-cristiano-apuesta-por-la-formacion-de-la-ninez-en-valores\/","title":{"rendered":"Ministerio Cristiano apuesta por la formaci\u00f3n de la ni\u00f1ez en valores"},"content":{"rendered":"\n<p>El Ministerio Cristiano de Desarrollo Integral para Ni\u00f1os, Ni\u00f1as y Adolescente (MICDINIA) desde el a\u00f1o 2010 trabaja en favor del desarrollo y formaci\u00f3n de ni\u00f1os en todo el territorio nacional.<\/p>\n\n\n\n<p>A trav\u00e9s de diversas actividades formativas de car\u00e1cter socio-espiritual busca contribuir con el desarrollo f\u00edsico, espiritual, social, intelectual y<br>afectivo de los ni\u00f1os, ni\u00f1as y adolescentes, para satisfacer las necesidades b\u00e1sicas<br>relacionadas con la Fe Cristiana, el Amor y los Valores que aseguren el Fortalecimiento de su Crecimiento y Desarrollo.<\/p>\n\n\n\n<p>Para este 2024 ha definido e implementado un programa general de acciones formativas y l\u00fadicas en favor de las comunidades relacionadas.<\/p>\n\n\n\n<p>Durante los meses siguientes, los directivos del Ministerio tienen como misi\u00f3n seguir trabajando en favor de la ni\u00f1ez, la adolescencia y la familia por lo que invitan a todos los interesados puede contactar llamando o escribiendo al (809)609-1203 o al correo electr\u00f3nico micdinia@gmail.com, para recibir m\u00e1s detalles.<\/p>\n","protected":false},"excerpt":{"rendered":"<p>El Ministerio Cristiano de Desarrollo Integral para Ni\u00f1os, Ni\u00f1as y Adolescente (MICDINIA) desde el a\u00f1o 2010 trabaja en favor del desarrollo y formaci\u00f3n de ni\u00f1os en todo el territorio nacional. A trav\u00e9s de diversas actividades formativas de car\u00e1cter socio-espiritual busca contribuir con el desarrollo f\u00edsico, espiritual, social, intelectual yafectivo de los ni\u00f1os, ni\u00f1as y adolescentes, para satisfacer las necesidades b\u00e1sicasrelacionadas con la Fe Cristiana, el Amor y los Valores que aseguren el Fortalecimiento de su Crecimiento y Desarrollo. Para este 2024 ha definido e implementado un programa general de acciones formativas y l\u00fadicas en favor de las comunidades relacionadas. Durante los meses siguientes, los directivos del Ministerio tienen como misi\u00f3n seguir trabajando en favor de la ni\u00f1ez, la adolescencia y la familia por lo que invitan a todos los interesados puede contactar llamando o escribiendo al (809)609-1203 o al correo electr\u00f3nico micdinia@gmail.com, para recibir m\u00e1s detalles.<\/p>\n","protected":false},"author":1,"featured_media":2596,"comment_status":"open","ping_status":"open","sticky":false,"template":"","format":"standard","meta":{"footnotes":""},"categories":[1],"tags":[149,180,100],"class_list":["post-2595","post","type-post","status-publish","format-standard","has-post-thumbnail","hentry","category-noticias","tag-fundacion","tag-ministerio","tag-noticias"],"acf":[],"_links":{"self":[{"href":"https:\/\/reporteoficial.net\/index.php\/wp-json\/wp\/v2\/posts\/2595","targetHints":{"allow":["GET"]}}],"collection":[{"href":"https:\/\/reporteoficial.net\/index.php\/wp-json\/wp\/v2\/posts"}],"about":[{"href":"https:\/\/reporteoficial.net\/index.php\/wp-json\/wp\/v2\/types\/post"}],"author":[{"embeddable":true,"href":"https:\/\/reporteoficial.net\/index.php\/wp-json\/wp\/v2\/users\/1"}],"replies":[{"embeddable":true,"href":"https:\/\/reporteoficial.net\/index.php\/wp-json\/wp\/v2\/comments?post=2595"}],"version-history":[{"count":1,"href":"https:\/\/reporteoficial.net\/index.php\/wp-json\/wp\/v2\/posts\/2595\/revisions"}],"predecessor-version":[{"id":2597,"href":"https:\/\/reporteoficial.net\/index.php\/wp-json\/wp\/v2\/posts\/2595\/revisions\/2597"}],"wp:featuredmedia":[{"embeddable":true,"href":"https:\/\/reporteoficial.net\/index.php\/wp-json\/wp\/v2\/media\/2596"}],"wp:attachment":[{"href":"https:\/\/reporteoficial.net\/index.php\/wp-json\/wp\/v2\/media?parent=2595"}],"wp:term":[{"taxonomy":"category","embeddable":true,"href":"https:\/\/reporteoficial.net\/index.php\/wp-json\/wp\/v2\/categories?post=2595"},{"taxonomy":"post_tag","embeddable":true,"href":"https:\/\/reporteoficial.net\/index.php\/wp-json\/wp\/v2\/tags?post=2595"}],"curies":[{"name":"wp","href":"https:\/\/api.w.org\/{rel}","templated":true}]}}