{"id":2497,"date":"2024-02-23T09:37:45","date_gmt":"2024-02-23T13:37:45","guid":{"rendered":"https:\/\/reporteoficial.net\/?p=2497"},"modified":"2024-02-23T09:37:45","modified_gmt":"2024-02-23T13:37:45","slug":"secretario-general-de-la-jrm-asegura-juventud-fue-determinante-en-triunfo-del-prm","status":"publish","type":"post","link":"https:\/\/reporteoficial.net\/index.php\/2024\/02\/23\/secretario-general-de-la-jrm-asegura-juventud-fue-determinante-en-triunfo-del-prm\/","title":{"rendered":"Secretario general de la JRM asegura juventud fue determinante en triunfo del PRM"},"content":{"rendered":"\n<p>El secretario general de la Juventud del Partido Revolucionario Moderno (PRM), Joaqu\u00edn Fern\u00e1ndez, asegur\u00f3 que los j\u00f3venes fueron determinantes en la victoria de los candidatos de esa organizaci\u00f3n pol\u00edtica en todo el territorio nacional.<\/p>\n\n\n\n<p>Fern\u00e1ndez asegur\u00f3 que ese segmento de la poblaci\u00f3n \u00abse ha empoderado de la bandera del cambio que lidera el presidente Luis Abinader en el gobierno y ahora han querido que los gobiernos locales tambi\u00e9n sean en su mayor\u00eda del cambio\u00bb.<\/p>\n\n\n\n<p>\u00abLa gran mayor\u00eda de los j\u00f3venes han encontrado espacio y esperanza en nuestro partido. Adem\u00e1s sab\u00edan que nuestros candidatos eran la mejor opci\u00f3n para la municipalidad, por eso hicieron del PRM el gran vencedor en estas elecciones municipales\u00bb, dijo.<\/p>\n\n\n\n<p>En ese sentido, a\u00f1adi\u00f3 que \u00abla juventud dar\u00e1 la victoria a Luis Abinader en mayo. Es un presidente que le ha escuchado, por eso m\u00e1s del 65% de los j\u00f3venes se identifica con \u00e9l, con una gesti\u00f3n que les ha dado muchas oportunidades y un mejor pa\u00eds\u00bb.<\/p>\n","protected":false},"excerpt":{"rendered":"<p>El secretario general de la Juventud del Partido Revolucionario Moderno (PRM), Joaqu\u00edn Fern\u00e1ndez, asegur\u00f3 que los j\u00f3venes fueron determinantes en la victoria de los candidatos de esa organizaci\u00f3n pol\u00edtica en todo el territorio nacional. Fern\u00e1ndez asegur\u00f3 que ese segmento de la poblaci\u00f3n \u00abse ha empoderado de la bandera del cambio que lidera el presidente Luis Abinader en el gobierno y ahora han querido que los gobiernos locales tambi\u00e9n sean en su mayor\u00eda del cambio\u00bb. \u00abLa gran mayor\u00eda de los j\u00f3venes han encontrado espacio y esperanza en nuestro partido. Adem\u00e1s sab\u00edan que nuestros candidatos eran la mejor opci\u00f3n para la municipalidad, por eso hicieron del PRM el gran vencedor en estas elecciones municipales\u00bb, dijo. En ese sentido, a\u00f1adi\u00f3 que \u00abla juventud dar\u00e1 la victoria a Luis Abinader en mayo. Es un presidente que le ha escuchado, por eso m\u00e1s del 65% de los j\u00f3venes se identifica con \u00e9l, con una gesti\u00f3n que les ha dado muchas oportunidades y un mejor pa\u00eds\u00bb.<\/p>\n","protected":false},"author":1,"featured_media":2498,"comment_status":"open","ping_status":"open","sticky":false,"template":"","format":"standard","meta":{"footnotes":""},"categories":[1,140],"tags":[100,125],"class_list":["post-2497","post","type-post","status-publish","format-standard","has-post-thumbnail","hentry","category-noticias","category-politica","tag-noticias","tag-politica"],"acf":[],"_links":{"self":[{"href":"https:\/\/reporteoficial.net\/index.php\/wp-json\/wp\/v2\/posts\/2497","targetHints":{"allow":["GET"]}}],"collection":[{"href":"https:\/\/reporteoficial.net\/index.php\/wp-json\/wp\/v2\/posts"}],"about":[{"href":"https:\/\/reporteoficial.net\/index.php\/wp-json\/wp\/v2\/types\/post"}],"author":[{"embeddable":true,"href":"https:\/\/reporteoficial.net\/index.php\/wp-json\/wp\/v2\/users\/1"}],"replies":[{"embeddable":true,"href":"https:\/\/reporteoficial.net\/index.php\/wp-json\/wp\/v2\/comments?post=2497"}],"version-history":[{"count":1,"href":"https:\/\/reporteoficial.net\/index.php\/wp-json\/wp\/v2\/posts\/2497\/revisions"}],"predecessor-version":[{"id":2499,"href":"https:\/\/reporteoficial.net\/index.php\/wp-json\/wp\/v2\/posts\/2497\/revisions\/2499"}],"wp:featuredmedia":[{"embeddable":true,"href":"https:\/\/reporteoficial.net\/index.php\/wp-json\/wp\/v2\/media\/2498"}],"wp:attachment":[{"href":"https:\/\/reporteoficial.net\/index.php\/wp-json\/wp\/v2\/media?parent=2497"}],"wp:term":[{"taxonomy":"category","embeddable":true,"href":"https:\/\/reporteoficial.net\/index.php\/wp-json\/wp\/v2\/categories?post=2497"},{"taxonomy":"post_tag","embeddable":true,"href":"https:\/\/reporteoficial.net\/index.php\/wp-json\/wp\/v2\/tags?post=2497"}],"curies":[{"name":"wp","href":"https:\/\/api.w.org\/{rel}","templated":true}]}}