{"id":2257,"date":"2024-02-07T20:55:24","date_gmt":"2024-02-08T00:55:24","guid":{"rendered":"https:\/\/reporteoficial.net\/?p=2257"},"modified":"2024-02-07T20:55:24","modified_gmt":"2024-02-08T00:55:24","slug":"encuentro-historico-en-san-jose-de-ocoa-margarita-cedeno-se-reune-con-los-candidatos-de-la-alianza-rescate-rd","status":"publish","type":"post","link":"https:\/\/reporteoficial.net\/index.php\/2024\/02\/07\/encuentro-historico-en-san-jose-de-ocoa-margarita-cedeno-se-reune-con-los-candidatos-de-la-alianza-rescate-rd\/","title":{"rendered":"Encuentro hist\u00f3rico en San Jos\u00e9 de Ocoa: Margarita Cede\u00f1o se re\u00fane con los candidatos de la Alianza Rescate RD"},"content":{"rendered":"\n<p>San Jos\u00e9 de Ocoa.- La ex vicepresidenta de la Rep\u00fablica y miembro del Comit\u00e9 Pol\u00edtico del Partido de la Liberaci\u00f3n Dominicana (PLD), Margarita Cede\u00f1o, protagoniz\u00f3 un encuentro con candidatos y l\u00edderes comunitarios de San Jos\u00e9 de Ocoa.<\/p>\n\n\n\n<p>En este actividad, Cede\u00f1o se reuni\u00f3 con los destacados candidatos de la Alianza Rescate RD, consolidando as\u00ed el compromiso de la alianza con el progreso y bienestar de esta pr\u00f3spera comunidad.<\/p>\n\n\n\n<p>El encuentro, fue una oportunidad importante para que la vicepresidenta dialogara directamente con los candidatos, con el objetivo de apoyar sus propuestas y conocer las preocupaciones en relaci\u00f3n con el desarrollo de San Jos\u00e9 de Ocoa y sus habitantes.<\/p>\n\n\n\n<figure class=\"wp-block-image size-large\"><img fetchpriority=\"high\" decoding=\"async\" width=\"1024\" height=\"819\" src=\"https:\/\/reporteoficial.net\/wp-content\/uploads\/2024\/02\/Unknown-8-3-1024x819.jpeg\" alt=\"\" class=\"wp-image-2259\" srcset=\"https:\/\/reporteoficial.net\/wp-content\/uploads\/2024\/02\/Unknown-8-3-1024x819.jpeg 1024w, https:\/\/reporteoficial.net\/wp-content\/uploads\/2024\/02\/Unknown-8-3-300x240.jpeg 300w, https:\/\/reporteoficial.net\/wp-content\/uploads\/2024\/02\/Unknown-8-3-200x160.jpeg 200w, https:\/\/reporteoficial.net\/wp-content\/uploads\/2024\/02\/Unknown-8-3-768x614.jpeg 768w, https:\/\/reporteoficial.net\/wp-content\/uploads\/2024\/02\/Unknown-8-3-480x384.jpeg 480w, https:\/\/reporteoficial.net\/wp-content\/uploads\/2024\/02\/Unknown-8-3.jpeg 1280w\" sizes=\"(max-width: 1024px) 100vw, 1024px\" \/><\/figure>\n\n\n\n<p>Cede\u00f1o destac\u00f3 la importancia de fortalecer la colaboraci\u00f3n entre los l\u00edderes locales y nacionales para impulsar iniciativas que impulsen el crecimiento econ\u00f3mico, la educaci\u00f3n y el bienestar social en la regi\u00f3n.<br>Asimismo, expres\u00f3 su compromiso continuo con la Alianza Rescate RD y motiv\u00f3 a ejercer el derecho al voto en los pr\u00f3ximos comicios para construir un futuro m\u00e1s pr\u00f3spero y equitativo para todos.<\/p>\n\n\n\n<p>En el encuentro estuvieron presentes la dirigencia del PLD de San Jos\u00e9 de Ocoa encabezada por los presidentes provincial Ram\u00f3n Mord\u00e1n; municipal: Bienvenido Santana, Bartolo Mart\u00ednez, dirigentes del CC F\u00e9lix Estrella, Geovanny Arias, los regidores M\u00e9lido Alcantara, Joaqu\u00edn Bautista, entre otros.<\/p>\n\n\n\n<p>Al igual que particip\u00f3 la candidata a senadora Darys Estrella, as\u00ed como los candidatos a diputados, alcaldes, directores, regidores(as) y vocales de los municipios y distritos municipales como El Naranjal, La Ci\u00e9naga, El Pinar y Nizao-Las Auyamas.<\/p>\n\n\n\n<figure class=\"wp-block-image size-full\"><img decoding=\"async\" width=\"1024\" height=\"1280\" src=\"https:\/\/reporteoficial.net\/wp-content\/uploads\/2024\/02\/Unknown-6-5.jpeg\" alt=\"\" class=\"wp-image-2260\" srcset=\"https:\/\/reporteoficial.net\/wp-content\/uploads\/2024\/02\/Unknown-6-5.jpeg 1024w, https:\/\/reporteoficial.net\/wp-content\/uploads\/2024\/02\/Unknown-6-5-300x375.jpeg 300w, https:\/\/reporteoficial.net\/wp-content\/uploads\/2024\/02\/Unknown-6-5-200x250.jpeg 200w, https:\/\/reporteoficial.net\/wp-content\/uploads\/2024\/02\/Unknown-6-5-768x960.jpeg 768w, https:\/\/reporteoficial.net\/wp-content\/uploads\/2024\/02\/Unknown-6-5-480x600.jpeg 480w\" sizes=\"(max-width: 1024px) 100vw, 1024px\" \/><\/figure>\n\n\n\n<p>Los candidatos de la Alianza Rescate RD agradecieron la presencia de Margarita Cede\u00f1o y reafirmaron su compromiso con las prioridades de la alianza, comprometi\u00e9ndose a trabajar incansablemente por el bienestar de San Jos\u00e9 de Ocoa y sus residentes.<\/p>\n","protected":false},"excerpt":{"rendered":"<p>San Jos\u00e9 de Ocoa.- La ex vicepresidenta de la Rep\u00fablica y miembro del Comit\u00e9 Pol\u00edtico del Partido de la Liberaci\u00f3n Dominicana (PLD), Margarita Cede\u00f1o, protagoniz\u00f3 un encuentro con candidatos y l\u00edderes comunitarios de San Jos\u00e9 de Ocoa. En este actividad, Cede\u00f1o se reuni\u00f3 con los destacados candidatos de la Alianza Rescate RD, consolidando as\u00ed el compromiso de la alianza con el progreso y bienestar de esta pr\u00f3spera comunidad. El encuentro, fue una oportunidad importante para que la vicepresidenta dialogara directamente con los candidatos, con el objetivo de apoyar sus propuestas y conocer las preocupaciones en relaci\u00f3n con el desarrollo de San Jos\u00e9 de Ocoa y sus habitantes. Cede\u00f1o destac\u00f3 la importancia de fortalecer la colaboraci\u00f3n entre los l\u00edderes locales y nacionales para impulsar iniciativas que impulsen el crecimiento econ\u00f3mico, la educaci\u00f3n y el bienestar social en la regi\u00f3n.Asimismo, expres\u00f3 su compromiso continuo con la Alianza Rescate RD y motiv\u00f3 a ejercer el derecho al voto en los pr\u00f3ximos comicios para construir un futuro m\u00e1s pr\u00f3spero y equitativo para todos. En el encuentro estuvieron presentes la dirigencia del PLD de San Jos\u00e9 de Ocoa encabezada por los presidentes provincial Ram\u00f3n Mord\u00e1n; municipal: Bienvenido Santana, Bartolo Mart\u00ednez, dirigentes del CC F\u00e9lix Estrella, &hellip;<\/p>\n","protected":false},"author":1,"featured_media":2258,"comment_status":"open","ping_status":"open","sticky":false,"template":"","format":"standard","meta":{"footnotes":""},"categories":[140],"tags":[100,125],"class_list":["post-2257","post","type-post","status-publish","format-standard","has-post-thumbnail","hentry","category-politica","tag-noticias","tag-politica"],"acf":[],"_links":{"self":[{"href":"https:\/\/reporteoficial.net\/index.php\/wp-json\/wp\/v2\/posts\/2257","targetHints":{"allow":["GET"]}}],"collection":[{"href":"https:\/\/reporteoficial.net\/index.php\/wp-json\/wp\/v2\/posts"}],"about":[{"href":"https:\/\/reporteoficial.net\/index.php\/wp-json\/wp\/v2\/types\/post"}],"author":[{"embeddable":true,"href":"https:\/\/reporteoficial.net\/index.php\/wp-json\/wp\/v2\/users\/1"}],"replies":[{"embeddable":true,"href":"https:\/\/reporteoficial.net\/index.php\/wp-json\/wp\/v2\/comments?post=2257"}],"version-history":[{"count":1,"href":"https:\/\/reporteoficial.net\/index.php\/wp-json\/wp\/v2\/posts\/2257\/revisions"}],"predecessor-version":[{"id":2261,"href":"https:\/\/reporteoficial.net\/index.php\/wp-json\/wp\/v2\/posts\/2257\/revisions\/2261"}],"wp:featuredmedia":[{"embeddable":true,"href":"https:\/\/reporteoficial.net\/index.php\/wp-json\/wp\/v2\/media\/2258"}],"wp:attachment":[{"href":"https:\/\/reporteoficial.net\/index.php\/wp-json\/wp\/v2\/media?parent=2257"}],"wp:term":[{"taxonomy":"category","embeddable":true,"href":"https:\/\/reporteoficial.net\/index.php\/wp-json\/wp\/v2\/categories?post=2257"},{"taxonomy":"post_tag","embeddable":true,"href":"https:\/\/reporteoficial.net\/index.php\/wp-json\/wp\/v2\/tags?post=2257"}],"curies":[{"name":"wp","href":"https:\/\/api.w.org\/{rel}","templated":true}]}}