{"id":2084,"date":"2024-02-01T05:48:28","date_gmt":"2024-02-01T09:48:28","guid":{"rendered":"https:\/\/reporteoficial.net\/?p=2084"},"modified":"2024-02-01T06:29:51","modified_gmt":"2024-02-01T10:29:51","slug":"jovenes-de-la-fuerza-del-pueblo-celebran-dia-nacional-de-la-juventud","status":"publish","type":"post","link":"https:\/\/reporteoficial.net\/index.php\/2024\/02\/01\/jovenes-de-la-fuerza-del-pueblo-celebran-dia-nacional-de-la-juventud\/","title":{"rendered":"J\u00f3venes de la Fuerza del Pueblo celebran \u00abD\u00eda Nacional de la Juventud\u00bb"},"content":{"rendered":"\n<p>Santo Domingo. &#8211; En ocasi\u00f3n de celebrar como cada 31 de enero, el D\u00eda Nacional de la Juventud, en honor al sacerdote, educador y escritor San Juan Bosco, los j\u00f3venes de la Fuerza del Pueblo, hicieron acto de presencia en el Altar de la Patria, dejando all\u00ed una ofrenda floral en agradecimiento tambi\u00e9n a nuestros patricios y primeros ejemplares de la Rep\u00fablica Dominicana.<\/p>\n\n\n\n<p>El acto estuvo encabezado por el Coordinador Nacional de la Juventud, Luis Graveley, quien a su vez record\u00f3 el sacrificio joven llevado a cabo por Juan Pablo Duarte, Mat\u00edas Ram\u00f3n Mella, Francisco del Rosario S\u00e1nchez, Luper\u00f3n, las hermanas Mirabal y los h\u00e9roes del 14 de junio.<\/p>\n\n\n\n<figure class=\"wp-block-image size-large\"><img fetchpriority=\"high\" decoding=\"async\" width=\"1024\" height=\"683\" src=\"https:\/\/reporteoficial.net\/wp-content\/uploads\/2024\/02\/Unknown-6-1024x683.jpeg\" alt=\"\" class=\"wp-image-2086\" srcset=\"https:\/\/reporteoficial.net\/wp-content\/uploads\/2024\/02\/Unknown-6-1024x683.jpeg 1024w, https:\/\/reporteoficial.net\/wp-content\/uploads\/2024\/02\/Unknown-6-300x200.jpeg 300w, https:\/\/reporteoficial.net\/wp-content\/uploads\/2024\/02\/Unknown-6-200x133.jpeg 200w, https:\/\/reporteoficial.net\/wp-content\/uploads\/2024\/02\/Unknown-6-768x512.jpeg 768w, https:\/\/reporteoficial.net\/wp-content\/uploads\/2024\/02\/Unknown-6-480x320.jpeg 480w, https:\/\/reporteoficial.net\/wp-content\/uploads\/2024\/02\/Unknown-6.jpeg 1080w\" sizes=\"(max-width: 1024px) 100vw, 1024px\" \/><\/figure>\n\n\n\n<p>\u00abLa juventud de la Fuerza del Pueblo, se re\u00fane en este Altar de la Patria, en honor a San Juan Bosco, y a nuestros padres de la Patria, quienes juntos a otros trinitarios dejaron un legado que representa eternamente valentia y entusiasmo\u00bb.<\/p>\n\n\n\n<p>\u00abLos j\u00f3venes de la Fuerza del Pueblo, debemos sentirnos orgullosos de pertener a un partido como este, que nos ha abierto las puertas y acogido como uno de los entes principales, adem\u00e1s honrados de contar con una persona que siempre ha trabajado para la juventud dominicana y que en cada uno de sus gobiernos ha dejado plasmado su visi\u00f3n de l\u00edder en beneficio de los j\u00f3venes como es el Dr. Leonel Fern\u00e1ndez\u00bb, concluy\u00f3 Graveley.<\/p>\n\n\n\n<p>En cuanto que el ex ministro de la juventud y actual senador por San Crist\u00f3bal, Franklin Rodr\u00edguez, destac\u00f3 el compromiso que siempre ha manifestado el presidente de la FP, con y para la juventud dominicana, haciendo \u00e9nfasis en la ideolog\u00eda, percepci\u00f3n e inter\u00e9s que en cada mandato ha puesto para el desarrollo de la misma.<\/p>\n\n\n\n<p>\u00abEn los gobiernos de Leonel Fern\u00e1ndez, la juventud se sent\u00eda representada, respaldada, tambi\u00e9n a nivel gubernamental, por mi y el presidente Fern\u00e1ndez, fue una gesti\u00f3n de buen referente para la juventud\u00bb, declar\u00f3 el tambi\u00e9n miembro de la Direcci\u00f3n Politica del partido verde.<\/p>\n\n\n\n<p>Este solemne acto tambi\u00e9n cont\u00f3 con la presencia del Coordinador Nacional de Campa\u00f1a, Rub\u00e9n Maldonado, los vicesecretarios de la juventud, los presidentes regionales y municipales de esta organizaci\u00f3n pol\u00edtica.<\/p>\n\n\n\n<p>La juventud FP, concluir\u00e1 este d\u00eda con diversos actos culturales y un programa especial dedicado a todos los j\u00f3venes de la Rep\u00fablica Dominicana.<\/p>\n","protected":false},"excerpt":{"rendered":"<p>En los gobiernos de Leonel Fern\u00e1ndez, la juventud se sent\u00eda representada, respaldada, fue una gesti\u00f3n de buen referente.<\/p>\n","protected":false},"author":1,"featured_media":2085,"comment_status":"open","ping_status":"open","sticky":false,"template":"","format":"standard","meta":{"footnotes":""},"categories":[1,140],"tags":[100,144],"class_list":["post-2084","post","type-post","status-publish","format-standard","has-post-thumbnail","hentry","category-noticias","category-politica","tag-noticias","tag-politica-2"],"acf":[],"_links":{"self":[{"href":"https:\/\/reporteoficial.net\/index.php\/wp-json\/wp\/v2\/posts\/2084","targetHints":{"allow":["GET"]}}],"collection":[{"href":"https:\/\/reporteoficial.net\/index.php\/wp-json\/wp\/v2\/posts"}],"about":[{"href":"https:\/\/reporteoficial.net\/index.php\/wp-json\/wp\/v2\/types\/post"}],"author":[{"embeddable":true,"href":"https:\/\/reporteoficial.net\/index.php\/wp-json\/wp\/v2\/users\/1"}],"replies":[{"embeddable":true,"href":"https:\/\/reporteoficial.net\/index.php\/wp-json\/wp\/v2\/comments?post=2084"}],"version-history":[{"count":2,"href":"https:\/\/reporteoficial.net\/index.php\/wp-json\/wp\/v2\/posts\/2084\/revisions"}],"predecessor-version":[{"id":2099,"href":"https:\/\/reporteoficial.net\/index.php\/wp-json\/wp\/v2\/posts\/2084\/revisions\/2099"}],"wp:featuredmedia":[{"embeddable":true,"href":"https:\/\/reporteoficial.net\/index.php\/wp-json\/wp\/v2\/media\/2085"}],"wp:attachment":[{"href":"https:\/\/reporteoficial.net\/index.php\/wp-json\/wp\/v2\/media?parent=2084"}],"wp:term":[{"taxonomy":"category","embeddable":true,"href":"https:\/\/reporteoficial.net\/index.php\/wp-json\/wp\/v2\/categories?post=2084"},{"taxonomy":"post_tag","embeddable":true,"href":"https:\/\/reporteoficial.net\/index.php\/wp-json\/wp\/v2\/tags?post=2084"}],"curies":[{"name":"wp","href":"https:\/\/api.w.org\/{rel}","templated":true}]}}