{"id":2000,"date":"2024-01-29T21:40:50","date_gmt":"2024-01-30T01:40:50","guid":{"rendered":"https:\/\/reporteoficial.net\/?p=2000"},"modified":"2024-01-29T21:40:50","modified_gmt":"2024-01-30T01:40:50","slug":"estrellas-del-este-celebracion-anual-por-motivo-al-dia-nacional-de-la-juventud","status":"publish","type":"post","link":"https:\/\/reporteoficial.net\/index.php\/2024\/01\/29\/estrellas-del-este-celebracion-anual-por-motivo-al-dia-nacional-de-la-juventud\/","title":{"rendered":"ESTRELLAS DEL ESTE, celebraci\u00f3n Anual por motivo al d\u00eda Nacional De La Juventud."},"content":{"rendered":"\n<p><\/p>\n\n\n\n<p>La Romana. Cada a\u00f1o Celebramos con alegr\u00eda por 8 a\u00f1o consecutivo, Estrellas del Este; un proyecto que, ha venido desarrollando su presidente y fundador Henry Rijo.<\/p>\n\n\n\n<p>Se reconocieron este s\u00e1bado a j\u00f3venes talentos destacados de esta provincia, con el objetivo de seguir fomentando buenos valores, y seguir motivando de manera positiva a nuestra generaci\u00f3n.<\/p>\n\n\n\n<p>Con motivo al \u201cD\u00eda Nacional de la Juventud\u201d y como ya es costumbre, esta premiaci\u00f3n reconoce a aquellos talentos de La Romana y todo el este que se han destacado en diversas disciplinas.<\/p>\n\n\n\n<p>El evento se realiz\u00f3 en DIVINO RESTAURANTE la cual agradecemos intensamente el apoyo!<\/p>\n\n\n\n<p>A nuestras personalidades invitadas:<br>@eduardespiritusanto @vanderhorst21 @liddykiatyrd @trinaangomas @ricardoproductions @federicoguerrero_fp @darwintejada @abraynijose @perezplutarco @divino_winebarlr @funtage @wilsonbass @amarilissantanalr @jacquelinefernandezrd<br>Gracias a Dios y a todos ustedes esto fue posible!<\/p>\n\n\n\n<p>@proyectohenry1 @Henryy_TV<\/p>\n","protected":false},"excerpt":{"rendered":"<p>La Romana. Cada a\u00f1o Celebramos con alegr\u00eda por 8 a\u00f1o consecutivo, Estrellas del Este; un proyecto que, ha venido desarrollando su presidente y fundador Henry Rijo. Se reconocieron este s\u00e1bado a j\u00f3venes talentos destacados de esta provincia, con el objetivo de seguir fomentando buenos valores, y seguir motivando de manera positiva a nuestra generaci\u00f3n. Con motivo al \u201cD\u00eda Nacional de la Juventud\u201d y como ya es costumbre, esta premiaci\u00f3n reconoce a aquellos talentos de La Romana y todo el este que se han destacado en diversas disciplinas. El evento se realiz\u00f3 en DIVINO RESTAURANTE la cual agradecemos intensamente el apoyo! A nuestras personalidades invitadas:@eduardespiritusanto @vanderhorst21 @liddykiatyrd @trinaangomas @ricardoproductions @federicoguerrero_fp @darwintejada @abraynijose @perezplutarco @divino_winebarlr @funtage @wilsonbass @amarilissantanalr @jacquelinefernandezrdGracias a Dios y a todos ustedes esto fue posible! @proyectohenry1 @Henryy_TV<\/p>\n","protected":false},"author":1,"featured_media":2001,"comment_status":"open","ping_status":"open","sticky":false,"template":"","format":"standard","meta":{"footnotes":""},"categories":[1],"tags":[100],"class_list":["post-2000","post","type-post","status-publish","format-standard","has-post-thumbnail","hentry","category-noticias","tag-noticias"],"acf":[],"_links":{"self":[{"href":"https:\/\/reporteoficial.net\/index.php\/wp-json\/wp\/v2\/posts\/2000","targetHints":{"allow":["GET"]}}],"collection":[{"href":"https:\/\/reporteoficial.net\/index.php\/wp-json\/wp\/v2\/posts"}],"about":[{"href":"https:\/\/reporteoficial.net\/index.php\/wp-json\/wp\/v2\/types\/post"}],"author":[{"embeddable":true,"href":"https:\/\/reporteoficial.net\/index.php\/wp-json\/wp\/v2\/users\/1"}],"replies":[{"embeddable":true,"href":"https:\/\/reporteoficial.net\/index.php\/wp-json\/wp\/v2\/comments?post=2000"}],"version-history":[{"count":1,"href":"https:\/\/reporteoficial.net\/index.php\/wp-json\/wp\/v2\/posts\/2000\/revisions"}],"predecessor-version":[{"id":2002,"href":"https:\/\/reporteoficial.net\/index.php\/wp-json\/wp\/v2\/posts\/2000\/revisions\/2002"}],"wp:featuredmedia":[{"embeddable":true,"href":"https:\/\/reporteoficial.net\/index.php\/wp-json\/wp\/v2\/media\/2001"}],"wp:attachment":[{"href":"https:\/\/reporteoficial.net\/index.php\/wp-json\/wp\/v2\/media?parent=2000"}],"wp:term":[{"taxonomy":"category","embeddable":true,"href":"https:\/\/reporteoficial.net\/index.php\/wp-json\/wp\/v2\/categories?post=2000"},{"taxonomy":"post_tag","embeddable":true,"href":"https:\/\/reporteoficial.net\/index.php\/wp-json\/wp\/v2\/tags?post=2000"}],"curies":[{"name":"wp","href":"https:\/\/api.w.org\/{rel}","templated":true}]}}